{"id":30197,"date":"2019-04-06T09:36:38","date_gmt":"2019-04-06T07:36:38","guid":{"rendered":"http:\/\/miradordeatarfe.es\/?p=30197"},"modified":"2019-04-04T13:41:11","modified_gmt":"2019-04-04T11:41:11","slug":"la-junta-promete-guarderias-gratis-en-2022-pero-les-sube-el-precio-en-2019","status":"publish","type":"post","link":"https:\/\/miradordeatarfe.es\/?p=30197","title":{"rendered":"La Junta promete guarder\u00edas gratis en 2022, pero les sube el precio en 2019"},"content":{"rendered":"\n<h4 class=\"wp-block-heading\">Imbroda aumenta el precio por plaza escolar de 0 a 3 a\u00f1os, congelado  en 278 euros desde hace 10 a\u00f1os, pero aspira \u201ca la gratuidad total al  final de la legislatura\u201d<\/h4>\n\n\n\n<p>Aunque no fueron dram\u00e1ticos, pas\u00f3 ciertos apuros el consejero <strong>Javier Imbroda<\/strong>\n este mediod\u00eda para contestar con coherencia a la inc\u00f3moda&nbsp;pregunta&nbsp;del \nredactor de eldiario.es Daniel Cela sobre la contradicci\u00f3n que existe \nentre promover, por un lado, una ley de apoyo a las familias y decidir, \npor otro, el incremento del precio por plaza que pagan las familias en \nlas escuelas infantiles concertadas, el denominado <strong>Primer Ciclo de Educaci\u00f3n Infantil<\/strong>, de 0 a 3 a\u00f1os.<\/p>\n\n\n\n<p>En la rueda de prensa posterior al Consejo de Gobierno, el titular de\n Educaci\u00f3n explic\u00f3 que el precio de una plaza con comedor est\u00e1 <strong>congelado en 277,88 euros<\/strong>&nbsp;al\n mes desde hace una d\u00e9cada, por lo que su departamento hab\u00eda decidido \nsubir ese precio para no poner en riesgo el empleo y la viabilidad de \nlas empresas del sector.<\/p>\n\n\n\n<h3 class=\"wp-block-heading\">Algunos interrogantes<\/h3>\n\n\n\n<p>La subida entrar\u00e1 <strong>en vigor en el curso 2019\/2020<\/strong>, \naunque Imbroda no supo cifrar la cuant\u00eda de la subida, que en todo caso \nno afectar\u00e1 al 44 por ciento de las familias que actualmente tienen \nsubvencionado el cien por cien del importe. Hay otro porcentaje similar \ncon diversas <strong>bonificaciones<\/strong> en funci\u00f3n de la renta y otros factores y, finalmente, un 12 por ciento que s\u00ed paga el precio completo.<\/p>\n\n\n\n<p>A este 56 por ciento que suman estos dos \u00faltimos bloques de padres s\u00ed\n les afectar\u00eda en mayor o menor medida la subida anunciada y no \nconcretada, aunque Imbroda <strong>no dio detalles<\/strong> al respecto.\n Es m\u00e1s, cuando el periodista intent\u00f3 que el consejero se lo explicara, \neste dijo, algo remol\u00f3n, que no entend\u00eda&nbsp;bien lo que le estaba \npreguntando. S\u00ed subray\u00f3, en cambio, este mensaje:&nbsp;\u201cAspiramos a la <strong>gratuidad total<\/strong> en esta legislatura\u201d del Primer ciclo de Educaci\u00f3n Infantil.<\/p>\n\n\n\n<p>Imbroda justific\u00f3 la decisi\u00f3n en que \u201cal subir el precio de la plaza evitaremos que haya una <strong>destrucci\u00f3n masiva<\/strong> de empleo en el sector\u201d, cuyos interlocutores le hab\u00edan trasladado la urgencia de descongelar las actuales tasas.<\/p>\n\n\n\n<h3 class=\"wp-block-heading\">Otros datos<\/h3>\n\n\n\n<p>Seg\u00fan informa la Oficina del Portavoz del Gobierno, en el curso 2019-20 Andaluc\u00eda contar\u00e1 con un total de&nbsp;<strong>118.804 puestos escolares <\/strong>sostenidos\n con fondos p\u00fablicos, con un aumento de 4.176 plazas respecto al actual y\n 2.024 centros, entre los que son de titularidad de la Junta y los \ncentros y escuelas adheridos al programa. El&nbsp;<strong>\u00edndice de cobertura educativa <\/strong>de\n la poblaci\u00f3n infantil de primer ciclo se sit\u00faa en el 48,57 %, muy por \nencima de la tasa del 33 % marcada por la Estrategia 2020 de la Uni\u00f3n \nEuropea.<\/p>\n\n\n\n<p>En el pr\u00f3ximo curso, 1.460 colegios ofrecer\u00e1n el <strong>servicio de aula matinal <\/strong>en\n horario de lunes a viernes entre las 7.30 horas y las 9.00 horas, y \n1.938 centros dispondr\u00e1n de comedor escolar con duraci\u00f3n de hasta dos \nhoras a partir del t\u00e9rmino de la actividad lectiva de la ma\u00f1ana.<\/p>\n\n\n\n<p>La detallada informaci\u00f3n oficial tampoco precisaba\u00a0el incremento  futuro. \u00abLo estamos analizando\u00bb, hab\u00eda dicho el consejero en su  comparecencia.<\/p>\n\n\n\n<p>FOTO:  Javier Imbroda (Ciudadanos), consejero de Educaci\u00f3n.                                      <\/p>\n\n\n\n<p><a href=\"https:\/\/www.elplural.com\/autonomias\/andalucia\/la-junta-promete-guarderias-gratis-en-2022-pero-les-sube-el-precio-en-2019_213750102\">https:\/\/www.elplural.com\/autonomias\/andalucia\/la-junta-promete-guarderias-gratis-en-2022-pero-les-sube-el-precio-en-2019_213750102<\/a><\/p>\n","protected":false},"excerpt":{"rendered":"<p>Imbroda aumenta el precio por plaza escolar de 0 a 3 a\u00f1os, congelado en 278&#8230;<\/p>\n","protected":false},"author":1,"featured_media":30198,"comment_status":"closed","ping_status":"closed","sticky":false,"template":"","format":"standard","meta":{"_coblocks_attr":"","_coblocks_dimensions":"","_coblocks_responsive_height":"","_coblocks_accordion_ie_support":"","jetpack_post_was_ever_published":false,"_jetpack_newsletter_access":"","_jetpack_dont_email_post_to_subs":false,"_jetpack_newsletter_tier_id":0,"_jetpack_memberships_contains_paywalled_content":false,"_jetpack_memberships_contains_paid_content":false,"footnotes":"","jetpack_publicize_message":"","jetpack_publicize_feature_enabled":true,"jetpack_social_post_already_shared":false,"jetpack_social_options":{"image_generator_settings":{"template":"highway","default_image_id":0,"enabled":false},"version":2}},"categories":[187,1161,44,15],"tags":[27,5878],"class_list":["post-30197","post","type-post","status-publish","format-standard","has-post-thumbnail","hentry","category-centros-educativos","category-ciudadania","category-noticias-de-hoy","category-ultimas-noticias","tag-educacion","tag-escuelas-infantiles"],"jetpack_publicize_connections":[],"jetpack_featured_media_url":"https:\/\/i0.wp.com\/miradordeatarfe.es\/wp-content\/uploads\/2019\/04\/javier-imbroda_4_800x450.jpeg?fit=800%2C450&ssl=1","jetpack_likes_enabled":true,"jetpack_sharing_enabled":true,"_links":{"self":[{"href":"https:\/\/miradordeatarfe.es\/index.php?rest_route=\/wp\/v2\/posts\/30197","targetHints":{"allow":["GET"]}}],"collection":[{"href":"https:\/\/miradordeatarfe.es\/index.php?rest_route=\/wp\/v2\/posts"}],"about":[{"href":"https:\/\/miradordeatarfe.es\/index.php?rest_route=\/wp\/v2\/types\/post"}],"author":[{"embeddable":true,"href":"https:\/\/miradordeatarfe.es\/index.php?rest_route=\/wp\/v2\/users\/1"}],"replies":[{"embeddable":true,"href":"https:\/\/miradordeatarfe.es\/index.php?rest_route=%2Fwp%2Fv2%2Fcomments&post=30197"}],"version-history":[{"count":1,"href":"https:\/\/miradordeatarfe.es\/index.php?rest_route=\/wp\/v2\/posts\/30197\/revisions"}],"predecessor-version":[{"id":30199,"href":"https:\/\/miradordeatarfe.es\/index.php?rest_route=\/wp\/v2\/posts\/30197\/revisions\/30199"}],"wp:featuredmedia":[{"embeddable":true,"href":"https:\/\/miradordeatarfe.es\/index.php?rest_route=\/wp\/v2\/media\/30198"}],"wp:attachment":[{"href":"https:\/\/miradordeatarfe.es\/index.php?rest_route=%2Fwp%2Fv2%2Fmedia&parent=30197"}],"wp:term":[{"taxonomy":"category","embeddable":true,"href":"https:\/\/miradordeatarfe.es\/index.php?rest_route=%2Fwp%2Fv2%2Fcategories&post=30197"},{"taxonomy":"post_tag","embeddable":true,"href":"https:\/\/miradordeatarfe.es\/index.php?rest_route=%2Fwp%2Fv2%2Ftags&post=30197"}],"curies":[{"name":"wp","href":"https:\/\/api.w.org\/{rel}","templated":true}]}}