{"id":30266,"date":"2019-04-08T11:22:01","date_gmt":"2019-04-08T09:22:01","guid":{"rendered":"http:\/\/miradordeatarfe.es\/?p=30266"},"modified":"2019-12-28T12:32:05","modified_gmt":"2019-12-28T11:32:05","slug":"gala-de-apiema-por-jose-enrique-granados","status":"publish","type":"post","link":"https:\/\/miradordeatarfe.es\/?p=30266","title":{"rendered":"GALA DE APIEMA por Jos\u00e9 Enrique Granados"},"content":{"rendered":"\n<p>\u201cGracias a la vida que me ha dado tanto;<br> me ha dado la risa y me ha dado el llanto;<br> as\u00ed yo distingo dicha de quebranto,<br> los dos materiales que forman mi canto,<br> y el canto de ustedes que es mi propio canto,<br> y el canto de todos que es mi propio canto\u201d. <\/p>\n\n\n\n<p> Gracias a la vida que me ha dado tanto. (Violeta Parra)<\/p>\n\n\n\n<p>\n Vaya fin de semana de reconocimientos que he tenido: el viernes tarde, \nAPIEMA me entreg\u00f3 una placa \u201cpor mi contribuci\u00f3n altruista, para \nconservar y difundir la historia, el patrimonio natural y cultural de \nnuestro pueblo Atarfe\u201d y el s\u00e1bado en GRANADA HOY, en la serie de \nart\u00edculos titulada \u201cSierra Nevada paisaje y paisanaje\u201d, el autor, \nIgnacio Henares hizo un magistral repaso a mi vida profesional en el \ncampo de la investigaci\u00f3n y gesti\u00f3n de los ungulados en Sierra Nevada, \nen concreto la cabra mont\u00e9s.<\/p>\n\n\n\n<p> Y ha sido en vida y es digno de \nagradecer ya que en este pa\u00eds nuestro las evocaciones tienen lugar \ncuando el homenajeado se ha \u201cmaullao\u201d (toquemos madera) \u2026.<\/p>\n\n\n\n<p> Pero \nrealmente el objetivo de la gacetilla de hoy es efectuar una cr\u00edtica a \nnuestra sociedad, a nuestra comunidad, a nuestro pueblo. Y es que no es \nde recibo que en la gala del pasado viernes, APIEMA no encontrara el \nrespaldo que esta asociaci\u00f3n merece. No puede quedar un auditorio como \nes el Medina Elvira, ante una convocatoria de este tipo, semivac\u00edo. \nHab\u00eda programado un espect\u00e1culo en donde grupos locales como son las \nagrupaciones carnavalescas (\u201cLa Raja Santa\u201d, \u201cLas Mantis Religiosas\u201d o \n\u201cNos ha tocao la china\u201d\u201d) el grupo Azalea de \u201cGran\u00e1\u201d, el cantautor \nV\u00edctor Rajoy acompa\u00f1ado de L\u00e1zaro, el grupo de ensemble as\u00ed como el de \nteatro de la Asociaci\u00f3n art\u00edstica y cultural \u201cCiudad de Atarfe\u201d dieron \nlo mejor de s\u00ed para divertir a una exigua e insuficiente concurrencia. \nEn la gala se reconoc\u00eda tambi\u00e9n la labor de Manolo Sierra, por su labor \neducativa o a la chirigota \u201cla Raja Santa\u201d por sus 20 a\u00f1os de \nexistencia.<\/p>\n\n\n\n<p> Debemos responder a estos eventos llenando la sala, \nno una sino tres veces, adquiriendo entradas en la fila 0, devolviendo \nen parte la gratitud a la labor desinteresada que d\u00eda a d\u00eda realizan los\n socios y voluntarios de esta gran asociaci\u00f3n local. <\/p>\n\n\n\n<p> APIEMA, \n\u201cAsociaci\u00f3n para la integraci\u00f3n de enfermos y minusv\u00e1lidos de Atarfe\u201d \nlleva desde el a\u00f1o 1993 trabajando con personas enfermas y con otras \ncapacidades, desarrollando programas y proyectos de accesibilidad, \nformaci\u00f3n, empleo, educaci\u00f3n, ocio y tiempo libre, comunicaci\u00f3n\u2026\u2026.<\/p>\n\n\n\n<p>\n Debemos como pueblo hacer nuestra la finalidad de esta asociaci\u00f3n: \n\u201cContribuir a la promoci\u00f3n e integraci\u00f3n de las personas enfermas y \ndiscapacitadas, a trav\u00e9s de actuaciones destinadas a la mejora de su \ncalidad de vida, y reforzando la concienciaci\u00f3n de la sociedad sobre \nesta necesidad \u201c.<\/p>\n\n\n\n<p> O como bien han cantado este a\u00f1o las monjas de \nese convento singular y tan atarfe\u00f1o como es el que forman las hermanas \nde la Raja Santa:<\/p>\n\n\n\n<p> \u201cSe despierta cada d\u00eda, me empieza a abrazar, \nme hace mil caricias. De la cama a su silla, no puede ni andar, pero \nella est\u00e1 feliz. Quince a\u00f1os me cumple ahora en febrero, y casi no me \npuede ni hablar. Tuvo en el parto un problema, se nos cay\u00f3 el mundo, \npero doy las gracias por que ella aqu\u00ed est\u00e1. Pena yo no tengo, a mi me \nsobra la felicidad, todos los d\u00edas sale pal cole, a mi me llena de \nalegr\u00eda. Me trae dibujos, me hace anillos, viene con flores. Todo a m\u00ed \nme parece lo m\u00e1s bonito de esta vida, que, aunque viva de otra manera, \nella s\u00f3lo es una ni\u00f1a. Y que ella sea feliz yo se lo debo, a todas esas \npersonas que me ayudan, a ese Paco y esa Fina que hace a\u00f1os, hicieron mi\n pena suya. Gracias, muchas gracias, que sin vosotros que hubiese hecho \nyo, llevo APIEMA en mi coraz\u00f3n\u201d.<\/p>\n\n\n\n<p> Curiosidades elvirenses.<\/p>\n","protected":false},"excerpt":{"rendered":"<p>\u201cGracias a la vida que me ha dado tanto; me ha dado la risa y&#8230;<\/p>\n","protected":false},"author":1,"featured_media":30267,"comment_status":"closed","ping_status":"closed","sticky":false,"template":"","format":"standard","meta":{"_coblocks_attr":"","_coblocks_dimensions":"","_coblocks_responsive_height":"","_coblocks_accordion_ie_support":"","jetpack_post_was_ever_published":false,"_jetpack_newsletter_access":"","_jetpack_dont_email_post_to_subs":false,"_jetpack_newsletter_tier_id":0,"_jetpack_memberships_contains_paywalled_content":false,"_jetpack_memberships_contains_paid_content":false,"footnotes":"","jetpack_publicize_message":"","jetpack_publicize_feature_enabled":true,"jetpack_social_post_already_shared":false,"jetpack_social_options":{"image_generator_settings":{"template":"highway","default_image_id":0,"enabled":false},"version":2}},"categories":[2,1161,186,38,9,44,15],"tags":[2222,5893,4082],"class_list":["post-30266","post","type-post","status-publish","format-standard","has-post-thumbnail","hentry","category-atarfe","category-ciudadania","category-instituciones","category-opinion-de-jose-enrique-granados","category-medio-ambiente","category-noticias-de-hoy","category-ultimas-noticias","tag-apiema","tag-gala-de-apiema","tag-jose-enrique-granados"],"jetpack_publicize_connections":[],"jetpack_featured_media_url":"https:\/\/i0.wp.com\/miradordeatarfe.es\/wp-content\/uploads\/2019\/04\/56781058_2234270969992239_235875905929478144_n.jpg?fit=960%2C619&ssl=1","jetpack_likes_enabled":true,"jetpack_sharing_enabled":true,"_links":{"self":[{"href":"https:\/\/miradordeatarfe.es\/index.php?rest_route=\/wp\/v2\/posts\/30266","targetHints":{"allow":["GET"]}}],"collection":[{"href":"https:\/\/miradordeatarfe.es\/index.php?rest_route=\/wp\/v2\/posts"}],"about":[{"href":"https:\/\/miradordeatarfe.es\/index.php?rest_route=\/wp\/v2\/types\/post"}],"author":[{"embeddable":true,"href":"https:\/\/miradordeatarfe.es\/index.php?rest_route=\/wp\/v2\/users\/1"}],"replies":[{"embeddable":true,"href":"https:\/\/miradordeatarfe.es\/index.php?rest_route=%2Fwp%2Fv2%2Fcomments&post=30266"}],"version-history":[{"count":2,"href":"https:\/\/miradordeatarfe.es\/index.php?rest_route=\/wp\/v2\/posts\/30266\/revisions"}],"predecessor-version":[{"id":36363,"href":"https:\/\/miradordeatarfe.es\/index.php?rest_route=\/wp\/v2\/posts\/30266\/revisions\/36363"}],"wp:featuredmedia":[{"embeddable":true,"href":"https:\/\/miradordeatarfe.es\/index.php?rest_route=\/wp\/v2\/media\/30267"}],"wp:attachment":[{"href":"https:\/\/miradordeatarfe.es\/index.php?rest_route=%2Fwp%2Fv2%2Fmedia&parent=30266"}],"wp:term":[{"taxonomy":"category","embeddable":true,"href":"https:\/\/miradordeatarfe.es\/index.php?rest_route=%2Fwp%2Fv2%2Fcategories&post=30266"},{"taxonomy":"post_tag","embeddable":true,"href":"https:\/\/miradordeatarfe.es\/index.php?rest_route=%2Fwp%2Fv2%2Ftags&post=30266"}],"curies":[{"name":"wp","href":"https:\/\/api.w.org\/{rel}","templated":true}]}}