{"id":30272,"date":"2019-04-09T10:05:04","date_gmt":"2019-04-09T08:05:04","guid":{"rendered":"http:\/\/miradordeatarfe.es\/?p=30272"},"modified":"2019-04-09T09:59:46","modified_gmt":"2019-04-09T07:59:46","slug":"el-plan-estrategico-de-subvenciones-de-atarfe-a-debate-en-el-pleno-extraordinario","status":"publish","type":"post","link":"https:\/\/miradordeatarfe.es\/?p=30272","title":{"rendered":"ATARFE: El Plan Estrat\u00e9gico de Subvenciones de Atarfe, a debate en el pleno extraordinario"},"content":{"rendered":"\n<h4 class=\"wp-block-heading\">\nLa sesi\u00f3n tendr\u00e1 lugar el martes 9 de abril\n en el Centro Cultural Medina Elvira, a partir de las 7 de la tarde, y \nse retransmitir\u00e1 en directo a trav\u00e9s de internet.\n 08\/04\/2019\n<\/h4>\n\n\n\n<p>El Plan Estrat\u00e9gico de Subvenciones de Atarfe, del que se \nbeneficiar\u00e1n los clubes deportivos y las asociaciones, se lleva al pleno\n extraordinario del martes 8 de abril para su aprobaci\u00f3n.<\/p>\n\n\n\n<p>En dicha sesi\u00f3n, que tendr\u00e1 lugar en el Centro Cultural Medina Elvira  a partir de las 7 de la tarde, tambi\u00e9n se tratrar\u00e1n otros asuntos de  inter\u00e9s como la <strong>declaraci\u00f3n de bienes y actividades de los concejales,  la modificaci\u00f3n de la aportaci\u00f3n del Ayuntamiento en el Plan de Fomento  de Empleo Especial y otras modificaciones de cr\u00e9ditos extraordinarios.<\/strong><\/p>\n\n\n\n<p>El pleno se podr\u00e1 seguir en directo por internet:<\/p>\n","protected":false},"excerpt":{"rendered":"<p>La sesi\u00f3n tendr\u00e1 lugar el martes 9 de abril en el Centro Cultural Medina Elvira,&#8230;<\/p>\n","protected":false},"author":1,"featured_media":30273,"comment_status":"closed","ping_status":"closed","sticky":false,"template":"","format":"standard","meta":{"_coblocks_attr":"","_coblocks_dimensions":"","_coblocks_responsive_height":"","_coblocks_accordion_ie_support":"","jetpack_post_was_ever_published":false,"_jetpack_newsletter_access":"","_jetpack_dont_email_post_to_subs":false,"_jetpack_newsletter_tier_id":0,"_jetpack_memberships_contains_paywalled_content":false,"_jetpack_memberships_contains_paid_content":false,"footnotes":"","jetpack_publicize_message":"","jetpack_publicize_feature_enabled":true,"jetpack_social_post_already_shared":false,"jetpack_social_options":{"image_generator_settings":{"template":"highway","default_image_id":0,"enabled":false},"version":2}},"categories":[2,44,15],"tags":[81,1713,2509],"class_list":["post-30272","post","type-post","status-publish","format-standard","has-post-thumbnail","hentry","category-atarfe","category-noticias-de-hoy","category-ultimas-noticias","tag-atarfe","tag-pleno-municipal","tag-subvenciones"],"jetpack_publicize_connections":[],"jetpack_featured_media_url":"https:\/\/i0.wp.com\/miradordeatarfe.es\/wp-content\/uploads\/2019\/04\/pleno-uoilno2-5.jpg?fit=600%2C400&ssl=1","jetpack_likes_enabled":true,"jetpack_sharing_enabled":true,"_links":{"self":[{"href":"https:\/\/miradordeatarfe.es\/index.php?rest_route=\/wp\/v2\/posts\/30272","targetHints":{"allow":["GET"]}}],"collection":[{"href":"https:\/\/miradordeatarfe.es\/index.php?rest_route=\/wp\/v2\/posts"}],"about":[{"href":"https:\/\/miradordeatarfe.es\/index.php?rest_route=\/wp\/v2\/types\/post"}],"author":[{"embeddable":true,"href":"https:\/\/miradordeatarfe.es\/index.php?rest_route=\/wp\/v2\/users\/1"}],"replies":[{"embeddable":true,"href":"https:\/\/miradordeatarfe.es\/index.php?rest_route=%2Fwp%2Fv2%2Fcomments&post=30272"}],"version-history":[{"count":2,"href":"https:\/\/miradordeatarfe.es\/index.php?rest_route=\/wp\/v2\/posts\/30272\/revisions"}],"predecessor-version":[{"id":30275,"href":"https:\/\/miradordeatarfe.es\/index.php?rest_route=\/wp\/v2\/posts\/30272\/revisions\/30275"}],"wp:featuredmedia":[{"embeddable":true,"href":"https:\/\/miradordeatarfe.es\/index.php?rest_route=\/wp\/v2\/media\/30273"}],"wp:attachment":[{"href":"https:\/\/miradordeatarfe.es\/index.php?rest_route=%2Fwp%2Fv2%2Fmedia&parent=30272"}],"wp:term":[{"taxonomy":"category","embeddable":true,"href":"https:\/\/miradordeatarfe.es\/index.php?rest_route=%2Fwp%2Fv2%2Fcategories&post=30272"},{"taxonomy":"post_tag","embeddable":true,"href":"https:\/\/miradordeatarfe.es\/index.php?rest_route=%2Fwp%2Fv2%2Ftags&post=30272"}],"curies":[{"name":"wp","href":"https:\/\/api.w.org\/{rel}","templated":true}]}}