{"id":30277,"date":"2019-04-09T09:52:07","date_gmt":"2019-04-09T07:52:07","guid":{"rendered":"http:\/\/miradordeatarfe.es\/?p=30277"},"modified":"2019-04-09T09:56:59","modified_gmt":"2019-04-09T07:56:59","slug":"la-reaccion-al-cambio-climatico-se-mundializa","status":"publish","type":"post","link":"https:\/\/miradordeatarfe.es\/?p=30277","title":{"rendered":"La reacci\u00f3n al cambio clim\u00e1tico se mundializa"},"content":{"rendered":"\n<h4 class=\"wp-block-heading\">Los\n datos cient\u00edficos sobre el calentamiento global son cada vez m\u00e1s \ns\u00f3lidos, de igual manera que la inmensa mayor\u00eda de la sociedad comparte \nla preocupaci\u00f3n por este fen\u00f3meno y exige soluciones<\/h4>\n\n\n\n<p>Como informa Joaquim Elcacho en un<a rel=\"noreferrer noopener\" href=\"https:\/\/www.lavanguardia.com\/natural\/cambio-climatico\/20190211\/46358850907\/cambio-climatico-principal-preocupacion-mundial-encuesta-centro-pew.html\" target=\"_blank\"> art\u00edculo publicado en este mismo canal <strong>Natural<\/strong> <\/a>, la \u00faltima gran <strong>encuesta <\/strong>sobre la preocupaci\u00f3n social por el<strong> cambio clim\u00e1tico<\/strong>,  realizada por el Pew Research Center a casi 30.000 personas de 26  pa\u00edses diferentes, se\u00f1ala que cerca del 70% de los ciudadanos perciben  el <strong>calentamiento global <\/strong>como la mayor <strong>amenaza <\/strong>a la que nos enfrentamos, siendo <strong>Espa\u00f1a <\/strong>uno de los pa\u00edses donde esa inquietud va a m\u00e1s.<\/p>\n\n\n\n<p>Llevamos un siglo acumulando evidencias cient\u00edficas de que el planeta\n estaba iniciando un nuevo proceso de cambio clim\u00e1tico. Un siglo \npronosticando escenarios, alertando de riesgos, evaluando costes. <ins><\/ins><\/p>\n\n\n\n<p>Ahora nadie duda de que esto va en serio: ni los negacionistas, que \ntan solo ponen en cuesti\u00f3n su origen antr\u00f3pico. Sin embargo est\u00e1 por ver\n si la tan esperada reacci\u00f3n mundial llega a tiempo de evitar las peores\n consecuencias del cambio clim\u00e1tico. Unas consecuencias de las que, \ndesde hace m\u00e1s de cien a\u00f1os viene advirti\u00e9ndonos la ciencia. <\/p>\n\n\n\n<p>De hecho fue en 1896 cuando un solitario cient\u00edfico sueco, el \nprofesor Svante Arrhenius, estableci\u00f3 una relaci\u00f3n directa entre las \nemisiones de di\u00f3xido de carbono (CO2) y el incipiente aumento de la \ntemperatura global del planeta. Si la presencia del CO2 segu\u00eda \naumentando, pronostic\u00f3 entonces el investigador escandinavo, las \ntemperaturas subir\u00edan en la misma escala a nivel global. Pero nadie le \nhizo caso. <\/p>\n\n\n\n<p>En 1938 un ingeniero ingl\u00e9s llamado Guy Stewart Callendar recuper\u00f3 \nla teor\u00eda de Arrhenius de que el aumento de CO2 pod\u00eda estar actuando \ncomo precursor del calentamiento global del clima. Callendar defendi\u00f3 \nsus inquietantes conclusiones ante los insignes respnsables de la Royal \nMeteorological Society, quienes examinaron sus rigurosos informes pero \ndesestimaron sus conclusiones. El hombre capaz de cambiar el clima: \nvaliente locura.<\/p>\n\n\n\n<p>En 1956 Gilbert Plass demostr\u00f3 la manera exacta en que el CO2 \ncapturaba la radiaci\u00f3n infrarroja de la Tierra recalentando la \natm\u00f3sfera, y predijo que si las emisiones asociadas a la actividad \nhumana continuaban al alza la temperatura media aumentar\u00eda m\u00e1s de un \ngrado por siglo: lo clav\u00f3. Eso es lo que ha aumentado la temperatura en \nlos \u00faltimos cien a\u00f1os. <ins><\/ins><\/p>\n\n\n\n<p>Poco tiempo despu\u00e9s, uno de los nombres m\u00e1s significados de la \nciencia del cambio clim\u00e1tico, el ocean\u00f3grafo Roger Revelle, calcul\u00f3 que \nel aumento del CO2 era consecuencia directa de la utilizaci\u00f3n de carb\u00f3n y\n otros combustibles f\u00f3siles como fuentes de energ\u00eda. Revelle alert\u00f3 en \nlos a\u00f1os sesenta que, si no se pon\u00eda remedio, las emisiones industriales\n de di\u00f3xido de carbono \u201cmodificar\u00e1n el clima de una manera importante no\n en un futuro lejano, sino en el pr\u00f3ximo siglo\u201d. <\/p>\n\n\n\n<p>Para demostrarlo, uno de los disc\u00edpulos de Revelle, el investigador \nCharles David Keeling empez\u00f3 a medir las concentraciones del CO2 \natmosf\u00e9rico en uno de los lugares m\u00e1s intactos de la Tierra: la cima del\n volc\u00e1n Manua Loa, en Hawai (despu\u00e9s hizo lo mismo en la Ant\u00e1rtida). Al \nir acumulando datos instrumentales obtuvo una de las series m\u00e1s \nimportantes de la ciencia del cambio clim\u00e1tico: la famosa Curva de \nKeeling, en la que Al Gore bas\u00f3 su famoso documental \u201cUna verdad \ninc\u00f3moda\u201d que sacudi\u00f3 la conciencia mundial en 2006. <\/p>\n\n\n\n<p>Un a\u00f1o despu\u00e9s de esa pel\u00edcula, Sir Nicholas Stern, el mayor experto \nen econom\u00eda y finanzas del momento coordin\u00f3 un riguroso estudio para el \ngobierno del Reino Unido sobre un aspecto poco evaluado hasta entonces: \nel coste para la econom\u00eda mundial del cambio clim\u00e1tico. Un coste que, \ntal y como detalla el Informe Stern, podr\u00eda llegar a provocar una ca\u00edda \ndel PIB mundial de hasta el 30%, lo que supondr\u00eda un cambio radical de \nla sociedad moderna.<ins><\/ins><\/p>\n\n\n\n<p>Todo esto y mucho m\u00e1s es lo que nos ha aportado el conocimiento \ncient\u00edfico del calentamiento global. No existe ninguna administraci\u00f3n, \nninguna instituci\u00f3n, ninguna empresa ni ning\u00fan ciudadano que desconozca \nsu existencia y sus efectos en el planeta. Y son cada vez menos a los \nque no les concierne. <\/p>\n\n\n\n<p><strong>Si hasta ahora dec\u00edamos que el cambio clim\u00e1tico era inequ\u00edvoco, ahora  tambi\u00e9n podemos afirmar que la reacci\u00f3n de la sociedad es igualmente  inequ\u00edvoca. Y esa mundializaci\u00f3n de la respuesta resulta clave para  evitar los peores pron\u00f3sticos. <\/strong><\/p>\n\n\n\n<p>FOTO:  Manifestaci\u00f3n convocada por j\u00f3venes estudiantes en Berl\u00edn en marzo de 2019  en defensa del clima (Felipe Trueba \/ EFE) <\/p>\n\n\n\n<p><a href=\"https:\/\/www.lavanguardia.com\/natural\/ecogallego\/20190403\/461430917471\/reaccion-mundial-ciudadanos-preocupacion-cambio-climatico.html?fbclid=IwAR3LKRgHhU5LNXNPR_atsUesD7WgEKnox3TFLj7gbiDF_060bchgbEKNKkI\">https:\/\/www.lavanguardia.com\/natural\/ecogallego\/20190403\/461430917471\/reaccion-mundial-ciudadanos-preocupacion-cambio-climatico.html?fbclid=IwAR3LKRgHhU5LNXNPR_atsUesD7WgEKnox3TFLj7gbiDF_060bchgbEKNKkI<\/a><\/p>\n","protected":false},"excerpt":{"rendered":"<p>Los datos cient\u00edficos sobre el calentamiento global son cada vez m\u00e1s s\u00f3lidos, de igual manera&#8230;<\/p>\n","protected":false},"author":1,"featured_media":30278,"comment_status":"closed","ping_status":"closed","sticky":false,"template":"","format":"standard","meta":{"_coblocks_attr":"","_coblocks_dimensions":"","_coblocks_responsive_height":"","_coblocks_accordion_ie_support":"","jetpack_post_was_ever_published":false,"_jetpack_newsletter_access":"","_jetpack_dont_email_post_to_subs":false,"_jetpack_newsletter_tier_id":0,"_jetpack_memberships_contains_paywalled_content":false,"_jetpack_memberships_contains_paid_content":false,"footnotes":"","jetpack_publicize_message":"","jetpack_publicize_feature_enabled":true,"jetpack_social_post_already_shared":false,"jetpack_social_options":{"image_generator_settings":{"template":"highway","default_image_id":0,"enabled":false},"version":2}},"categories":[1161,9,44,15],"tags":[2416,99,5354],"class_list":["post-30277","post","type-post","status-publish","format-standard","has-post-thumbnail","hentry","category-ciudadania","category-medio-ambiente","category-noticias-de-hoy","category-ultimas-noticias","tag-calentamiento-global","tag-medio-ambiente","tag-mundial"],"jetpack_publicize_connections":[],"jetpack_featured_media_url":"https:\/\/i0.wp.com\/miradordeatarfe.es\/wp-content\/uploads\/2019\/04\/20190329-636894609572947689_20190329125951250-k3TD-U461430917471SOE-992x558%40LaVanguardia-Web.jpg?fit=991%2C558&ssl=1","jetpack_likes_enabled":true,"jetpack_sharing_enabled":true,"_links":{"self":[{"href":"https:\/\/miradordeatarfe.es\/index.php?rest_route=\/wp\/v2\/posts\/30277","targetHints":{"allow":["GET"]}}],"collection":[{"href":"https:\/\/miradordeatarfe.es\/index.php?rest_route=\/wp\/v2\/posts"}],"about":[{"href":"https:\/\/miradordeatarfe.es\/index.php?rest_route=\/wp\/v2\/types\/post"}],"author":[{"embeddable":true,"href":"https:\/\/miradordeatarfe.es\/index.php?rest_route=\/wp\/v2\/users\/1"}],"replies":[{"embeddable":true,"href":"https:\/\/miradordeatarfe.es\/index.php?rest_route=%2Fwp%2Fv2%2Fcomments&post=30277"}],"version-history":[{"count":2,"href":"https:\/\/miradordeatarfe.es\/index.php?rest_route=\/wp\/v2\/posts\/30277\/revisions"}],"predecessor-version":[{"id":30281,"href":"https:\/\/miradordeatarfe.es\/index.php?rest_route=\/wp\/v2\/posts\/30277\/revisions\/30281"}],"wp:featuredmedia":[{"embeddable":true,"href":"https:\/\/miradordeatarfe.es\/index.php?rest_route=\/wp\/v2\/media\/30278"}],"wp:attachment":[{"href":"https:\/\/miradordeatarfe.es\/index.php?rest_route=%2Fwp%2Fv2%2Fmedia&parent=30277"}],"wp:term":[{"taxonomy":"category","embeddable":true,"href":"https:\/\/miradordeatarfe.es\/index.php?rest_route=%2Fwp%2Fv2%2Fcategories&post=30277"},{"taxonomy":"post_tag","embeddable":true,"href":"https:\/\/miradordeatarfe.es\/index.php?rest_route=%2Fwp%2Fv2%2Ftags&post=30277"}],"curies":[{"name":"wp","href":"https:\/\/api.w.org\/{rel}","templated":true}]}}