{"id":30282,"date":"2019-04-10T08:05:02","date_gmt":"2019-04-10T06:05:02","guid":{"rendered":"http:\/\/miradordeatarfe.es\/?p=30282"},"modified":"2019-04-09T10:11:33","modified_gmt":"2019-04-09T08:11:33","slug":"granada-experience-park-la-futura-manzana-deportiva-de-la-ciudad","status":"publish","type":"post","link":"https:\/\/miradordeatarfe.es\/?p=30282","title":{"rendered":"Granada Experience Park: la futura manzana deportiva de la ciudad"},"content":{"rendered":"\n<h4 class=\"wp-block-heading\"> El Ayuntamiento ceder\u00e1 toda la unidad de suelo que rodea Los C\u00e1rmenes al   Granada CF para que se construya el gran centro deportivo y de ocio de   la ciudadd  <\/h4>\n\n\n\n<p><strong>Granada Experience Park<\/strong>.\n Este ser\u00e1 el nombre del ambicioso proyecto urban\u00edstico que el Granada \nCF desarrollar\u00e1 a medio y largo plazo en el campo Los C\u00e1rmenes y sus \nalrededores. Un proyecto que cuenta con la colaboraci\u00f3n del \nAyuntamiento, con el que ya trabajan para acordar la cesi\u00f3n del suelo \npara la construcci\u00f3n de la gran manzana deportiva y de ocio de la \nciudad.<\/p>\n\n\n\n<p>Seg\u00fan ha explicado esta ma\u00f1ana el alcalde de Granada, Francisco <strong>Cuenca<\/strong>, hay un <strong>acuerdo<\/strong> entre la ciudad y el Granada CF para hacer una metamorfosis a toda la zona que rodea el campo de Los C\u00e1rmenes y crear una \u00ab<strong>gran manzana del deporte<\/strong> para darle uso de ocio y de actividades relacionadas\u00bb.<\/p>\n\n\n\n<figure class=\"wp-block-image\"><a href=\"https:\/\/i0.wp.com\/www.granadahoy.com\/2019\/04\/05\/granada\/ocupara-toda-manzana_1342976051_97487195_667x375.jpg?ssl=1\"><img data-recalc-dims=\"1\" decoding=\"async\" src=\"https:\/\/i0.wp.com\/www.granadahoy.com\/2019\/04\/05\/granada\/ocupara-toda-manzana_1342976051_97487195_667x375.jpg?w=640&#038;ssl=1\" alt=\"Se ocupar\u00e1 toda la manzana\"\/><\/a><figcaption>\n    \n        Se ocupar\u00e1 toda la manzana\n        \n\n            <\/figcaption><\/figure>\n\n\n\n<p>Se contemplan zonas de skatepark, espacio de cine \nsimulador con butacas en movimiento, roc\u00f3dromos, espacio para deportese \nalternativos,&#8230; En total, 72.380 metros dedicados al deporte, ya que al\n espacio actual del campo se sumar\u00e1 las zonas comunes aleda\u00f1as, con \naproximadamente 8.800 metros cuadrados, y el Pabell\u00f3n Municipal de \nDeportes.&nbsp;<\/p>\n\n\n\n<p>As\u00ed, aunque no se han desvelado muchos detalles, el <strong>Granada CF<\/strong>\n se har\u00e1 con la unidad de suelo que ocupa ahora el estadio de Los \nC\u00e1rmenes y que es toda la pastilla que rodea al campo, el solar en \nesquina que hay sin construir, as\u00ed como todos los alrededores del \nPalacio de Deportes y el pasillo de conexi\u00f3n que divide los dos actuales\n espacios deportivos.<\/p>\n\n\n\n<p>En toda esa zona se podr\u00e1 construir zona para <strong>deportes alternativos, ocio<\/strong>\n e incluir oferta de restauraci\u00f3n para hacer la gran manzana deportiva \nen un espacio que tiene la catalogaci\u00f3n urban\u00edstica de suelo de uso \nterciario deportivo, por lo que todo lo que se haga tendr\u00e1 que estar \nligado a esa actividad.<\/p>\n\n\n\n<p>Con el proyecto se incluye tambi\u00e9n la mejora de Los C\u00e1rmenes, que tendr\u00e1 una \u00ab<strong>nueva piel<\/strong>\u00bb en un <strong>estadio<\/strong>\n modernizado y que con el plan de intervenci\u00f3n se ver\u00e1 acompa\u00f1ado de una\n zona de expansi\u00f3n deportiva y un gran centro de ocio con espacio de \nrestauraci\u00f3n.<\/p>\n\n\n\n<p>Adem\u00e1s, la intenci\u00f3n es hacer un <strong>parking<\/strong>\n subterr\u00e1neo en la esquina del solar que est\u00e1 libre de construcci\u00f3n \nantes de destinarlo a otro uso deportivo dentro del proyecto del Granada\n Experience Park, que todav\u00eda se tiene que definir, as\u00ed como plazos y \npresupuesto.<\/p>\n\n\n\n<figure class=\"wp-block-image\"><a href=\"https:\/\/i0.wp.com\/www.granadahoy.com\/2019\/04\/05\/granada\/Presentacion-proyecto-manana_1342975994_97484564_667x375.jpg?ssl=1\"><img data-recalc-dims=\"1\" decoding=\"async\" src=\"https:\/\/i0.wp.com\/www.granadahoy.com\/2019\/04\/05\/granada\/Presentacion-proyecto-manana_1342975994_97484564_667x375.jpg?w=640&#038;ssl=1\" alt=\"Presentaci\u00f3n del proyecto, esta ma\u00f1ana\"\/><\/a><figcaption>\n    \n        Presentaci\u00f3n del proyecto, esta ma\u00f1ana\n        \n\n            <\/figcaption><\/figure>\n\n\n\n<p>\u00abCon este proyecto se convertir\u00e1 esta esquina de la ciudad en el gran <strong>espacio de experiencia de ocio<\/strong> y deportiva de Granada\u00bb, ha incidido el alcalde.<\/p>\n\n\n\n<p>Legalmente se est\u00e1 trabajando entre el Ayuntamiento y el<a href=\"https:\/\/www.granadahoy.com\/granadacf\/\"> Granada CF<\/a> para definir los t\u00e9rminos de ese <strong>convenio \u00aba largo plazo\u00bb<\/strong> que firmar\u00edan las entidades para la <strong>cesi\u00f3n y uso<\/strong>\n de este espacio y que sustituir\u00e1 al que vienen firmando de a\u00f1o en a\u00f1o \npara el uso del estadio municipal de Los C\u00e1rmenes por parte del club.<\/p>\n\n\n\n<p>La cesi\u00f3n podr\u00eda ser de entre <strong>30 y 40 a\u00f1os<\/strong>\n pero los detalles est\u00e1n a\u00fan por definir, as\u00ed como el presupuesto de \ninversi\u00f3n, que tambi\u00e9n depender\u00e1 de los fondos y presupuesto del club, \ncondicionados por su rendimiento deportivo.<\/p>\n\n\n\n<p>El director general del Granada CF, Antonio Fern\u00e1ndez <strong>Monterrubio<\/strong>,\n ha asegurado que este proyecto es \u00abfundamental\u00bb para el Granada, que \n\u00abnecesita un convenio de larga duraci\u00f3n\u00bb. Adem\u00e1s, incide en que los \nestadios deben dejar de ser un \u00abcentro de gasto\u00bb para ser un \u00ab<strong>motor de crecimiento<\/strong>\n de los clubs\u00bb, por lo que con los nuevos espacios se podr\u00e1 tambi\u00e9n \naumentar la recaudaci\u00f3n y aspirar por la mejor\u00eda del espacio a nuevos \npatrocinios y retos deportivos.<\/p>\n\n\n\n<p>Aunque todav\u00eda no se habla de plazos para comenzar el \nproyecto, s\u00ed que Monterrubio confirm\u00f3 que se va a someter el estadio a \nunas intervenciones inmediatas, algunas reclamadas por la Liga de F\u00fatbo \nProfesional, como la sustituci\u00f3n de la <strong>iluminaci\u00f3n<\/strong> ya que no est\u00e1 adaptada a los 4K de las retransmisiones deportivas.&nbsp;<\/p>\n\n\n\n<p>\u00abSe har\u00e1 un<strong> lavado de cara<\/strong> \nque lo pide el campo a corto plazo\u00bb, pero despu\u00e9s se ir\u00e1 desarrollando \nel proyecto para renovar el estadio y darle esa nueva \u00abpiel\u00bb que \nnecesita. Entre los proyectos a desarrollar est\u00e1n las <strong>esquinas<\/strong> del campo.<\/p>\n\n\n\n<p>\u00abLo que queremos es que sea un<strong> centro vivo<\/strong>,\n activo todos los d\u00edas del a\u00f1o\u00bb, ha destacado Monterrubio, que espera \nque el proyecto sea un motor de crecimiento del club que d\u00e9 <strong>estabilidad econ\u00f3mica.<\/strong><\/p>\n\n\n\n<p>La inversi\u00f3n en el estadio para final de esta temporada \ncon el objetivo de hacer las reformas m\u00e1s inmediatas es la primera \nprioridad actual del club, a la que le sigue la intervenci\u00f3n en la <strong>Ciudad Deportiva<\/strong> y despu\u00e9s el desarrollo y ejecuci\u00f3n de este proyecto que permitir\u00e1 reordenar toda la parcela del nuevo estadio Los C\u00e1rmenes.<\/p>\n\n\n\n<p>\u00ab<strong>No es un proyecto del Granada CF sino de la ciudad<\/strong>\n ya que el estadio es una de las puertas de entrada a Granada para mucha\n gente\u00bb, ha asegurado el director general del club durante la \npresentaci\u00f3n esta ma\u00f1ana del acuerdo y del proyecto.<\/p>\n\n\n\n<p>El alcalde ha informado de que ya est\u00e1 en marcha la <strong>comisi\u00f3n de trabajo<\/strong>\n para definir los t\u00e9rminos de la concesi\u00f3n del espacio para su \ndesarrollo en los pr\u00f3ximos a\u00f1os con un convenio de larga duraci\u00f3n que \nser\u00e1 entre 30 y 40 seg\u00fan estimen los t\u00e9cnicos.&nbsp;<\/p>\n\n\n\n<p>Sobre el presupuesto el club no ha dado datos ya que \u00ab<strong>todo est\u00e1 vinculado al c\u00e9sped<\/strong>\u00ab,  es decir, a los resultados deportivos del Granada y su presencia en la  Liga. Con todo, aseguran que en los presupuestos de la siguiente  temporada habr\u00e1 ya cantidades destinadas al proyecto. Se calcula que se  inviertan hasta 20 millones de euros.<\/p>\n\n\n\n<p>SUSANA VALLEJO<\/p>\n\n\n\n<p><a href=\"https:\/\/www.lavanguardia.com\/natural\/ecogallego\/20190403\/461430917471\/reaccion-mundial-ciudadanos-preocupacion-cambio-climatico.html?fbclid=IwAR3LKRgHhU5LNXNPR_atsUesD7WgEKnox3TFLj7gbiDF_060bchgbEKNKkI\">https:\/\/www.lavanguardia.com\/natural\/ecogallego\/20190403\/461430917471\/reaccion-mundial-ciudadanos-preocupacion-cambio-climatico.html?fbclid=IwAR3LKRgHhU5LNXNPR_atsUesD7WgEKnox3TFLj7gbiDF_060bchgbEKNKkI<\/a><\/p>\n","protected":false},"excerpt":{"rendered":"<p>El Ayuntamiento ceder\u00e1 toda la unidad de suelo que rodea Los C\u00e1rmenes al Granada CF&#8230;<\/p>\n","protected":false},"author":1,"featured_media":30283,"comment_status":"closed","ping_status":"closed","sticky":false,"template":"","format":"standard","meta":{"_coblocks_attr":"","_coblocks_dimensions":"","_coblocks_responsive_height":"","_coblocks_accordion_ie_support":"","jetpack_post_was_ever_published":false,"_jetpack_newsletter_access":"","_jetpack_dont_email_post_to_subs":false,"_jetpack_newsletter_tier_id":0,"_jetpack_memberships_contains_paywalled_content":false,"_jetpack_memberships_contains_paid_content":false,"footnotes":"","jetpack_publicize_message":"","jetpack_publicize_feature_enabled":true,"jetpack_social_post_already_shared":false,"jetpack_social_options":{"image_generator_settings":{"template":"highway","default_image_id":0,"enabled":false},"version":2}},"categories":[182,186,44,15],"tags":[123,129,2075],"class_list":["post-30282","post","type-post","status-publish","format-standard","has-post-thumbnail","hentry","category-deportes","category-instituciones","category-noticias-de-hoy","category-ultimas-noticias","tag-deportes","tag-granada","tag-urbanismo"],"jetpack_publicize_connections":[],"jetpack_featured_media_url":"https:\/\/i0.wp.com\/miradordeatarfe.es\/wp-content\/uploads\/2019\/04\/Aspecto-zona-vez-completado-proyecto_1342976050_97487149_667x375.jpg?fit=667%2C375&ssl=1","jetpack_likes_enabled":true,"jetpack_sharing_enabled":true,"_links":{"self":[{"href":"https:\/\/miradordeatarfe.es\/index.php?rest_route=\/wp\/v2\/posts\/30282","targetHints":{"allow":["GET"]}}],"collection":[{"href":"https:\/\/miradordeatarfe.es\/index.php?rest_route=\/wp\/v2\/posts"}],"about":[{"href":"https:\/\/miradordeatarfe.es\/index.php?rest_route=\/wp\/v2\/types\/post"}],"author":[{"embeddable":true,"href":"https:\/\/miradordeatarfe.es\/index.php?rest_route=\/wp\/v2\/users\/1"}],"replies":[{"embeddable":true,"href":"https:\/\/miradordeatarfe.es\/index.php?rest_route=%2Fwp%2Fv2%2Fcomments&post=30282"}],"version-history":[{"count":1,"href":"https:\/\/miradordeatarfe.es\/index.php?rest_route=\/wp\/v2\/posts\/30282\/revisions"}],"predecessor-version":[{"id":30284,"href":"https:\/\/miradordeatarfe.es\/index.php?rest_route=\/wp\/v2\/posts\/30282\/revisions\/30284"}],"wp:featuredmedia":[{"embeddable":true,"href":"https:\/\/miradordeatarfe.es\/index.php?rest_route=\/wp\/v2\/media\/30283"}],"wp:attachment":[{"href":"https:\/\/miradordeatarfe.es\/index.php?rest_route=%2Fwp%2Fv2%2Fmedia&parent=30282"}],"wp:term":[{"taxonomy":"category","embeddable":true,"href":"https:\/\/miradordeatarfe.es\/index.php?rest_route=%2Fwp%2Fv2%2Fcategories&post=30282"},{"taxonomy":"post_tag","embeddable":true,"href":"https:\/\/miradordeatarfe.es\/index.php?rest_route=%2Fwp%2Fv2%2Ftags&post=30282"}],"curies":[{"name":"wp","href":"https:\/\/api.w.org\/{rel}","templated":true}]}}