{"id":30285,"date":"2019-04-10T10:44:48","date_gmt":"2019-04-10T08:44:48","guid":{"rendered":"http:\/\/miradordeatarfe.es\/?p=30285"},"modified":"2019-04-10T10:37:12","modified_gmt":"2019-04-10T08:37:12","slug":"atarfe-el-psoe-de-atarfe-realiza-una-encuesta-publica-para-saber-el-atarfe-que-quieres","status":"publish","type":"post","link":"https:\/\/miradordeatarfe.es\/?p=30285","title":{"rendered":"ATARFE: El PSOE de Atarfe realiza una encuesta p\u00fablica para saber el ATARFE QUE QUIERES"},"content":{"rendered":"\n<h4 class=\"wp-block-heading\">En su propuesta justifica que quiere escuchar la opini\u00f3n de los vecinos de ATAREF, pidiendo  rellenar un   cuestionario, que servira para hacer un programa participativa .<\/h4>\n\n\n\n<p>Esta encuesta es totalmente an\u00f3nima, no pide  ning\u00fan dato personal, solo algo de informaci\u00f3n gen\u00e9rica para saber su perfil y poder valorar sus aportaciones correctamente.<\/p>\n\n\n\n<p>No es necesario rellenar todas las respuestas, puede dejar en blanco aquellas en las que no se le ocurra nada.<\/p>\n\n\n\n<p>EN EL SIGUIENTE ENLACE PUEDES DAR TU OPINI\u00d3N Y HACER PROPUESTAS.  DESPU\u00c9S NO DIGAS QUE NO SE TE ESCUCHA <\/p>\n\n\n\n<p><a href=\"https:\/\/docs.google.com\/forms\/d\/e\/1FAIpQLSdYlNvUlkR7FVnVxyEceibx8KO-fa4Bh2RxqUCZZxEZjdS6gA\/viewform?fbclid=IwAR3t1num1naI684IpbxtqhE2qNmAUNqEtgIePuzT8hEvpGq4bVeFuqwSnVQ\">https:\/\/docs.google.com\/forms\/dQLSdYlNvUlkR7FVnVxyEceibx8KO-fa4Bh2RxqUCZZxEZjdS6gA\/viewform?fbclid=IwAR3t1num1naI684IpbxtqhE2qNmAUNqEtgIePuzT8hEvpGq4bVeFuqwSnVQ<\/a><\/p>\n\n\n\n<p>Y SI QUIERES PUEDES HACERLO POR  <br>Whatsapp  AL 682923023<\/p>\n\n\n\n<figure class=\"wp-block-image\"><img data-recalc-dims=\"1\" loading=\"lazy\" decoding=\"async\" width=\"640\" height=\"755\" src=\"https:\/\/i0.wp.com\/miradordeatarfe.es\/wp-content\/uploads\/2019\/04\/56492582_1406561959485567_6686391746244378624_n.jpg?resize=640%2C755&#038;ssl=1\" alt=\"\" class=\"wp-image-30289\" srcset=\"https:\/\/i0.wp.com\/miradordeatarfe.es\/wp-content\/uploads\/2019\/04\/56492582_1406561959485567_6686391746244378624_n.jpg?w=814&amp;ssl=1 814w, https:\/\/i0.wp.com\/miradordeatarfe.es\/wp-content\/uploads\/2019\/04\/56492582_1406561959485567_6686391746244378624_n.jpg?resize=254%2C300&amp;ssl=1 254w, https:\/\/i0.wp.com\/miradordeatarfe.es\/wp-content\/uploads\/2019\/04\/56492582_1406561959485567_6686391746244378624_n.jpg?resize=768%2C906&amp;ssl=1 768w, https:\/\/i0.wp.com\/miradordeatarfe.es\/wp-content\/uploads\/2019\/04\/56492582_1406561959485567_6686391746244378624_n.jpg?resize=600%2C708&amp;ssl=1 600w\" sizes=\"auto, (max-width: 640px) 100vw, 640px\" \/><\/figure>\n","protected":false},"excerpt":{"rendered":"<p>En su propuesta justifica que quiere escuchar la opini\u00f3n de los vecinos de ATAREF, pidiendo&#8230;<\/p>\n","protected":false},"author":1,"featured_media":30286,"comment_status":"closed","ping_status":"closed","sticky":false,"template":"","format":"standard","meta":{"_coblocks_attr":"","_coblocks_dimensions":"","_coblocks_responsive_height":"","_coblocks_accordion_ie_support":"","jetpack_post_was_ever_published":false,"_jetpack_newsletter_access":"","_jetpack_dont_email_post_to_subs":false,"_jetpack_newsletter_tier_id":0,"_jetpack_memberships_contains_paywalled_content":false,"_jetpack_memberships_contains_paid_content":false,"footnotes":"","jetpack_publicize_message":"","jetpack_publicize_feature_enabled":true,"jetpack_social_post_already_shared":false,"jetpack_social_options":{"image_generator_settings":{"template":"highway","default_image_id":0,"enabled":false},"version":2}},"categories":[2,1161,44,15],"tags":[81,5894,723],"class_list":["post-30285","post","type-post","status-publish","format-standard","has-post-thumbnail","hentry","category-atarfe","category-ciudadania","category-noticias-de-hoy","category-ultimas-noticias","tag-atarfe","tag-programa-participativo","tag-psoe"],"jetpack_publicize_connections":[],"jetpack_featured_media_url":"https:\/\/i0.wp.com\/miradordeatarfe.es\/wp-content\/uploads\/2019\/04\/pedro2Bel2Batarfe2Bque2Bquieres2.jpg?fit=1500%2C376&ssl=1","jetpack_likes_enabled":true,"jetpack_sharing_enabled":true,"_links":{"self":[{"href":"https:\/\/miradordeatarfe.es\/index.php?rest_route=\/wp\/v2\/posts\/30285","targetHints":{"allow":["GET"]}}],"collection":[{"href":"https:\/\/miradordeatarfe.es\/index.php?rest_route=\/wp\/v2\/posts"}],"about":[{"href":"https:\/\/miradordeatarfe.es\/index.php?rest_route=\/wp\/v2\/types\/post"}],"author":[{"embeddable":true,"href":"https:\/\/miradordeatarfe.es\/index.php?rest_route=\/wp\/v2\/users\/1"}],"replies":[{"embeddable":true,"href":"https:\/\/miradordeatarfe.es\/index.php?rest_route=%2Fwp%2Fv2%2Fcomments&post=30285"}],"version-history":[{"count":2,"href":"https:\/\/miradordeatarfe.es\/index.php?rest_route=\/wp\/v2\/posts\/30285\/revisions"}],"predecessor-version":[{"id":30290,"href":"https:\/\/miradordeatarfe.es\/index.php?rest_route=\/wp\/v2\/posts\/30285\/revisions\/30290"}],"wp:featuredmedia":[{"embeddable":true,"href":"https:\/\/miradordeatarfe.es\/index.php?rest_route=\/wp\/v2\/media\/30286"}],"wp:attachment":[{"href":"https:\/\/miradordeatarfe.es\/index.php?rest_route=%2Fwp%2Fv2%2Fmedia&parent=30285"}],"wp:term":[{"taxonomy":"category","embeddable":true,"href":"https:\/\/miradordeatarfe.es\/index.php?rest_route=%2Fwp%2Fv2%2Fcategories&post=30285"},{"taxonomy":"post_tag","embeddable":true,"href":"https:\/\/miradordeatarfe.es\/index.php?rest_route=%2Fwp%2Fv2%2Ftags&post=30285"}],"curies":[{"name":"wp","href":"https:\/\/api.w.org\/{rel}","templated":true}]}}