{"id":30308,"date":"2019-04-10T11:15:33","date_gmt":"2019-04-10T09:15:33","guid":{"rendered":"http:\/\/miradordeatarfe.es\/?p=30308"},"modified":"2019-04-10T10:48:01","modified_gmt":"2019-04-10T08:48:01","slug":"atletismo-atarfe-rompiendo-barreras","status":"publish","type":"post","link":"https:\/\/miradordeatarfe.es\/?p=30308","title":{"rendered":"ATLETISMO ATARFE, ROMPIENDO BARRERAS."},"content":{"rendered":"\n<h4 class=\"wp-block-heading\">&#8211; <br> En  el  mundo  del  atletismo  como  en  la  vida  hay  ciertas  l\u00edneas  que  cuesta  tiempo  y  sacrificio  superar  y  por  ello  se  convierten  en  hitos.  <\/h4>\n\n\n\n<p>En  nuestro  deporte  las  barreras  suelen estar representadas por n\u00fameros. <br> As\u00ed  el  primer  humano  que  baj\u00f3  de  10  segundos  en  100  metros  en  condiciones  homologables (viento inferior a 2 m\/s) fue Jim Hynes en la Olimpiada de M\u00e9xico 1968  (9.95)   si  bien  ayudado  por  la  altitud  del  estadio  azteca  siendo  Carl  Lewis  (9.97)  el   primero en conseguirlo a nivel del mar el 14 de mayo de 1983. <\/p>\n\n\n\n<p>Por su parte Christophe  Lemaitre fue el primer blanco en conseguirlo y Bingtian Su el primer asi\u00e1tico. <\/p>\n\n\n\n<p><br> Otros d\u00edgitos que han conformado barreras hist\u00f3ricas y que, por tanto, han hecho pasar  a la historia de nuestro deporte a los atletas que las superaron son por ejemplo: <br> -el 4, el primer hombre en romper la barrera de correr una milla (1609 m) por debajo de  esta marca fue el brit\u00e1nico Roger Bannister, recientemente desaparecido. <br> -el 8, el primer espa\u00f1ol en batir esta marca en longitud fue Rafael Blanquer <br> -el 2, la primera espa\u00f1ola en bajar de 2 minutos en 800 (Mayte Z\u00fa\u00f1iga, adem\u00e1s primera  espa\u00f1ola en disputar una final ol\u00edmpica); la primera mujer en saltar en altura m\u00e1s de  esta m\u00edtica medida fue la germana Rosemari Ackerman (Berl\u00edn, 26 de agosto de 1977)  quien previamente hab\u00eda sido oro ol\u00edmpico en Montreal 1976, todo ello usando la t\u00e9cnica <br> de rodillo ventral; m\u00e1s de actualidad y aun sin batirse est\u00e1 bajar de 2 horas en marat\u00f3n,  Eliud  Kipchoge  y  Nike  parecen  ser  los  que  est\u00e1n  m\u00e1s  aventajados  en  este  reto  (ya  pararon el crono en 2.00.25 y con BREAKING2 esperan conseguirlo mientras se inflan  a vender zapatillas a 250 \u20ac el par). <\/p>\n\n\n\n<p><br> Otras barreras que siguen sin ser derribadas son la de superar los 9 metros en longitud  (el  record  del  mundo  sigue  en  los  8.95  conseguidos  por  Mike  Powell  en  Tokio  \u201991)  aunque Iv\u00e1n Pedroso (actual entrenador de Ana Peleteiro) saltara m\u00e1s de esos 9 metros  en Rieti marca finalmente no homologada por el viento, decisi\u00f3n que fue muy discutida  y pol\u00e9mica entre otras cosas porque se premiaba la haza\u00f1a con un Ferrari Testa Rosa <br> que finalmente no viaj\u00f3 a Cuba. <\/p>\n\n\n\n<p><br> A nivel de iniciaci\u00f3n tambi\u00e9n hay cotas que marcan la evoluci\u00f3n de los atletas y que  suponen un reto y acicate para los atletas. Este fin de semana y salvando las distancias,  una  de  nuestras  m\u00e1s  entusiastas  atletas  ha  conseguido  un  hito  que  marcar\u00e1  su  trayectoria deportiva, por primera vez en su corta carrera atl\u00e9tica ha superado los tres  metros  en longitud.  Elena  Lucena ha brincado hasta 3.24  en su \u00faltimo  intento de la  prueba de la 2\u00aa Jornada del Circuito Provincial de Atletismo en pista N\u00fa\u00f1ez Blanca 2019  disputada  en  Almu\u00f1\u00e9car.  Elena  estaba  acreditada  en  tres  metros  justos  y  ahora  ya  puede presumir de haber superado dicha medida. Seguro que cuando sea una reputada  atleta y compita a nivel internacional recordar\u00e1 este d\u00eda en que bati\u00f3 dicha barrera como  igualmente lo har\u00e1 cuando supere los cuatro, cinco y por qu\u00e9 no, los seis e incluso los <br> siete metros. <\/p>\n\n\n\n<figure class=\"wp-block-image\"><img data-recalc-dims=\"1\" loading=\"lazy\" decoding=\"async\" width=\"640\" height=\"853\" src=\"https:\/\/i0.wp.com\/miradordeatarfe.es\/wp-content\/uploads\/2019\/04\/Elena-Lucena-Almer%C3%ADa-Campto-Andalucia-Oriental-Triatlon-Invierno-2019.jpeg?resize=640%2C853&#038;ssl=1\" alt=\"\" class=\"wp-image-30309\" srcset=\"https:\/\/i0.wp.com\/miradordeatarfe.es\/wp-content\/uploads\/2019\/04\/Elena-Lucena-Almer%C3%ADa-Campto-Andalucia-Oriental-Triatlon-Invierno-2019.jpeg?resize=768%2C1024&amp;ssl=1 768w, https:\/\/i0.wp.com\/miradordeatarfe.es\/wp-content\/uploads\/2019\/04\/Elena-Lucena-Almer%C3%ADa-Campto-Andalucia-Oriental-Triatlon-Invierno-2019.jpeg?resize=225%2C300&amp;ssl=1 225w, https:\/\/i0.wp.com\/miradordeatarfe.es\/wp-content\/uploads\/2019\/04\/Elena-Lucena-Almer%C3%ADa-Campto-Andalucia-Oriental-Triatlon-Invierno-2019.jpeg?resize=600%2C800&amp;ssl=1 600w, https:\/\/i0.wp.com\/miradordeatarfe.es\/wp-content\/uploads\/2019\/04\/Elena-Lucena-Almer%C3%ADa-Campto-Andalucia-Oriental-Triatlon-Invierno-2019.jpeg?w=1200&amp;ssl=1 1200w\" sizes=\"auto, (max-width: 640px) 100vw, 640px\" \/><\/figure>\n\n\n\n<p><br> Otra que se ha apuntado al club de los 3 metros en longitud es Elisabeth L\u00f3pez Lafuente,  distancia  que  consigui\u00f3  en  su  \u00faltimo  intento.  Muy  cerca  de  esta  medida  se  qued\u00f3  Alejandra Rivera (2,97). <br><\/p>\n\n\n\n<p> Para abordar esta segunda jornada del Circuito de Pista Diputaci\u00f3n nos centraremos  hoy en la velocidad pura exclusivamente y pedimos excusas al resto de atletas si bien  os remitimos a nuestra p\u00e1gina web donde est\u00e1n expuestos los resultados completos de  la competici\u00f3n: <br> Comenzamos con los Sub 14 que corren sobre 80 m lisos, destacando los 10.88 de  Manuel Cort\u00e9s Garrido en 80 lisos, sin duda los 1.8 de viento contrario le impidieron  mejorar sus 10.71 que lo mantienen 4\u00ba del ranking andaluz. En esta prueba lo secund\u00f3  muy acertadamente Jorge Luis Torres con 11.31, atleta que marcha 6\u00ba del ranking con  11.02  (otra  barrera  a  derribar  la  de  los  11  segundos  en  80  para  Jorge).  Completan <br> actuaci\u00f3n en Sub 14 Carlos Pe\u00f1a con 13.29 y Daniel Perez, 13.62. <br> Siguiendo con la velocidad y rese\u00f1ando que las marcas se vieron lastradas por el fuerte  viento contrario, destacar en Sub 16 a David Hern\u00e1ndez, primero en 100 con 12.56, algo  lejos de sus 12.14 que lo mantiene 2\u00ba del ranking (bonita barrera para batir la de los 12  segundos). Por su parte, el combinero Pablo Lozano hizo 13.34 (atleta que sigue 7\u00ba del  ranking con 12.60) y Adri\u00e1n L\u00f3pez, 13.78. <\/p>\n\n\n\n<p> Por su parte los Sub 12 tienen un muro dif\u00edcil de franquear en los 9 segundos, quien  est\u00e1 m\u00e1s cerca de conseguirlo es \u00c1lvaro Hern\u00e1ndez que marc\u00f3 9.22 (6\u00ba del ranking con  9.12) y en breve ser\u00e1n Sub 9 Mario Aguilera (9.74), Rayan Radouana (9.94), M\u00e1ximo  Valverde (10.05), Yabir el Haitali (11.23). Que bien pinta este relevo de 4&#215;80. <\/p>\n\n\n\n<p><br> Tambi\u00e9n los Sub 10 tienen un parapeto en los 9 segundos en 50 lisos, encaramado en  la cumbrera est\u00e1 Ibrahim el Haitali (9.01) y llamando a la puerta est\u00e1n David Aranda  (9.12), Jorge Mesa (9.37), Adri\u00e1n Huertas (9.67), Jos\u00e9 Manzano (9.89).<\/p>\n\n\n\n<p>  Las chicas Sub 12 encuentran un hito en rebajar los 10 segundos en 60, Elena Lucena  (10.59), Carolina Lozano (10.93); las sub 14 lo tienen en los 12 segundos en 80: Marta  Hern\u00e1ndez (12.43), Mar\u00eda Gonz\u00e1lez (13.90). <\/p>\n\n\n\n<p><br> El domingo tuvimos la cuarta etapa del Circuito Provincial de Fondo con la disputa de la  cita de Alhama donde la armada se vio algo mermada por la inestabilidad meteorol\u00f3gica,  quienes no se achicaron con la lluvia fueron Carlos Lucena impresionante quinto puesto  en la categor\u00eda y magn\u00edfico tiempo (58, 5\u00ba, 41.18), Antonio M Carrillo (587, 97, 57.38),  Teresa Rica (604, 18\u00aa, 58.15), Rafael Maroto (815, 84, 1h14.01). <\/p>\n","protected":false},"excerpt":{"rendered":"<p>&#8211; En el mundo del atletismo como en la vida hay ciertas l\u00edneas que cuesta&#8230;<\/p>\n","protected":false},"author":1,"featured_media":30310,"comment_status":"closed","ping_status":"closed","sticky":false,"template":"","format":"standard","meta":{"_coblocks_attr":"","_coblocks_dimensions":"","_coblocks_responsive_height":"","_coblocks_accordion_ie_support":"","jetpack_post_was_ever_published":false,"_jetpack_newsletter_access":"","_jetpack_dont_email_post_to_subs":false,"_jetpack_newsletter_tier_id":0,"_jetpack_memberships_contains_paywalled_content":false,"_jetpack_memberships_contains_paid_content":false,"footnotes":"","jetpack_publicize_message":"","jetpack_publicize_feature_enabled":true,"jetpack_social_post_already_shared":false,"jetpack_social_options":{"image_generator_settings":{"template":"highway","default_image_id":0,"enabled":false},"version":2}},"categories":[2,182,186,44,15],"tags":[81,85,322],"class_list":["post-30308","post","type-post","status-publish","format-standard","has-post-thumbnail","hentry","category-atarfe","category-deportes","category-instituciones","category-noticias-de-hoy","category-ultimas-noticias","tag-atarfe","tag-atletismo","tag-deporte"],"jetpack_publicize_connections":[],"jetpack_featured_media_url":"https:\/\/i0.wp.com\/miradordeatarfe.es\/wp-content\/uploads\/2019\/04\/Sub-12-antequera-2019.jpeg?fit=1600%2C900&ssl=1","jetpack_likes_enabled":true,"jetpack_sharing_enabled":true,"_links":{"self":[{"href":"https:\/\/miradordeatarfe.es\/index.php?rest_route=\/wp\/v2\/posts\/30308","targetHints":{"allow":["GET"]}}],"collection":[{"href":"https:\/\/miradordeatarfe.es\/index.php?rest_route=\/wp\/v2\/posts"}],"about":[{"href":"https:\/\/miradordeatarfe.es\/index.php?rest_route=\/wp\/v2\/types\/post"}],"author":[{"embeddable":true,"href":"https:\/\/miradordeatarfe.es\/index.php?rest_route=\/wp\/v2\/users\/1"}],"replies":[{"embeddable":true,"href":"https:\/\/miradordeatarfe.es\/index.php?rest_route=%2Fwp%2Fv2%2Fcomments&post=30308"}],"version-history":[{"count":1,"href":"https:\/\/miradordeatarfe.es\/index.php?rest_route=\/wp\/v2\/posts\/30308\/revisions"}],"predecessor-version":[{"id":30311,"href":"https:\/\/miradordeatarfe.es\/index.php?rest_route=\/wp\/v2\/posts\/30308\/revisions\/30311"}],"wp:featuredmedia":[{"embeddable":true,"href":"https:\/\/miradordeatarfe.es\/index.php?rest_route=\/wp\/v2\/media\/30310"}],"wp:attachment":[{"href":"https:\/\/miradordeatarfe.es\/index.php?rest_route=%2Fwp%2Fv2%2Fmedia&parent=30308"}],"wp:term":[{"taxonomy":"category","embeddable":true,"href":"https:\/\/miradordeatarfe.es\/index.php?rest_route=%2Fwp%2Fv2%2Fcategories&post=30308"},{"taxonomy":"post_tag","embeddable":true,"href":"https:\/\/miradordeatarfe.es\/index.php?rest_route=%2Fwp%2Fv2%2Ftags&post=30308"}],"curies":[{"name":"wp","href":"https:\/\/api.w.org\/{rel}","templated":true}]}}