{"id":30323,"date":"2019-04-12T08:14:57","date_gmt":"2019-04-12T06:14:57","guid":{"rendered":"http:\/\/miradordeatarfe.es\/?p=30323"},"modified":"2019-04-09T21:10:51","modified_gmt":"2019-04-09T19:10:51","slug":"mentiras-electorales-2","status":"publish","type":"post","link":"https:\/\/miradordeatarfe.es\/?p=30323","title":{"rendered":"MENTIRAS ELECTORALES (2)"},"content":{"rendered":"\n<h4 class=\"wp-block-heading\">La vicesecretaria de Pol\u00edtica Social del Partido Popular y alcaldesa de Logro\u00f1o, <a href=\"https:\/\/cadenaser.com\/tag\/concepcion_gamarra_ruiz_clavijo\/a\/\">Cuca Gamarra<\/a>, afirma en Twitter que <a href=\"https:\/\/cadenaser.com\/ser\/2019\/03\/13\/sociedad\/1552510566_319264.html\">la medida de los <em>populares<\/em> para que las mujeres inmigrantes en situaci\u00f3n irregular no sean expulsadas de Espa\u00f1a si dan un hijo en adopci\u00f3n<\/a> <strong>es una manera de evitar que ni\u00f1os \u00abacaben en los contenedores\u00bb<\/strong>.<\/h4>\n\n\n\n<p>Cuca Gamarra ha contestado a as\u00ed a un tuit de <a href=\"https:\/\/cadenaser.com\/tag\/adriana_lastra_fernandez\/a\/\">Adriana Lastra<\/a>, la vicesecretaria general del PSOE, en el que calificaba la propuesta de \u00abxen\u00f3foba, inaceptable, indigna y cruel\u00bb. Los <em>populares<\/em> abogan por <strong>paralizar la expulsi\u00f3n de una mujer inmigrante<\/strong> \u2014s\u00f3lo por un periodo de tiempo que no concretan\u2014 si dan a un hijo en adopci\u00f3n. <a rel=\"noreferrer noopener\" href=\"https:\/\/twitter.com\/cucagamarra\/status\/1105954377775398912\" target=\"_blank\">Gamarra escrib\u00eda en la red social<\/a>: <em>\u00abEsta  medida forma parte del protocolo contra el abandono de beb\u00e9s en Madrid.  En Madrid, entre 30-40 ni\u00f1os no son abandonados y se entregan en  adopci\u00f3n con esta medida. Lamentablemente, muchos todav\u00eda aparecen en  contenedores, eso es lo indigno y cruel. \u00bfPrefieres no evitarlo?\u00bb.\u00a0<\/em><\/p>\n\n\n\n<p>Hablan de un blindaje temporal, aunque una vez terminado el proceso \nde adopci\u00f3n, s\u00ed pueden ser devueltas a sus pa\u00edses. Podr\u00eda ser deportadas\n como cualquier inmigrante en situaci\u00f3n irregular.<\/p>\n\n\n\n<h3 class=\"wp-block-heading\">Gema Igual repica el discurso<\/h3>\n\n\n\n<p>La alcaldesa de Santander, la popular Gema Igual, se ha sumado al \ndiscurso asegurando que prefiere que los ni\u00f1os de mujeres en situaci\u00f3n \nirregular en Espa\u00f1a \u00abno acaben en vertederos\u00bb. <a href=\"https:\/\/cadenaser.com\/emisora\/2019\/03\/14\/radio_santander\/1552564294_729246.html\">As\u00ed se ha pronunciado la regidora tras ser cuestionada sobre la pol\u00e9mica iniciativa de su partido en el \u00e1mbito de la maternidad.<\/a><\/p>\n\n\n\n<p>\u00abMe parece acertado que se pueda evitar que una persona, por miedo a \ndar a luz en un hospital, nos los podamos encontrar en un vertedero\u00bb, ha\n dicho Gema Igual. \u00abQuiero que esa facilidad de dar el ni\u00f1o en adopci\u00f3n,\n ni le beneficie ni le perjudique. <strong>No quiero que esa persona sea\n deportada a su pa\u00eds por este hecho. Lo que no quiero es que haya ni\u00f1os \nen un vertedero&#8230; porque los hay\u00bb<\/strong>, concluye Gema Igual.<\/p>\n","protected":false},"excerpt":{"rendered":"<p>La vicesecretaria de Pol\u00edtica Social del Partido Popular y alcaldesa de Logro\u00f1o, Cuca Gamarra, afirma&#8230;<\/p>\n","protected":false},"author":1,"featured_media":30324,"comment_status":"closed","ping_status":"closed","sticky":false,"template":"","format":"standard","meta":{"_coblocks_attr":"","_coblocks_dimensions":"","_coblocks_responsive_height":"","_coblocks_accordion_ie_support":"","jetpack_post_was_ever_published":false,"_jetpack_newsletter_access":"","_jetpack_dont_email_post_to_subs":false,"_jetpack_newsletter_tier_id":0,"_jetpack_memberships_contains_paywalled_content":false,"_jetpack_memberships_contains_paid_content":false,"footnotes":"","jetpack_publicize_message":"","jetpack_publicize_feature_enabled":true,"jetpack_social_post_already_shared":false,"jetpack_social_options":{"image_generator_settings":{"template":"highway","default_image_id":0,"enabled":false},"version":2}},"categories":[1161,44,15],"tags":[5806,5900,42],"class_list":["post-30323","post","type-post","status-publish","format-standard","has-post-thumbnail","hentry","category-ciudadania","category-noticias-de-hoy","category-ultimas-noticias","tag-elecciones-generales","tag-mentiras-electorales","tag-politica"],"jetpack_publicize_connections":[],"jetpack_featured_media_url":"https:\/\/i0.wp.com\/miradordeatarfe.es\/wp-content\/uploads\/2019\/04\/1552563271_058257_1552571563_noticia_normal_recorte1.jpg?fit=1300%2C845&ssl=1","jetpack_likes_enabled":true,"jetpack_sharing_enabled":true,"_links":{"self":[{"href":"https:\/\/miradordeatarfe.es\/index.php?rest_route=\/wp\/v2\/posts\/30323","targetHints":{"allow":["GET"]}}],"collection":[{"href":"https:\/\/miradordeatarfe.es\/index.php?rest_route=\/wp\/v2\/posts"}],"about":[{"href":"https:\/\/miradordeatarfe.es\/index.php?rest_route=\/wp\/v2\/types\/post"}],"author":[{"embeddable":true,"href":"https:\/\/miradordeatarfe.es\/index.php?rest_route=\/wp\/v2\/users\/1"}],"replies":[{"embeddable":true,"href":"https:\/\/miradordeatarfe.es\/index.php?rest_route=%2Fwp%2Fv2%2Fcomments&post=30323"}],"version-history":[{"count":1,"href":"https:\/\/miradordeatarfe.es\/index.php?rest_route=\/wp\/v2\/posts\/30323\/revisions"}],"predecessor-version":[{"id":30325,"href":"https:\/\/miradordeatarfe.es\/index.php?rest_route=\/wp\/v2\/posts\/30323\/revisions\/30325"}],"wp:featuredmedia":[{"embeddable":true,"href":"https:\/\/miradordeatarfe.es\/index.php?rest_route=\/wp\/v2\/media\/30324"}],"wp:attachment":[{"href":"https:\/\/miradordeatarfe.es\/index.php?rest_route=%2Fwp%2Fv2%2Fmedia&parent=30323"}],"wp:term":[{"taxonomy":"category","embeddable":true,"href":"https:\/\/miradordeatarfe.es\/index.php?rest_route=%2Fwp%2Fv2%2Fcategories&post=30323"},{"taxonomy":"post_tag","embeddable":true,"href":"https:\/\/miradordeatarfe.es\/index.php?rest_route=%2Fwp%2Fv2%2Ftags&post=30323"}],"curies":[{"name":"wp","href":"https:\/\/api.w.org\/{rel}","templated":true}]}}