{"id":30326,"date":"2019-04-18T09:18:21","date_gmt":"2019-04-18T07:18:21","guid":{"rendered":"http:\/\/miradordeatarfe.es\/?p=30326"},"modified":"2019-04-10T11:37:06","modified_gmt":"2019-04-10T09:37:06","slug":"sanidad-privada-14-dias-para-ver-al-especialista","status":"publish","type":"post","link":"https:\/\/miradordeatarfe.es\/?p=30326","title":{"rendered":"Sanidad privada: 14 d\u00edas para ver al especialista"},"content":{"rendered":"\n<h4 class=\"wp-block-heading\">Las listas de espera en la sanidad  privada son menores que las de la sanidad p\u00fablica, pero tampoco se  quedan cortas. Conoce los plazos para cada aseguradora en funci\u00f3n de la  especialidad y la ciudad en la que vives. <\/h4>\n\n\n\n<p>En OCU hemos comparado las listas de espera de varias aseguradoras \ncorrespondiente a 7 especialidades (Cardiolog\u00eda, Dermatolog\u00eda, \nDigestivo, Ginecolog\u00eda, Oftalmolog\u00eda, Traumatolog\u00eda y Urolog\u00eda) para \ncomprobar si es cierto que, como suele pensarse, esta modalidad de \nmedicina privada es una alternativa libre de tiempos de espera.<\/p>\n\n\n\n<p>Para ello, hemos elegido las compa\u00f1\u00edas m\u00e1s populares, adem\u00e1s de las \nmejores seg\u00fan el comparador OCU de seguros, y hemos realizado 2.254 \nllamadas a diferentes especialistas con consultas en 5 ciudades \nespa\u00f1olas grandes (Madrid, Barcelona, Valencia, Sevilla y Bilbao) y en \notras 5 m\u00e1s peque\u00f1as (C\u00e1ceres, Pontevedra, Cuenca, Soria y Teruel). <\/p>\n\n\n\n<h3 class=\"wp-block-heading\">\u00bfCu\u00e1nto tengo que esperar para el especialista?<\/h3>\n\n\n\n<p>En el siguiente gr\u00e1fico, vemos que la espera media por especialidad es de <strong>12 d\u00edas para Oftalmolog\u00eda, Traumatolog\u00eda y Urolog\u00eda<\/strong>; <strong>13 d\u00edas para Ginecolog\u00eda<\/strong>; <strong>14 d\u00edas para Cardiolog\u00eda<\/strong>; <strong>17 d\u00edas para Dermatolog\u00eda<\/strong> y <strong>19 d\u00edas para Digestivo<\/strong>. En cualquier caso, estos plazos son significativamente inferiores a los que se enfrenta un paciente en el <a href=\"https:\/\/aline.es.es.cm.sitecore.pro.conseur.org\/salud\/derechos-paciente\/informe\/tiempo-lista-espera-sanidad\">sistema p\u00fablico de salud<\/a>.&nbsp;<\/p>\n\n\n\n<p>Estas medias se obtuvieron a partir de una amplia selecci\u00f3n de especialistas hecha al azar, pero <strong>seguramente puedas<\/strong> <strong>acortar la espera si pides cita a otro de los m\u00e9dicos del cuadro de la aseguradora<\/strong>. Aunque esto \u00faltimo depender\u00e1 mucho de la cantidad de especialistas que haya en tu ciudad.<\/p>\n\n\n\n<figure class=\"wp-block-image\"><img data-recalc-dims=\"1\" decoding=\"async\" src=\"https:\/\/i0.wp.com\/www.ocu.org\/-\/media\/ocu\/images\/home\/salud\/derechos%20paciente\/lista-espera-sanidad-privada-especialidad.jpg?w=640&#038;ssl=1\" alt=\"lista-espera-sanidad-privada-especialidad\"\/><\/figure>\n\n\n\n<h3 class=\"wp-block-heading\">Cuenca, Pontevedra y Madrid, las ciudades m\u00e1s r\u00e1pidas<\/h3>\n\n\n\n<p>OCU tambi\u00e9n ha querido conocer si existen diferencias notables entre \nlas esperas dependiendo del tama\u00f1o de la ciudad, y hemos visto que no es\n necesariamente as\u00ed.<strong> Cuenca (10 d\u00edas de media) <\/strong>y <strong>Madrid y Pontevedra (11 d\u00edas de media<\/strong>) son las ciudades donde menos hay que esperar.&nbsp;&nbsp;<\/p>\n\n\n\n<p>Sin embargo, la cosa cambia bastante si hablamos de <strong>C\u00e1ceres (24 d\u00edas) y Bilbao (22 d\u00edas)<\/strong>.\n En el caso de vivir en estas ciudades, conviene plantearse seriamente \nsi compensa contratar un seguro privado, especialmente si se tiene en \ncuenta que el Pa\u00eds Vasco es la comunidad aut\u00f3noma con la media de espera\n del sistema p\u00fablico de salud m\u00e1s breve: apenas 22 d\u00edas. <\/p>\n\n\n\n<p>Con todo, estos <strong>resultados var\u00edan seg\u00fan la compa\u00f1\u00eda aseguradora que se tenga contratada<\/strong>.<\/p>\n\n\n\n<figure class=\"wp-block-image\"><img data-recalc-dims=\"1\" decoding=\"async\" src=\"https:\/\/i0.wp.com\/www.ocu.org\/-\/media\/ocu\/images\/home\/salud\/derechos%20paciente\/lista-espera-sanidad-privada-ciudades.jpg?w=640&#038;ssl=1\" alt=\"lista-espera-sanidad-privada-ciudades\"\/><\/figure>\n\n\n\n<h3 class=\"wp-block-heading\">Sanidad privada: hace falta m\u00e1s transparencia<\/h3>\n\n\n\n<p>Hoy en d\u00eda, y a diferencia de la sanidad p\u00fablica, las aseguradoras no\n hacen p\u00fablicos los datos relativos a las listas de espera. <\/p>\n\n\n\n<p>En OCU creemos que hace falta que las compa\u00f1\u00edas de asistencia sanitaria sean m\u00e1s transparentes y que deber\u00edan <strong>publicar los datos sobre la espera real que sufren sus clientes a la hora de recibir alg\u00fan servicio<\/strong>.\n Solo as\u00ed estar\u00e1n plenamente informados a la hora de tomar decisiones \ncomo qu\u00e9 seguro sanitario contratar y con qu\u00e9 empresa hacerlo. Sea como \nsea, recuerda que la cobertura del servicio de la sanidad p\u00fablica es muy\n superior al de cualquier aseguradora y que estas compa\u00f1\u00edas juegan con \nsus propias normas: suben las primas, aplican exclusiones y no admiten \nnuevos asegurados mayores.&nbsp;<\/p>\n\n\n\n<p>Adem\u00e1s de esto, tenemos en marcha un movimiento ciudadano con el que  queremos promover una serie de cambios en materia sanitaria, entre los  que se incluye la reducci\u00f3n de las listas de espera. Si quieres  ayudarnos a lograr una vida m\u00e1s saludable y al alcance de todos, <strong>ap\u00fantate a nuestra campa\u00f1a <em>Defiende tu Salud<\/em>.<\/strong><\/p>\n\n\n\n<p><a href=\"https:\/\/www.ocu.org\/salud\/derechos-paciente\/noticias\/lista-espera-sanidad-privada\">https:\/\/www.ocu.org\/salud\/derechos-paciente\/noticias\/lista-espera-sanidad-privada<\/a><\/p>\n","protected":false},"excerpt":{"rendered":"<p>Las listas de espera en la sanidad privada son menores que las de la sanidad&#8230;<\/p>\n","protected":false},"author":1,"featured_media":30327,"comment_status":"closed","ping_status":"closed","sticky":false,"template":"","format":"standard","meta":{"_coblocks_attr":"","_coblocks_dimensions":"","_coblocks_responsive_height":"","_coblocks_accordion_ie_support":"","jetpack_post_was_ever_published":false,"_jetpack_newsletter_access":"","_jetpack_dont_email_post_to_subs":false,"_jetpack_newsletter_tier_id":0,"_jetpack_memberships_contains_paywalled_content":false,"_jetpack_memberships_contains_paid_content":false,"footnotes":"","jetpack_publicize_message":"","jetpack_publicize_feature_enabled":true,"jetpack_social_post_already_shared":false,"jetpack_social_options":{"image_generator_settings":{"template":"highway","default_image_id":0,"enabled":false},"version":2}},"categories":[1161,44,15,10],"tags":[5901,5758],"class_list":["post-30326","post","type-post","status-publish","format-standard","has-post-thumbnail","hentry","category-ciudadania","category-noticias-de-hoy","category-ultimas-noticias","category-salud","tag-lista-de-espera","tag-sanidad-privada"],"jetpack_publicize_connections":[],"jetpack_featured_media_url":"https:\/\/i0.wp.com\/miradordeatarfe.es\/wp-content\/uploads\/2019\/04\/lista-espera-sanidad-privada.jpg?fit=660%2C371&ssl=1","jetpack_likes_enabled":true,"jetpack_sharing_enabled":true,"_links":{"self":[{"href":"https:\/\/miradordeatarfe.es\/index.php?rest_route=\/wp\/v2\/posts\/30326","targetHints":{"allow":["GET"]}}],"collection":[{"href":"https:\/\/miradordeatarfe.es\/index.php?rest_route=\/wp\/v2\/posts"}],"about":[{"href":"https:\/\/miradordeatarfe.es\/index.php?rest_route=\/wp\/v2\/types\/post"}],"author":[{"embeddable":true,"href":"https:\/\/miradordeatarfe.es\/index.php?rest_route=\/wp\/v2\/users\/1"}],"replies":[{"embeddable":true,"href":"https:\/\/miradordeatarfe.es\/index.php?rest_route=%2Fwp%2Fv2%2Fcomments&post=30326"}],"version-history":[{"count":2,"href":"https:\/\/miradordeatarfe.es\/index.php?rest_route=\/wp\/v2\/posts\/30326\/revisions"}],"predecessor-version":[{"id":30330,"href":"https:\/\/miradordeatarfe.es\/index.php?rest_route=\/wp\/v2\/posts\/30326\/revisions\/30330"}],"wp:featuredmedia":[{"embeddable":true,"href":"https:\/\/miradordeatarfe.es\/index.php?rest_route=\/wp\/v2\/media\/30327"}],"wp:attachment":[{"href":"https:\/\/miradordeatarfe.es\/index.php?rest_route=%2Fwp%2Fv2%2Fmedia&parent=30326"}],"wp:term":[{"taxonomy":"category","embeddable":true,"href":"https:\/\/miradordeatarfe.es\/index.php?rest_route=%2Fwp%2Fv2%2Fcategories&post=30326"},{"taxonomy":"post_tag","embeddable":true,"href":"https:\/\/miradordeatarfe.es\/index.php?rest_route=%2Fwp%2Fv2%2Ftags&post=30326"}],"curies":[{"name":"wp","href":"https:\/\/api.w.org\/{rel}","templated":true}]}}