{"id":30331,"date":"2019-04-13T08:40:11","date_gmt":"2019-04-13T06:40:11","guid":{"rendered":"http:\/\/miradordeatarfe.es\/?p=30331"},"modified":"2019-04-09T21:53:23","modified_gmt":"2019-04-09T19:53:23","slug":"mentiras-electorales-3","status":"publish","type":"post","link":"https:\/\/miradordeatarfe.es\/?p=30331","title":{"rendered":"MENTIRAS ELECTORALES (3)"},"content":{"rendered":"\n<h4 class=\"wp-block-heading\">Pablo Casado cree que tiene que haber cazadores \u00abpara que los animalitos no se pongan enfermos\u00bb<\/h4>\n\n\n\n<p>El l\u00edder del PP respond\u00eda as\u00ed a la pregunta de un ni\u00f1o sobre la actividad cineg\u00e9tica<\/p>\n\n\n\n<p><a href=\"https:\/\/cadenaser.com\/tag\/pablo_casado_blanco\/a\/\">Pablo Casado<\/a> estrenaba este lunes el <a href=\"https:\/\/www.telecinco.es\/elprogramadeanarosa\/casado-defiende-caza-ninos-animalitos-enfermos_2_2728455128.html\">espacio del Programa de Ana Rosa<\/a>\n por el que pasar\u00e1n los l\u00edderes de los principales partidos pol\u00edticos \npara ser sometidos, entre otras cosas, a las preguntas de los m\u00e1s \npeque\u00f1os.<\/p>\n\n\n\n<p>Los ni\u00f1os y ni\u00f1as han preguntado al candidato del <a href=\"https:\/\/cadenaser.com\/tag\/pp_partido_popular\/a\/\">Partido Popular<\/a> a las <a href=\"https:\/\/cadenaser.com\/tag\/elecciones_generales_2019\/a\/\">Elecciones Generales del 28-A<\/a>\n sobre todo tipo de temas. Una de las cuestiones que m\u00e1s ha llamado la \natenci\u00f3n, no solo por la pregunta, sino tambi\u00e9n por la respuesta de \nCasado, <strong>ha sido una realizada por un ni\u00f1o sobre la caza.<\/strong><\/p>\n\n\n\n<p>\u201c\u00bfCrees que en vez de hacer que se cace en parques nacionales se \ndeber\u00eda meter depredadores como el lobo que saben elegir la presa que \ncazar y que el ser humano no sabe bien porque a lo mejor mata a una \nmadre? <strong>Al final los matan para cortarle la cabeza y ponerla de trofeo. Para eso que pongan lobos y m\u00e1s depredadores para comer\u201d<\/strong>, preguntaba el ni\u00f1o, a quien no le gustaba la caza.<\/p>\n\n\n\n<p>Ante esta peculiar pregunta, Casado respond\u00eda tajantemente en un primer momento, asegurando que <strong>\u00abquien quiera cazar, pescar o ir a los toros, que lo haga,<\/strong>\n pero siempre que se regule porque hay veces si no hay ning\u00fan otro \nanimal que los cace\u00bb. \u00abCuando no es posible que haya animales \ndepredadores tiene que haber cazadores <strong>para que los animalitos no se pongan enfermos\u00bb<\/strong>, a\u00f1ad\u00eda y advert\u00eda del riesgo que tiene introducir un lobo en zonas cercanas a las poblaciones.<\/p>\n\n\n\n<p>R\u00e1pidamente, el l\u00edder del PP ha desviado la atenci\u00f3n anunciando el fichaje del torero <a href=\"https:\/\/cadenaser.com\/tag\/miguel_abellan\/a\/\">Miguel Abell\u00e1n<\/a> para las listas al Congreso por Madrid. Una respuesta, que lo llevaba directamente a indicar que \u201cyo <strong>no entiendo mucho de toros, pero lo respeto porque es una tradici\u00f3n nacional y lo defiendo\u201d.<\/strong><\/p>\n\n\n\n<p><strong>\u201cHay muchos pueblos que dependen de la gasolinera, del bar,<\/strong>  de cuando la gente va a cazar y a pescar. Si se hace todo bien, cada  uno que decida\u201d, continuaba Casado, antes de finalizar se\u00f1alando que  Abell\u00e1n <strong>\u201ces un tipo maj\u00edsimo\u201d.<\/strong><\/p>\n\n\n\n<p><a href=\"https:\/\/cadenaser.com\/ser\/2019\/03\/26\/politica\/1553618376_149609.html\">https:\/\/cadenaser.com\/ser\/2019\/03\/26\/politica\/1553618376_149609.html<\/a><\/p>\n","protected":false},"excerpt":{"rendered":"<p>Pablo Casado cree que tiene que haber cazadores \u00abpara que los animalitos no se pongan&#8230;<\/p>\n","protected":false},"author":1,"featured_media":30332,"comment_status":"closed","ping_status":"closed","sticky":false,"template":"","format":"standard","meta":{"_coblocks_attr":"","_coblocks_dimensions":"","_coblocks_responsive_height":"","_coblocks_accordion_ie_support":"","jetpack_post_was_ever_published":false,"_jetpack_newsletter_access":"","_jetpack_dont_email_post_to_subs":false,"_jetpack_newsletter_tier_id":0,"_jetpack_memberships_contains_paywalled_content":false,"_jetpack_memberships_contains_paid_content":false,"footnotes":"","jetpack_publicize_message":"","jetpack_publicize_feature_enabled":true,"jetpack_social_post_already_shared":false,"jetpack_social_options":{"image_generator_settings":{"template":"highway","default_image_id":0,"enabled":false},"version":2}},"categories":[1161,186,44,15],"tags":[171,5900,42],"class_list":["post-30331","post","type-post","status-publish","format-standard","has-post-thumbnail","hentry","category-ciudadania","category-instituciones","category-noticias-de-hoy","category-ultimas-noticias","tag-elecciones","tag-mentiras-electorales","tag-politica"],"jetpack_publicize_connections":[],"jetpack_featured_media_url":"https:\/\/i0.wp.com\/miradordeatarfe.es\/wp-content\/uploads\/2019\/04\/pablo-casado-toros-tve.jpg?fit=770%2C420&ssl=1","jetpack_likes_enabled":true,"jetpack_sharing_enabled":true,"_links":{"self":[{"href":"https:\/\/miradordeatarfe.es\/index.php?rest_route=\/wp\/v2\/posts\/30331","targetHints":{"allow":["GET"]}}],"collection":[{"href":"https:\/\/miradordeatarfe.es\/index.php?rest_route=\/wp\/v2\/posts"}],"about":[{"href":"https:\/\/miradordeatarfe.es\/index.php?rest_route=\/wp\/v2\/types\/post"}],"author":[{"embeddable":true,"href":"https:\/\/miradordeatarfe.es\/index.php?rest_route=\/wp\/v2\/users\/1"}],"replies":[{"embeddable":true,"href":"https:\/\/miradordeatarfe.es\/index.php?rest_route=%2Fwp%2Fv2%2Fcomments&post=30331"}],"version-history":[{"count":2,"href":"https:\/\/miradordeatarfe.es\/index.php?rest_route=\/wp\/v2\/posts\/30331\/revisions"}],"predecessor-version":[{"id":30337,"href":"https:\/\/miradordeatarfe.es\/index.php?rest_route=\/wp\/v2\/posts\/30331\/revisions\/30337"}],"wp:featuredmedia":[{"embeddable":true,"href":"https:\/\/miradordeatarfe.es\/index.php?rest_route=\/wp\/v2\/media\/30332"}],"wp:attachment":[{"href":"https:\/\/miradordeatarfe.es\/index.php?rest_route=%2Fwp%2Fv2%2Fmedia&parent=30331"}],"wp:term":[{"taxonomy":"category","embeddable":true,"href":"https:\/\/miradordeatarfe.es\/index.php?rest_route=%2Fwp%2Fv2%2Fcategories&post=30331"},{"taxonomy":"post_tag","embeddable":true,"href":"https:\/\/miradordeatarfe.es\/index.php?rest_route=%2Fwp%2Fv2%2Ftags&post=30331"}],"curies":[{"name":"wp","href":"https:\/\/api.w.org\/{rel}","templated":true}]}}