{"id":30339,"date":"2019-04-17T08:30:54","date_gmt":"2019-04-17T06:30:54","guid":{"rendered":"http:\/\/miradordeatarfe.es\/?p=30339"},"modified":"2019-04-16T21:05:46","modified_gmt":"2019-04-16T19:05:46","slug":"mentiras-electorales-5","status":"publish","type":"post","link":"https:\/\/miradordeatarfe.es\/?p=30339","title":{"rendered":"MENTIRAS ELECTORALES (5)"},"content":{"rendered":"\n<h4 class=\"wp-block-heading\">La semana empez\u00f3 con las valoraciones que hicieron los partidos de  las movilizaciones del 8 de marzo. Todos ten\u00edan algo que decir, hubieran  participado o no. <a href=\"https:\/\/cadenaser.com\/tag\/vox_espana\/a\/\">Vox<\/a>  no se sali\u00f3 de su guion y entr\u00f3 en el resbaladizo asunto de la  violencia de g\u00e9nero. Y minti\u00f3. <\/h4>\n\n\n\n<p>En esta ocasi\u00f3n la responsable de  difundir la mentira fue Roc\u00edo Monasterio, una de las voces con mayor  proyecci\u00f3n p\u00fablica del partido. La presidenta de <a href=\"https:\/\/cadenaser.com\/tag\/vox_espana\/a\/\">Vox<\/a> en Madrid se estrena en esta secci\u00f3n por esta reflexi\u00f3n que hizo en El Programa de Ana Rosa, en Telecinco: \u00ab<strong>Hay  que cambiar y mejorar una ley que ha sido un fracaso y las cifras nos  lo est\u00e1n demostrando. Tendr\u00edamos que estar todos comprometidos por  mejorar esa ley, que no ha resultado. Cualquiera que vea un telediario,  ver\u00e1 que esa ley ha sido un fracaso<\/strong>\u00ab. <em>Argumenta Monasterio que  las cifras nos lo est\u00e1n demostrando, pero no sabemos cu\u00e1l su fuente. En  cualquier caso, no se trata de las estad\u00edsticas oficiales.<\/em><\/p>\n\n\n\n<p><em>Desde 2003, se publica la evoluci\u00f3n del n\u00famero de v\u00edctimas mortales por <\/em><a href=\"https:\/\/cadenaser.com\/tag\/violencia_genero\/a\/\"><em>violencia de g\u00e9nero<\/em><\/a><em>  en Espa\u00f1a. El peor a\u00f1o fue 2008, cuando 76 mujeres fueron asesinadas.  Desde entonces, no hemos vuelto a tener un registro tan malo y las  cifras han ido bajando. En 2018, fueron 47 las v\u00edctimas mortales. El a\u00f1o  anterior, 51. <\/em><strong><em>Es decir, las estad\u00edsticas empezaron con m\u00e1s de setenta muertas y ahora estamos en menos de cincuenta.<\/em><\/strong><em>  Por supuesto, no hay motivos para el triunfalismo, pero tampoco para  decir que la ley de violencia de g\u00e9nero haya sido un fracaso.<\/em><\/p>\n\n\n\n<p>Si Monasterio quisiera documentarse, tambi\u00e9n podr\u00eda echar un vistazo a <a href=\"http:\/\/www.interior.gob.es\/web\/servicios-al-ciudadano\/violencia-contra-la-mujer\/sistema-viogen\" rel=\"noreferrer noopener\" target=\"_blank\">las estad\u00edsticas de VIOGEN.<\/a>\n Es el Sistema de seguimiento integral en los casos de Violencia de \nG\u00e9nero. Son datos oficiales que ofrece el Ministerio de Interior y que \nse actualizaron el pasado 28 de febrero. <strong>Reflejan que 58.000 \nmujeres, despu\u00e9s de la denuncia y la valoraci\u00f3n policial, tienen alg\u00fan \ntipo de seguimiento, en funci\u00f3n del riesgo al que est\u00e9n expuestas<\/strong>. Ahora, seg\u00fan estos datos oficiales, diez tienen riesgo extremo.<\/p>\n\n\n\n<p>Si Vox quisiera ampliar el foco, podr\u00eda consultar los datos de pa\u00edses\n de nuestro entorno. En Hoy por Hoy, nos hemos fijado en dos. La agencia\n de noticias italiana ANSA &#8211; el equivalente a la agencia EFE en Espa\u00f1a &#8211;\n destaca que <a href=\"http:\/\/www.ansa.it\/sito\/notizie\/cronaca\/2018\/03\/07\/8-marzo-121-donne-uccise-nel-2017_7d3c4e1c-0632-4654-ae75-c6faf257cdf1.html\" rel=\"noreferrer noopener\" target=\"_blank\">en 10 a\u00f1os han pasado de 150 muertas a 121 en 2017.<\/a> Ese mismo a\u00f1o, en Francia, fueron asesinadas 109 mujeres. En Espa\u00f1a, 51.<\/p>\n\n\n\n<h3 class=\"wp-block-heading\">Albert Rivera se inventa la historia del PSOE<\/h3>\n\n\n\n<p><a href=\"https:\/\/cadenaser.com\/tag\/albert_rivera\/a\/\">Albert Rivera<\/a>  repite en esta secci\u00f3n y lo hace por partida doble. Estuvo en TVEcon  Carlos Franganillo que, como era l\u00f3gico, empez\u00f3 pregunt\u00e1ndole por el  fraude en las primarias de Castilla y Le\u00f3n. As\u00ed respondi\u00f3 Albert Rivera:  \u00abLo que tengo claro es que este partido es un partido democr\u00e1tico. <strong>En otros partidos est\u00e1n prohibidas, en el Partido Popular, esto no puede suceder<\/strong>  que haya un candidato que gane las primarias porque est\u00e1 prohibido  votar a candidatos para ser presidente de gobierno en las primarias. <strong>En el PSOE, tampoco.<\/strong> En Ciudadanos, tenemos m\u00e1s de 300 primarias celebradas en los \u00faltimos cuatro a\u00f1os\u00bb. Precisamente<strong>, el PSOE es un pionero en las primarias<\/strong>,  <em>porque ya las hac\u00eda en la Segunda Rep\u00fablica, pero la Guerra Civil y la  dictadura se las llevaron por delante. El partido las recuper\u00f3 en 1998,  con esa batalla entre <\/em><a href=\"https:\/\/cadenaser.com\/tag\/jose_borrell_fontelles\/a\/\"><em>Josep Borrell<\/em><\/a><em>  y el secretario general del partido, Joaqu\u00edn Almunia. Gan\u00f3 Borrell,  despu\u00e9s renunci\u00f3 y Almunia, que era el candidato oficialista, perdi\u00f3 las  elecciones en el 2000. En 2013, los socialistas dieron un paso m\u00e1s&#8230; Y  as\u00ed lo anunci\u00f3 \u00d3scar L\u00f3pez, cuando era secretario de organizaci\u00f3n del  PSOE. \u00ab<\/em><strong><em>Seremos los primeros en hacer primarias abiertas en Espa\u00f1a para elegir al presidente del Gobierno<\/em><\/strong><em>.\u00bb<\/em><\/p>\n\n\n\n<p>Tampoco es preciso Rivera cuando se refiere al PP. Da a entender que \ntienen prohibido votar, cuando la realidad es que los populares tienen \nun sistema de doble votaci\u00f3n. Primero votan los militantes y despu\u00e9s los\n compromisarios. El ganador se convierte autom\u00e1ticamente en candidato a \nla Presidencia.<\/p>\n\n\n\n<h3 class=\"wp-block-heading\">El falso indulto de S\u00e1nchez<\/h3>\n\n\n\n<p>Ciudadanos lleva en su ADN la cr\u00edtica al independentismo y Albert  Rivera hizo una afirmaci\u00f3n que es clamorosamente falsa: \u00bb Yo si soy  presidente no habr\u00e1 mediador con los que han dado un golpe de estado.  Habr\u00e1 ley y justicia. <strong>Yo si soy presidente, a diferencia de S\u00e1nchez, no prometo indultos a los que han dado un golpe.<\/strong>  Yo no quiero indultos. Quiero justicia\u00bb. <em><strong>Rivera sostiene que S\u00e1nchez ha  prometido indultos. No cita en qu\u00e9 momento lo ha hecho, porque no  puede, porque no existe ninguna declaraci\u00f3n en la que <\/strong><\/em><a href=\"https:\/\/cadenaser.com\/tag\/pedro_sanchez_perez_castejon\/a\/\"><em><strong>Pedro S\u00e1nchez<\/strong><\/em><\/a><em><strong>  haya prometido semejante cosa. <\/strong><\/em>Estas mentiras las pudimos escuchar en  horario de m\u00e1xima audiencia en la televisi\u00f3n p\u00fablica con una <strong>discreta acogida: un 8% de cuota de pantalla. 1.440.000 espectadores.<\/strong><\/p>\n\n\n\n<h3 class=\"wp-block-heading\">La ley electoral no da la raz\u00f3n a Puigdemont<\/h3>\n\n\n\n<p><a href=\"https:\/\/cadenaser.com\/tag\/carles_puigdemont\/a\/\">Carles Puigdemont<\/a>  ya est\u00e1 en campa\u00f1a para ser eurodiputado. Explic\u00f3 sus intenciones a  Jordi Bast\u00e9 en RAC1. El periodista le recuerda que para ejercer de  eurodiputado tiene que pasar por Madrid para recoger el acta. Puigdemont  responde con un \u00abNo necesariamente. El que manda es el reglamento del  Parlamento Europeo y el Tribunal de Justicia de la Uni\u00f3n Europea\u00bb. <strong><a href=\"https:\/\/cadenaser.com\/ser\/2019\/03\/12\/internacional\/1552393515_197216.html\">A priori, la ley electoral espa\u00f1ola no avala las palabras de Puigdemont<\/a>,<\/strong> porque Espa\u00f1a tiene una peculiaridad. <strong><em>A  diferencia de otros pa\u00edses comunitarios, en los que no es necesario,  aqu\u00ed los eurodiputados tienen que pasar por la Junta Electoral Central.<\/em><\/strong><em> Lo dice el art\u00edculo 224.<\/em><\/p>\n\n\n\n<p>En cualquier caso, Puigdemont ha demostrado una gran habilidad para \nabrir frentes ante los tribunales. Y lo volver\u00e1 hacer, aunque para eso \nprimero necesita obtener el esca\u00f1o.<\/p>\n","protected":false},"excerpt":{"rendered":"<p>La semana empez\u00f3 con las valoraciones que hicieron los partidos de las movilizaciones del 8&#8230;<\/p>\n","protected":false},"author":1,"featured_media":0,"comment_status":"closed","ping_status":"closed","sticky":false,"template":"","format":"standard","meta":{"_coblocks_attr":"","_coblocks_dimensions":"","_coblocks_responsive_height":"","_coblocks_accordion_ie_support":"","jetpack_post_was_ever_published":false,"_jetpack_newsletter_access":"","_jetpack_dont_email_post_to_subs":false,"_jetpack_newsletter_tier_id":0,"_jetpack_memberships_contains_paywalled_content":false,"_jetpack_memberships_contains_paid_content":false,"footnotes":"","jetpack_publicize_message":"","jetpack_publicize_feature_enabled":true,"jetpack_social_post_already_shared":false,"jetpack_social_options":{"image_generator_settings":{"template":"highway","default_image_id":0,"enabled":false},"version":2}},"categories":[1161,14,186,44,15],"tags":[5900,5902],"class_list":["post-30339","post","type-post","status-publish","format-standard","hentry","category-ciudadania","category-feminismo","category-instituciones","category-noticias-de-hoy","category-ultimas-noticias","tag-mentiras-electorales","tag-mentiras-electoralesespana"],"jetpack_publicize_connections":[],"jetpack_featured_media_url":"","jetpack_likes_enabled":true,"jetpack_sharing_enabled":true,"_links":{"self":[{"href":"https:\/\/miradordeatarfe.es\/index.php?rest_route=\/wp\/v2\/posts\/30339","targetHints":{"allow":["GET"]}}],"collection":[{"href":"https:\/\/miradordeatarfe.es\/index.php?rest_route=\/wp\/v2\/posts"}],"about":[{"href":"https:\/\/miradordeatarfe.es\/index.php?rest_route=\/wp\/v2\/types\/post"}],"author":[{"embeddable":true,"href":"https:\/\/miradordeatarfe.es\/index.php?rest_route=\/wp\/v2\/users\/1"}],"replies":[{"embeddable":true,"href":"https:\/\/miradordeatarfe.es\/index.php?rest_route=%2Fwp%2Fv2%2Fcomments&post=30339"}],"version-history":[{"count":1,"href":"https:\/\/miradordeatarfe.es\/index.php?rest_route=\/wp\/v2\/posts\/30339\/revisions"}],"predecessor-version":[{"id":30340,"href":"https:\/\/miradordeatarfe.es\/index.php?rest_route=\/wp\/v2\/posts\/30339\/revisions\/30340"}],"wp:attachment":[{"href":"https:\/\/miradordeatarfe.es\/index.php?rest_route=%2Fwp%2Fv2%2Fmedia&parent=30339"}],"wp:term":[{"taxonomy":"category","embeddable":true,"href":"https:\/\/miradordeatarfe.es\/index.php?rest_route=%2Fwp%2Fv2%2Fcategories&post=30339"},{"taxonomy":"post_tag","embeddable":true,"href":"https:\/\/miradordeatarfe.es\/index.php?rest_route=%2Fwp%2Fv2%2Ftags&post=30339"}],"curies":[{"name":"wp","href":"https:\/\/api.w.org\/{rel}","templated":true}]}}