{"id":30351,"date":"2019-04-11T10:15:09","date_gmt":"2019-04-11T08:15:09","guid":{"rendered":"http:\/\/miradordeatarfe.es\/?p=30351"},"modified":"2019-04-10T23:40:37","modified_gmt":"2019-04-10T21:40:37","slug":"debe-haber-neutralidad-confesional-en-periodo-electoral","status":"publish","type":"post","link":"https:\/\/miradordeatarfe.es\/?p=30351","title":{"rendered":"\u00bfDebe haber neutralidad confesional en periodo electoral?"},"content":{"rendered":"\n<h4 class=\"wp-block-heading\"> Europa Laica consulta a la Junta Electoral sobre la participaci\u00f3n de  cargos p\u00fablicos en procesiones religiosas en campa\u00f1a electoral. <\/h4>\n\n\n\n<p>Eso ser\u00e1 lo que tenga que resolver la Junta Electoral Central (JEC) \ntras la consulta formal realizada por Europa Laica cara a la campa\u00f1a \nelectoral para los comicios del 28 a de abril que coincidir\u00e1 con la \ncelebraci\u00f3n de la Semana Santa.<\/p>\n\n\n\n<p>En Espa\u00f1a, viene siendo habitual que multitud de cargos p\u00fablicos \n(diputados, senadores, alcaldes, concejales), as\u00ed como altos cargos del \nEstado de designaci\u00f3n pol\u00edtica y autoridades militares asistan, en \ncalidad de tales, a las <a href=\"https:\/\/www.nuevatribuna.es\/opinion\/victor-moreno\/tradiciones-religiosas-procesiones\/20180819171745154927.html\" target=\"_blank\" rel=\"noreferrer noopener\">procesiones religiosas cat\u00f3licas<\/a>\n de Semana Santa. Y muchos de ellos, ser\u00e1n candidatos a diputados o \nsenadores en las Generales y tambi\u00e9n para las elecciones auton\u00f3micas y \nmunicipales.<\/p>\n\n\n\n<p>Europa Laica entiende que la no <a href=\"https:\/\/www.nuevatribuna.es\/opinion\/alberto-gomez-vaquero\/paz-pan-falso-dilema-kichi\/20180909142159155483.html\" target=\"_blank\" rel=\"noreferrer noopener\">participaci\u00f3n institucional en este tipo de actividades religiosas<\/a>\n \u201cdeber\u00eda ser exigida y cumplida en un Estado aconfesional\u201d, respetando \ncon ello la Constituci\u00f3n respecto a la separaci\u00f3n entre Iglesia y \nEstado. \u201cSu incumplimiento en periodo electoral, y mucho m\u00e1s cuando los \nparticipantes sean candidatos de sus respectivos partidos, conculca no \nsolo esa separaci\u00f3n, sino algo m\u00e1s grave, la propia normativa \nelectoral\u201d, subraya.<\/p>\n\n\n\n<p>En este sentido recuerda las resoluciones dictadas por la JEC sobre \nla retirada de simbolog\u00eda pol\u00edtica del espacio p\u00fablico, como ha ocurrido\n en Catalunya, y por ello ve necesario una actuaci\u00f3n similar sobre \nactuaciones de simbolog\u00eda confesional institucional que tambi\u00e9n podr\u00edan \nestar vulnerando la Ley Org\u00e1nica del R\u00e9gimen Electoral General en base a\n la doctrina de la JEC.<\/p>\n\n\n\n<p>\u201cAl asociar el cargo institucional a una confesi\u00f3n religiosa concreta\n y puesto que muchos de los partidos pol\u00edticos que se presentan en estas\n elecciones contemplan una ideolog\u00eda cat\u00f3lica y cristiana en sus \nidearios, se promociona una visi\u00f3n no neutral del cargo institucional \nque, en ocasiones, adem\u00e1s, puede ser candidato electoral\u201d, se\u00f1ala.<\/p>\n\n\n\n<p>Adem\u00e1s, Europa Laica cree que teniendo en cuenta que muchas de estas \nprocesiones religiosas son subvencionadas con fondos p\u00fablicos se pudiera\n estar vulnerando el art\u00edculo 50 de la Ley Org\u00e1nica del R\u00e9gimen \nElectoral General e insta a la Junta Electoral a dictar \u201cinstrucciones \nprecisas\u201d sobre la prohibici\u00f3n o no de la <a href=\"https:\/\/www.nuevatribuna.es\/articulo\/sociedad\/tradiciones-religiosas-y-cargos-publicos\/20160323094512126679.html\" target=\"_blank\" rel=\"noreferrer noopener\">participaci\u00f3n de los cargos p\u00fablicos institucionales en eventos y procesiones religiosos<\/a> durante las pr\u00f3ximas campa\u00f1as electorales, con el objetivo de <a href=\"https:\/\/www.nuevatribuna.es\/articulo\/espana\/9diciembre-dia-internacional-laicismo-libertad-conciencia\/20181208201850158225.html\" target=\"_blank\" rel=\"noreferrer noopener\">\u201cgarantizar la neutralidad\u201d<\/a>.<\/p>\n\n\n\n<p>El colectivo recuerda que \u201cla laicidad del Estado sigue siendo una  asignatura pendiente, un d\u00e9ficit democr\u00e1tico, que los partidos pol\u00edticos  en su generalidad deber\u00edan asumir como parte inexcusable de su agenda  pol\u00edtica\u201d.<\/p>\n\n\n\n<p>NUEVATRIBUNA.ES<\/p>\n\n\n\n<p><a href=\"https:\/\/www.nuevatribuna.es\/articulo\/espana\/debe-haber-neutralidad-confesional-periodo-electoral\/20190409105639161737.html?utm_source=twitter&amp;utm_medium=social&amp;utm_campaign=publico\">https:\/\/www.nuevatribuna.es\/articulo\/espana\/debe-haber-neutralidad-confesional-periodo-electoral\/20190409105639161737.html?utm_source=twitter&amp;utm_medium=social&amp;utm_campaign=publico<\/a><\/p>\n","protected":false},"excerpt":{"rendered":"<p>Europa Laica consulta a la Junta Electoral sobre la participaci\u00f3n de cargos p\u00fablicos en procesiones&#8230;<\/p>\n","protected":false},"author":1,"featured_media":0,"comment_status":"closed","ping_status":"closed","sticky":false,"template":"","format":"standard","meta":{"_coblocks_attr":"","_coblocks_dimensions":"","_coblocks_responsive_height":"","_coblocks_accordion_ie_support":"","jetpack_post_was_ever_published":false,"_jetpack_newsletter_access":"","_jetpack_dont_email_post_to_subs":false,"_jetpack_newsletter_tier_id":0,"_jetpack_memberships_contains_paywalled_content":false,"_jetpack_memberships_contains_paid_content":false,"footnotes":"","jetpack_publicize_message":"","jetpack_publicize_feature_enabled":true,"jetpack_social_post_already_shared":false,"jetpack_social_options":{"image_generator_settings":{"template":"highway","default_image_id":0,"enabled":false},"version":2}},"categories":[1],"tags":[171,5718],"class_list":["post-30351","post","type-post","status-publish","format-standard","hentry","category-uncategorized","tag-elecciones","tag-neutralidad"],"jetpack_publicize_connections":[],"jetpack_featured_media_url":"","jetpack_likes_enabled":true,"jetpack_sharing_enabled":true,"_links":{"self":[{"href":"https:\/\/miradordeatarfe.es\/index.php?rest_route=\/wp\/v2\/posts\/30351","targetHints":{"allow":["GET"]}}],"collection":[{"href":"https:\/\/miradordeatarfe.es\/index.php?rest_route=\/wp\/v2\/posts"}],"about":[{"href":"https:\/\/miradordeatarfe.es\/index.php?rest_route=\/wp\/v2\/types\/post"}],"author":[{"embeddable":true,"href":"https:\/\/miradordeatarfe.es\/index.php?rest_route=\/wp\/v2\/users\/1"}],"replies":[{"embeddable":true,"href":"https:\/\/miradordeatarfe.es\/index.php?rest_route=%2Fwp%2Fv2%2Fcomments&post=30351"}],"version-history":[{"count":1,"href":"https:\/\/miradordeatarfe.es\/index.php?rest_route=\/wp\/v2\/posts\/30351\/revisions"}],"predecessor-version":[{"id":30352,"href":"https:\/\/miradordeatarfe.es\/index.php?rest_route=\/wp\/v2\/posts\/30351\/revisions\/30352"}],"wp:attachment":[{"href":"https:\/\/miradordeatarfe.es\/index.php?rest_route=%2Fwp%2Fv2%2Fmedia&parent=30351"}],"wp:term":[{"taxonomy":"category","embeddable":true,"href":"https:\/\/miradordeatarfe.es\/index.php?rest_route=%2Fwp%2Fv2%2Fcategories&post=30351"},{"taxonomy":"post_tag","embeddable":true,"href":"https:\/\/miradordeatarfe.es\/index.php?rest_route=%2Fwp%2Fv2%2Ftags&post=30351"}],"curies":[{"name":"wp","href":"https:\/\/api.w.org\/{rel}","templated":true}]}}