{"id":306,"date":"2015-03-14T15:10:19","date_gmt":"2015-03-14T15:10:19","guid":{"rendered":"http:\/\/miradordeatarfe.es\/?p=306"},"modified":"2015-03-16T17:22:31","modified_gmt":"2015-03-16T17:22:31","slug":"detenido-en-atarfe-por-un-robo-con-violencia-e-intimidacion","status":"publish","type":"post","link":"https:\/\/miradordeatarfe.es\/?p=306","title":{"rendered":"Detenido en Atarfe por un robo con violencia e intimidaci\u00f3n"},"content":{"rendered":"<p class=\"titular\">El atracador sustrajo por la fuerza un tel\u00e9fono m\u00f3vil de alta gama a una joven que result\u00f3 herida en el forcejeo<!--more--><\/p>\n<div class=\"contenedor\">\n<p>La Guardia Civil ha detenido en\u00a0<strong>Atarfe<\/strong>\u00a0a un individuo de 32 de edad, al que le constan 17 detenciones anteriores, como presunto autor de un delito de robo con violencia e intimidaci\u00f3n.<\/p>\n<p>El robo fue perpetrado el pasado mes de octubre en la localidad de Albolote. Una mujer fue asaltada por el detenido y le sustrajo por la fuerza un tel\u00e9fono m\u00f3vil de alta gama. En el forcejeo la mujer result\u00f3 herida leve.<\/p>\n<p>En la investigaci\u00f3n que sigui\u00f3 al atraco, los agentes del \u00c1rea de Investigaci\u00f3n de la Guardia Civil de\u00a0<strong>Atarfe<\/strong>\u00a0averiguaron que dicho tel\u00e9fono hab\u00eda acabado en manos de un vecino de esa localidad, un individuo de treinta y nueve a\u00f1os de edad, que fue detenido martes\u00a0como presunto autor de un delito de receptaci\u00f3n.<\/p>\n<p>Tras la detenci\u00f3n la Guardia Civil averigu\u00f3 que la persona que le vendi\u00f3 el tel\u00e9fono y presunto autor de robo era un conocido delincuente del pueblo.<\/p>\n<p>Una vez identificado el presunto atracador, la Guardia Civil consigui\u00f3 localizarlo ayer y procedieron a su detenci\u00f3n.\u00a0Ambos detenidos han sido puestos a disposici\u00f3n del Juzgado de Guardia de Granada.<\/p>\n<p>La Guardia Civil tambi\u00e9n detuvo ayer en una peque\u00f1a localidad de la costa granadina a un individuo de treinta y nueve a\u00f1os de edad, como presunto autor de un delito de robo con fuerza en las cosas en un establecimiento de hosteler\u00eda.<\/p>\n<p>El detenido no s\u00f3lo es camarero en dicho bar, sino que adem\u00e1s es hijo de la propietaria y el encargado de cerrar por la noche.<\/p>\n<p>Los agentes del \u00c1rea de Investigaci\u00f3n de la Guardia Civil de Motril ha averiguado que este hombre durante la madrugada del pasado d\u00eda 11 de febrero, antes de cerrar y entregar las llaves del establecimiento a su madre, como hace habitualmente, dej\u00f3 una ventana y su reja abiertas. Posteriormente volvi\u00f3 sobre sus pasos y entro por la ventana que hab\u00eda dejado abierta, rompi\u00f3 con un cincel la m\u00e1quina tragaperras y sustrajo unos quinientos euros de la m\u00e1quina. Una vez obtenido el bot\u00edn el ahora detenido conect\u00f3 la alarma del bar y volvi\u00f3 a salir por la ventana por la que hab\u00eda entrado.<\/p>\n<p>El detenido ha reconocido a la Guardia Civil ser el autor del robo.<\/p>\n<\/div>\n","protected":false},"excerpt":{"rendered":"<p>El atracador sustrajo por la fuerza un tel\u00e9fono m\u00f3vil de alta gama a una joven&#8230;<\/p>\n","protected":false},"author":1,"featured_media":308,"comment_status":"closed","ping_status":"closed","sticky":false,"template":"","format":"standard","meta":{"_coblocks_attr":"","_coblocks_dimensions":"","_coblocks_responsive_height":"","_coblocks_accordion_ie_support":"","jetpack_post_was_ever_published":false,"_jetpack_newsletter_access":"","_jetpack_dont_email_post_to_subs":false,"_jetpack_newsletter_tier_id":0,"_jetpack_memberships_contains_paywalled_content":false,"_jetpack_memberships_contains_paid_content":false,"footnotes":"","jetpack_publicize_message":"","jetpack_publicize_feature_enabled":true,"jetpack_social_post_already_shared":false,"jetpack_social_options":{"image_generator_settings":{"template":"highway","default_image_id":0,"enabled":false},"version":2}},"categories":[2,15],"tags":[81,168,77],"class_list":["post-306","post","type-post","status-publish","format-standard","has-post-thumbnail","hentry","category-atarfe","category-ultimas-noticias","tag-atarfe","tag-robo","tag-violencia"],"jetpack_publicize_connections":[],"jetpack_featured_media_url":"https:\/\/i0.wp.com\/miradordeatarfe.es\/wp-content\/uploads\/2015\/03\/robo-android.jpg?fit=600%2C400&ssl=1","jetpack_likes_enabled":true,"jetpack_sharing_enabled":true,"_links":{"self":[{"href":"https:\/\/miradordeatarfe.es\/index.php?rest_route=\/wp\/v2\/posts\/306","targetHints":{"allow":["GET"]}}],"collection":[{"href":"https:\/\/miradordeatarfe.es\/index.php?rest_route=\/wp\/v2\/posts"}],"about":[{"href":"https:\/\/miradordeatarfe.es\/index.php?rest_route=\/wp\/v2\/types\/post"}],"author":[{"embeddable":true,"href":"https:\/\/miradordeatarfe.es\/index.php?rest_route=\/wp\/v2\/users\/1"}],"replies":[{"embeddable":true,"href":"https:\/\/miradordeatarfe.es\/index.php?rest_route=%2Fwp%2Fv2%2Fcomments&post=306"}],"version-history":[{"count":1,"href":"https:\/\/miradordeatarfe.es\/index.php?rest_route=\/wp\/v2\/posts\/306\/revisions"}],"predecessor-version":[{"id":307,"href":"https:\/\/miradordeatarfe.es\/index.php?rest_route=\/wp\/v2\/posts\/306\/revisions\/307"}],"wp:featuredmedia":[{"embeddable":true,"href":"https:\/\/miradordeatarfe.es\/index.php?rest_route=\/wp\/v2\/media\/308"}],"wp:attachment":[{"href":"https:\/\/miradordeatarfe.es\/index.php?rest_route=%2Fwp%2Fv2%2Fmedia&parent=306"}],"wp:term":[{"taxonomy":"category","embeddable":true,"href":"https:\/\/miradordeatarfe.es\/index.php?rest_route=%2Fwp%2Fv2%2Fcategories&post=306"},{"taxonomy":"post_tag","embeddable":true,"href":"https:\/\/miradordeatarfe.es\/index.php?rest_route=%2Fwp%2Fv2%2Ftags&post=306"}],"curies":[{"name":"wp","href":"https:\/\/api.w.org\/{rel}","templated":true}]}}