{"id":30689,"date":"2019-04-12T10:00:12","date_gmt":"2019-04-12T08:00:12","guid":{"rendered":"http:\/\/miradordeatarfe.es\/?p=30689"},"modified":"2019-04-10T23:38:39","modified_gmt":"2019-04-10T21:38:39","slug":"la-religion-pierde-influencia-al-desplomarse-los-ritos-y-la-fe","status":"publish","type":"post","link":"https:\/\/miradordeatarfe.es\/?p=30689","title":{"rendered":"La religi\u00f3n pierde influencia al desplomarse los ritos y la fe"},"content":{"rendered":"\n<h4 class=\"wp-block-heading\">Las\n bodas por la Iglesia caen por debajo del 20%. La mitad de los j\u00f3venes \nno cree en Dios. Espa\u00f1a se aproxima a Francia en el aumento de la \nsecularizaci\u00f3n<\/h4>\n\n\n\n<p><a href=\"https:\/\/elpais.com\/autor\/alfonso_lopez_congostrina\/a\/\">Alfonso L. Congostrina,<\/a> <br><a href=\"https:\/\/elpais.com\/autor\/julio_nunez_montana\/a\/\">Julio N\u00fa\u00f1ez<\/a> <\/p>\n\n\n\n<p>Francesc Romeu se orden\u00f3 sacerdote hace 34 a\u00f1os. Actualmente, es el \np\u00e1rroco de Santa Maria del Taulat en el barrio barcelon\u00e9s de <a href=\"https:\/\/elpais.com\/tag\/barrio_poblenou\/a\" target=\"_blank\" rel=\"noreferrer noopener\">Poblenou<\/a>.\n \u201cEl domingo es la celebraci\u00f3n de Ramos. Ya le he preguntado a la \nflorista que vende las palmas y me dice que tendr\u00e9 un lleno absoluto. La\n plaza estar\u00e1 a rebosar. El Jueves Santo volver\u00e9 a la realidad y \noficiar\u00e9 para unos pocos\u201d, ironiza. La percepci\u00f3n del sacerdote coincide\n con los resultados del informe <em>Laicidad en Cifras, 2018,<\/em> de la&nbsp;<a href=\"http:\/\/www.ferrerguardia.org\/es\/\" target=\"_blank\" rel=\"noreferrer noopener\">Fundaci\u00f3n Ferrer i Gu\u00e0rdia<\/a>,\n que constata que el 27% de los espa\u00f1oles son \u201cateos, agn\u00f3sticos o no \ncreyentes\u201d. Un porcentaje \u201chist\u00f3rico\u201d, seg\u00fan S\u00edlvia Luque, directora de \nla fundaci\u00f3n.<\/p>\n\n\n\n<p><strong>EVOLUCI\u00d3N DE LOS NO CREYENTES<\/strong><\/p>\n\n\n\n\n\n\n\n<p>En porcentaje de la poblaci\u00f3n<\/p>\n\n\n\n<figure class=\"wp-block-image\"><img data-recalc-dims=\"1\" decoding=\"async\" src=\"https:\/\/i0.wp.com\/elpais.com\/infografias\/2019\/2019-04-08-religion\/graf1-1200.png?w=640&#038;ssl=1\" alt=\"\"\/><\/figure>\n\n\n\n<p>\n\n\n\n\n\n\n\n\n\n\n\n\n\n\n\n  Fuente: Fundaci\u00f3n Ferrer i Gu\u00e0rdia a partir de INE y Bar\u00f3metro del CIS.  EL PA\u00cdS \n\n \n \n\n<\/p>\n\n\n\n<p>Los datos \u2014extra\u00eddos, entre otros, del bar\u00f3metro del <a href=\"https:\/\/elpais.com\/tag\/cis_centro_investigaciones_sociologicas\/a\" target=\"_blank\" rel=\"noreferrer noopener\">Centro de Investigaciones Sociol\u00f3gicas<\/a> (CIS) y del <a href=\"https:\/\/elpais.com\/tag\/ine_instituto_nacional_estadistica\/a\" target=\"_blank\" rel=\"noreferrer noopener\">Instituto Nacional de Estad\u00edstica<\/a> (INE)\u2014\n no son halag\u00fce\u00f1os para el futuro de la Iglesia. Los j\u00f3venes de 18 a 24 \na\u00f1os son los menos creyentes entre todas las franjas de edad, una \nsituaci\u00f3n que ilustra el futuro como ninguna: la proporci\u00f3n de estos \nj\u00f3venes que pasan de la religi\u00f3n (48,9%) es similar a la de aquellos que\n confiesan su fe en alguna creencia (el 48,5%). La situaci\u00f3n es \nradicalmente distinta entre las personas mayores de 65 a\u00f1os: en esas \nfranjas, los espa\u00f1oles a\u00fan creen en el Dios de su infancia (88,6%), que \ndurante 40 a\u00f1os adem\u00e1s fue un dios obligatorio, tanto como la asistencia\n a misa, bajo la dictadura de Franco. Pero entre los j\u00f3venes, la \nrealidad es otra: \u201cEn realidad\u201d, sostiene Vicen\u00e7 Molina, vicepresidente \nde la Fundaci\u00f3n Ferrer i Guardia, los chicos \u201chan cambiado las f\u00f3rmulas \nmetaf\u00edsicas por manifestaciones tecnol\u00f3gicas, que tambi\u00e9n son dogmas\u201d.<\/p>\n\n\n\n<p>La sociedad ha cambiado mucho en las tres d\u00e9cadas que Romeu lleva \ndando misa. \u201cLa gente cada vez es m\u00e1s indiferente a la religi\u00f3n\u201d, \nconstata el sacerdote. Hoy, el porcentaje de creyentes en Espa\u00f1a es del \n69,5%, aunque solo el 26,6% se declara practicante lo que, seg\u00fan Josep \nMa\u00f1\u00e9, t\u00e9cnico responsable del informe, representa un \u201cnuevo m\u00ednimo\u201d. \nComo atestiguan las cifras, desde 1980, cuando quienes no cre\u00edan apenas \neran un 8,5%, el n\u00famero de quienes ahora dan la espalda a la religi\u00f3n no\n ha dejado de crecer, lo que se refleja tambi\u00e9n en los matrimonios.<\/p>\n\n\n\n<p><strong>SEG\u00daN LA EDAD<\/strong><\/p>\n\n\n\n<p>En porcentaje del total<\/p>\n\n\n\n<figure class=\"wp-block-image\"><img data-recalc-dims=\"1\" decoding=\"async\" src=\"https:\/\/i0.wp.com\/elpais.com\/infografias\/2019\/2019-04-08-religion\/graf2-1200.png?w=640&#038;ssl=1\" alt=\"\"\/><\/figure>\n\n\n\n<p>\n\n\n\n\n\n\n\n\n\n\n\n\n\n\n\n  Fuente: Fundaci\u00f3n Ferrer i Gu\u00e0rdia a partir de INE y Bar\u00f3metro del CIS.  EL PA\u00cdS \n\n \n \n\n<\/p>\n\n\n\n<p>El estudio de la fundaci\u00f3n Ferrer i Gu\u00e0rdia sostiene que en Espa\u00f1a, \nel pasado a\u00f1o, el 80,2% de las uniones matrimoniales fueron civiles \nfrente al 19,8% de religiosas. Una evoluci\u00f3n que ha dado la vuelta por \ncompleto a la situaci\u00f3n de hace 27 a\u00f1os. En 1992, el 20,60% de los \nmatrimonios fueron civiles frente al 79,4% de confesionales. En 2008, se\n lleg\u00f3 a un equilibrio y a partir de ah\u00ed las uniones civiles han sido \nlas elegidas mayoritariamente por los espa\u00f1oles. Los catalanes y los \nvascos son los que m\u00e1s se casan por lo civil y los extreme\u00f1os y ceut\u00edes,\n los que menos.<\/p>\n\n\n\n<p>Luque compara la situaci\u00f3n de Espa\u00f1a con la de los pa\u00edses m\u00e1s cercanos. \u201cLa encuesta <em>European Social Survey<\/em>\n sostiene que el pa\u00eds con mayor porcentaje de ciudadanos que manifiestan\n creencias religiosas es Polonia (91%) debido al anticomunismo y al \nposterior papado de Juan Pablo II\u201d, apunta. Despu\u00e9s Lituania (88%), \nItalia (74%), Irlanda (74%), Portugal (73%), Austria (73%) y Espa\u00f1a \n(69%). \u201cEn Francia solo se confiesa creyente el 53% de la poblaci\u00f3n y es\n debido a que la divisi\u00f3n del Estado y la religi\u00f3n es de principios del \nsiglo XX\u201d, asegura la directora de la Fundaci\u00f3n Ferrer i Guardia. Luque \nsostiene que la tendencia en Espa\u00f1a es ir acerc\u00e1ndose a Francia conforme\n \u201clas generaciones est\u00e9n menos influidas por el nacionalcatolicismo \nfranquista\u201d. En su opini\u00f3n, los esc\u00e1ndalos de pederastia en la Iglesia \ncat\u00f3lica no han influido todav\u00eda en la estad\u00edstica.<\/p>\n\n\n\n<p><strong>COMPROMISO CON LA RELIGI\u00d3N<\/strong><\/p>\n\n\n\n<p>En porcentaje de la poblaci\u00f3n<\/p>\n\n\n\n<figure class=\"wp-block-image\"><img data-recalc-dims=\"1\" decoding=\"async\" src=\"https:\/\/i0.wp.com\/elpais.com\/infografias\/2019\/2019-04-08-religion\/graf3-1200.png?w=640&#038;ssl=1\" alt=\"\"\/><\/figure>\n\n\n\n<p>\n\n\n\n\n\n\n\n\n\n\n\n\n\n\n\n  Fuente: Fundaci\u00f3n Ferrer i Gu\u00e0rdia a partir de INE y Bar\u00f3metro del CIS.  EL PA\u00cdS \n\n \n \n\n<\/p>\n\n\n\n<p>Para Enrique Gil Calvo, soci\u00f3logo y catedr\u00e1tico en la <a href=\"https:\/\/elpais.com\/tag\/ucm_universidad_complutense\/a\" target=\"_blank\" rel=\"noreferrer noopener\">Universidad Complutense de Madrid<\/a>,\n el descenso del n\u00famero de creyentes en la poblaci\u00f3n joven se debe a un \nproceso de secularizaci\u00f3n como resultado de la modernizaci\u00f3n, la \nescolarizaci\u00f3n y la emancipaci\u00f3n femenina<strong>.<\/strong> \u201cLos j\u00f3venes\n de hoy son menos religiosos que los de ayer pero m\u00e1s religiosos que los\n de ma\u00f1ana. La religi\u00f3n es incompatible con la racionalidad cient\u00edfica. \nPor lo tanto, como las nuevas generaciones est\u00e1n cada vez m\u00e1s formadas, \ncon estudios superiores, aumenta el nivel general de racionalismo \ncient\u00edfico, y en consecuencia disminuyen los residuos premodernos de \nsuperstici\u00f3n religiosa\u201d, argumenta.<\/p>\n\n\n\n<p>Mar\u00eda Lara, historiadora y antrop\u00f3loga, destaca que, a lo largo de la\n historia, el miedo y la incertidumbre han sido dos de los factores que \nm\u00e1s han contribuido a situar la religi\u00f3n en la cumbre de la escala de \nvalores de los humanos. \u201cSi t\u00fa, entre los 14 y los 24 a\u00f1os, est\u00e1s \nestudiando y tienes los gastos pagados por tus padres, no tienes \npreocupaciones. Ante esta escasez de incertidumbre, hay menos necesidad \nde recurrir a la religi\u00f3n\u201d, asegura<strong>.<\/strong><\/p>\n\n\n\n<p><strong>MATRIMONIOS<\/strong><\/p>\n\n\n\n<p>En porcentaje del total<\/p>\n\n\n\n<figure class=\"wp-block-image\"><img data-recalc-dims=\"1\" decoding=\"async\" src=\"https:\/\/i0.wp.com\/elpais.com\/infografias\/2019\/2019-04-08-religion\/graf4-1200.png?w=640&#038;ssl=1\" alt=\"\"\/><\/figure>\n\n\n\n<p>\n\n\n\n\n\n\n\n\n\n\n\n\n\n\n\n  Fuente: Fundaci\u00f3n Ferrer i Gu\u00e0rdia a partir de INE y Bar\u00f3metro del CIS.  EL PA\u00cdS \n\n \n \n\n<\/p>\n\n\n\n<p>El p\u00e1rroco Romeu admite que \u201ca los j\u00f3venes les cuesta m\u00e1s ir cada  domingo\u201d a la iglesia. Aun as\u00ed, cree que es una cuesti\u00f3n generacional:  \u201cLas ancianas que ten\u00eda cuando empec\u00e9 como sacerdote han muerto y ahora  tengo otras que se jubilan, los nietos ya se han hecho mayores, y ellas  aparecen un d\u00eda por la iglesia y se quedan\u201d.<\/p>\n\n\n\n<p><a href=\"https:\/\/elpais.com\/sociedad\/2019\/04\/09\/actualidad\/1554813896_138391.html\">https:\/\/elpais.com\/sociedad\/2019\/04\/09\/actualidad\/1554813896_138391.html<\/a><\/p>\n","protected":false},"excerpt":{"rendered":"<p>Las bodas por la Iglesia caen por debajo del 20%. La mitad de los j\u00f3venes&#8230;<\/p>\n","protected":false},"author":1,"featured_media":30690,"comment_status":"closed","ping_status":"closed","sticky":false,"template":"","format":"standard","meta":{"_coblocks_attr":"","_coblocks_dimensions":"","_coblocks_responsive_height":"","_coblocks_accordion_ie_support":"","jetpack_post_was_ever_published":false,"_jetpack_newsletter_access":"","_jetpack_dont_email_post_to_subs":false,"_jetpack_newsletter_tier_id":0,"_jetpack_memberships_contains_paywalled_content":false,"_jetpack_memberships_contains_paid_content":false,"footnotes":"","jetpack_publicize_message":"","jetpack_publicize_feature_enabled":true,"jetpack_social_post_already_shared":false,"jetpack_social_options":{"image_generator_settings":{"template":"highway","default_image_id":0,"enabled":false},"version":2}},"categories":[12,1161,186,9,44,15],"tags":[5906,1527,2644,23],"class_list":["post-30689","post","type-post","status-publish","format-standard","has-post-thumbnail","hentry","category-cultura","category-ciudadania","category-instituciones","category-medio-ambiente","category-noticias-de-hoy","category-ultimas-noticias","tag-catolicismpo","tag-fe","tag-matrimonios","tag-religion"],"jetpack_publicize_connections":[],"jetpack_featured_media_url":"https:\/\/i0.wp.com\/miradordeatarfe.es\/wp-content\/uploads\/2019\/04\/1530293081_833514_1530607130_noticia_normal_recorte1.jpg?fit=1960%2C1308&ssl=1","jetpack_likes_enabled":true,"jetpack_sharing_enabled":true,"_links":{"self":[{"href":"https:\/\/miradordeatarfe.es\/index.php?rest_route=\/wp\/v2\/posts\/30689","targetHints":{"allow":["GET"]}}],"collection":[{"href":"https:\/\/miradordeatarfe.es\/index.php?rest_route=\/wp\/v2\/posts"}],"about":[{"href":"https:\/\/miradordeatarfe.es\/index.php?rest_route=\/wp\/v2\/types\/post"}],"author":[{"embeddable":true,"href":"https:\/\/miradordeatarfe.es\/index.php?rest_route=\/wp\/v2\/users\/1"}],"replies":[{"embeddable":true,"href":"https:\/\/miradordeatarfe.es\/index.php?rest_route=%2Fwp%2Fv2%2Fcomments&post=30689"}],"version-history":[{"count":1,"href":"https:\/\/miradordeatarfe.es\/index.php?rest_route=\/wp\/v2\/posts\/30689\/revisions"}],"predecessor-version":[{"id":30691,"href":"https:\/\/miradordeatarfe.es\/index.php?rest_route=\/wp\/v2\/posts\/30689\/revisions\/30691"}],"wp:featuredmedia":[{"embeddable":true,"href":"https:\/\/miradordeatarfe.es\/index.php?rest_route=\/wp\/v2\/media\/30690"}],"wp:attachment":[{"href":"https:\/\/miradordeatarfe.es\/index.php?rest_route=%2Fwp%2Fv2%2Fmedia&parent=30689"}],"wp:term":[{"taxonomy":"category","embeddable":true,"href":"https:\/\/miradordeatarfe.es\/index.php?rest_route=%2Fwp%2Fv2%2Fcategories&post=30689"},{"taxonomy":"post_tag","embeddable":true,"href":"https:\/\/miradordeatarfe.es\/index.php?rest_route=%2Fwp%2Fv2%2Ftags&post=30689"}],"curies":[{"name":"wp","href":"https:\/\/api.w.org\/{rel}","templated":true}]}}