{"id":3092,"date":"2015-09-03T08:32:04","date_gmt":"2015-09-03T06:32:04","guid":{"rendered":"http:\/\/miradordeatarfe.es\/?p=3092"},"modified":"2020-06-26T13:07:29","modified_gmt":"2020-06-26T11:07:29","slug":"ayer-2-de-septiembre-se-cumplian-81-anos-de-la-muerte-del-torero-atarfeno-por-jose-enrique-granados","status":"publish","type":"post","link":"https:\/\/miradordeatarfe.es\/?p=3092","title":{"rendered":"AYER 2 DE SEPTIEMBRE SE CUMPL\u00cdAN 81 A\u00d1OS DE LA MUERTE DEL TORERO \u00abATARFE\u00d1O\u00bb por Jos\u00e9 Enrique Granados"},"content":{"rendered":"<div class=\"_1dwg\">\n<div class=\"_5pbx userContent\" data-ft=\"{&quot;tn&quot;:&quot;K&quot;}\">\n<p style=\"text-align: justify;\">El a\u00f1o pasado en el 80 aniversario de la cogida y muerte de Atarfe\u00f1o, publiqu\u00e9 en IDEAL el siguiente art\u00edculo. Lo rescato para la Gacetilla de hoy.<br \/>\n<!--more--><\/p>\n<p style=\"text-align: justify;\">Hoy 2 de septiembre se cumple el 80 aniversario de la cogida y muerte del novillero Miguel Morilla Espinar \u201cAtarfe\u00f1o\u201d en la plaza de toros de Granada.En aquella vieja plaza de toros sita en las inmediaciones del Triunfo y en donde durante muchas tardes caus\u00f3 admiraci\u00f3n entre los aficionados al arte de Cuchares. Mucho se ha escrito sobre este suceso, que conmocion\u00f3 a la Espa\u00f1a de 1934, donde la tauromaquia era una pieza fundamental en el devenir cotidiano. Hay que mencionar el extraordinario suplemento que escribi\u00f3 Jos\u00e9 Luis Entrala y public\u00f3 IDEAL en la navidad de 1988.<br \/>\nPor aquellos a\u00f1os, Granada contaba con dos plazas de toros, la actual y la \u201cChata\u201d; en ambas se programaban festejos incluso en el mismo d\u00eda y en las dos toreaba \u201cAtarfe\u00f1o\u201d compartiendo cartel con otros toreros granadinos como Fandila o Perete, con una valent\u00eda, temple y arte que algunos cr\u00edticos de la \u00e9poca le llamaban el sucesor de Gitanillo de Triana (Heraldo de Madrid, 16 julio 1934) y un cl\u00e1sico exponente de la escuela ronde\u00f1a (El Clar\u00edn, 1 de agosto de 1931).<br \/>\nTodo comenz\u00f3 cuando en 1926 salt\u00f3 de espont\u00e1neo en la plaza que le vio morir. Tal revuelo levant\u00f3 que se organizaron una serie de novilladas en Atarfe para posteriormente torear en Pinos, Loja, Motril, Priego o Torreperogil, donde visti\u00f3 por primera vez un traje de luces. El 1 de mayo de 1927 debut\u00f3 sin picadores en Granada, actuando con \u00e9stos por primera vez en octubre de 1928, tambi\u00e9n en Granada. En esta corrida sufri\u00f3 una cogida Perete por lo que Miguel mat\u00f3 4 toros, cortando ocho orejas y 4 rabos. La rivalidad y la competencia en la plaza entre Perete y Atarfe\u00f1o hizo que Granada se dividiera entre \u201cperetistas\u201d y \u201catarfe\u00f1istas\u201d y es que Granada anhelaba tener una figura del toreo, el sucesor de Frascuelo y Lagartijillo.<\/p>\n<p style=\"text-align: justify;\">En noviembre de este a\u00f1o la sociedad granadina le rindi\u00f3 un sentido homenaje, celebr\u00e1ndose un banquete en el Hotel Alhambra Palace con motivo de sus continuados triunfos en la temporada taurina. La banda de m\u00fasica del regimiento C\u00f3rdoba situada en la terraza del hotel ameniz\u00f3 el acto y ejecut\u00f3 un pasodoble dedicado al torero, compuesto expresamente para el homenaje por el director de la misma Capit\u00e1n Mula (El Heraldo de Madrid, 12 de noviembre de 1928; La Uni\u00f3n Ilustrada, 25 de noviembre de 1928; Mundo Gr\u00e1fico, 28 de noviembre de 1928). Este pasodoble debe ser otro distinto al que escribi\u00f3 el maestro Rafael Oropesa con letra de Manuel \u00c1lvarez y que como se\u00f1al de identidad tenemos los atarfe\u00f1os que dice:<br \/>\nNaci\u00f3 en la tierra bruja\/ del sol y de azahar\/ y all\u00ed en la gentil Granada\/ con un arte de hechizo\/ aprendi\u00f3 a torear\/ Atarfe vio surgir a un torero\/ que el triunfo a la cumbre elev\u00f3\/ y en tardes de corrida y de gloria\/ al artista sublime la afici\u00f3n aclam\u00f3.<br \/>\nEstribillo: Atarfe\u00f1o, Atarfe\u00f1o\/ es tu toreo asombroso\/ por lo viril y elegante\/ por lo gitano y garboso\/ Atarfe\u00f1o, Atarfe\u00f1o\/ tu fino estilo atesora\/ todas las bellezas \/de tu tierra mora.<br \/>\n\u201cGran\u00e1\u201d te quiere y mima\/ por ti sabe poner\/ su luz, sus flores y su cielo\/ en tus horas de lucha\/ para hacerte vencer\/ tu cuna fue la cuna de diestros\/ que dieron a la fiesta esplendor\/ Frascuelo te presto su arrogancia\/ y de Lagartijillo heredaste el valor. Estribillo.<\/p>\n<p style=\"text-align: justify;\">M\u00e1s Granada (en las dos plazas), Madrid, Sevilla, M\u00e1laga, Jerez, Algeciras, por toda la geograf\u00eda espa\u00f1ola Miguel caus\u00f3 una honda admiraci\u00f3n siendo uno de los novilleros m\u00e1s aclamados de la \u00e9poca, aunque tambi\u00e9n hubo viento (pitos) en su carrera: C\u00f3rdoba (El Heraldo de Madrid, 03-06-1929) o Valencia (La Reclama Taurina, 22-06-1929). En 1929 tore\u00f3 30 novilladas siendo muy aplaudido en casi todas ellas, porque mata con estilo y facilidad, toreando con soltura y gracia. En 1930 fueron 24 las actuaciones del diestro, bajando a 11 y 8 en los a\u00f1os posteriores, debido al servicio militar. Un nuevo triunfo en la plaza de toros de Tetu\u00e1n (Madrid) en 1934 reactiva su carrera y vuelve a Granada, a la nueva plaza, con una actuaci\u00f3n memorable en la feria del Corpus de ese a\u00f1o. Se piensa en el doctorado para el 2 de octubre, en El Puerto de Santa Mar\u00eda y de manos de Juan Belmonte \u201cEl Pasmo de Triana\u201d, pero antes debe pasar algunos escollos, Ja\u00e9n y de nuevo Granada, la fat\u00eddica tarde en la que muri\u00f3. Aquel Juan Belmonte que actu\u00f3 en 1918 en su Atarfe en una plaza de tablas montada entre las calles Goz\u00e1lvez y Cedazos.<\/p>\n<p style=\"text-align: justify;\">\nNunca se achant\u00f3 ante ganader\u00edas dif\u00edciles y se enfrent\u00f3 a toros de Miura, Pablo Romero o Palha, llegando a torear en solitario corridas de estos hatos. Pero el 2 de septiembre de 1934, un toro berrendo en negro, gordo, grande y manso de nombre \u201cEstrellito\u201d de la ganader\u00eda sevillana de Rufino Moreno Santamar\u00eda y a tan s\u00f3lo unos meses de tomar la alternativa trunc\u00f3 las expectativas de este diestro granadino, hiri\u00e9ndole de gravedad en el muslo izquierdo para posteriormente morir en la escueta enfermer\u00eda del coso capitalino. La prensa de la \u00e9poca pone de manifiesto el deplorable estado de la misma, en donde faltaban los medios para tratar al herido. Mientras \u201cAtarfe\u00f1o\u201d expiraba, el sobresaliente Epifanio Bulnes lidiaba al quinto novillo de la tarde. Cuando se conoci\u00f3 su muerte, la corrida se suspendi\u00f3.<\/p>\n<p style=\"text-align: justify;\">\n\u201cAtarfe\u00f1o\u201d, vest\u00eda para la ocasi\u00f3n de azul celeste y plata, sali\u00f3 decidido. Estaba con enormes ganas y se dejaba notar en el que abre plaza, a pesar de que no puede hacer faena de orejas. Una vuelta al ruedo es el premio a su meritoria labor. \u201cEstrellito\u201d, segundo de la tarde, ya est\u00e1 en el ruedo; toma cuatro puyazos y tres pares de banderillas. Miguel advierte las dificultades de su enemigo nada m\u00e1s instrumentarle un pase por bajo y huye del toro; dos m\u00e1s y cambia la espada con la que estaba haciendo la faena por la de muerte. Otro pase por bajo y al dar el segundo, delante del tendido uno, casi en el centro del redondel, el astado engancha al matador, meti\u00e9ndole la cabeza entre las piernas. Tira el toro la cornada y el torero sale despedido por los aires; la res lo busca en el suelo y lo pisotea, rompi\u00e9ndole la taleguilla. Hay un l\u00edo en los peones y, al fin, Jes\u00fas Fandila en un rasgo de valent\u00eda, lo saca a rastras de los cuernos del toro. \u201cAtarfe\u00f1o\u201d se pone de pie y se sacude la taleguilla con \u00e1nimo de continuar, pero al verse el muslo manchado de sangre se apoya en el citado banderillero y se dirige hacia el m\u00e1s pr\u00f3ximo burladero, desde el cual, en brazos de las asistencias, pasa a la enfermer\u00eda, dejando un reguero de sangre por el callej\u00f3n.<\/p>\n<p style=\"text-align: justify;\">La cogida ha producido una enorme impresi\u00f3n en el p\u00fablico que, desde el primer momento, se ha percatado de la importancia del percance. El torero tambi\u00e9n es consciente de la gravedad de la cornada. \u201cCogedme bien que me caigo\u201d, le dijo a Fandila y a su hermano Jos\u00e9, que le ayudaron a levantarse. \u201cQue me desangro, que me muero,\u201d a\u00f1adi\u00f3 el torero. Un monosabio y su amigo Pepe Carmona lo llevan hasta la enfermer\u00eda, donde el equipo m\u00e9dico le opera inmediatamente en unas condiciones dram\u00e1ticas. La enorme p\u00e9rdida de sangre hace temer un fatal desenlace y se coloca al diestro con la cabeza totalmente inclinada hacia atr\u00e1s fuera de la camilla, pretendiendo de esta forma que no dejara de circular el flujo sangu\u00edneo por el cerebro. \u201cMe derramo por la vejiga, me muero\u201c, comenta angustiado Miguel a los m\u00e9dicos, que tratan desesperadamente de reponer la sangre y ligar las arterias y venas. \u201cNo hag\u00e1is nada, todo es in\u00fatil, quiero morirme para no sufrir m\u00e1s\u201d, suplica el torero.<\/p>\n<p style=\"text-align: justify;\">\nUna herida en el tercio superior de la cara interna del muslo izquierdo que secciona los m\u00fasculos aproximadores, arteria femoral, vasos colaterales y vena safena. Pron\u00f3stico grav\u00edsimo\u201d. El dictamen de la autopsia confirma la herida. Dice as\u00ed: La herida se encontraba en el tercio superior de la cara anterior del muslo izquierdo con direcci\u00f3n de abajo arriba y de dentro a fuera. Presentaba destrozos de los planos musculares as\u00ed como en el paquete v\u00e1sculo-nervioso de dicha regi\u00f3n. La arteria y venas seccionadas causantes de la hemorragia intensa que origin\u00f3 la muerte aparec\u00edan todas ligadas. La herida ten\u00eda una longitud de 15 cent\u00edmetros. Al abrir la caja tor\u00e1cica se aprecian los s\u00edntomas propios del colapso originado por la hemorragia. (IDEAL, 4 de septiembre de 1934; El Defensor de Granada, 3 de septiembre de 1934).<\/p>\n<p style=\"text-align: justify;\">\nLa capilla ardiente se instal\u00f3 en la misma enfermer\u00eda y por ella pas\u00f3 el pueblo granadino en masa, especialmente sus paisanos quienes acompa\u00f1aron el cad\u00e1ver del infortunado diestro durante toda la noche y la ma\u00f1ana del d\u00eda siguiente. Una gran consternaci\u00f3n provoc\u00f3 el suceso y una manifestaci\u00f3n de duelo fue su entierro, tanto en Granada como en su Atarfe natal, a donde fueron trasladados sus restos mortales seguidos de m\u00e1s de cinco mil personas. Al llegar a Atarfe, el cortejo f\u00fanebre entr\u00f3 en el Casino de Labradores, donde el cad\u00e1ver permaneci\u00f3 ante un incesante desfile de personas hasta que fue trasladado al cementerio.<\/p>\n<p style=\"text-align: justify;\">\nMiguel dejaba viuda y un hijo de corta edad, para el que d\u00edas m\u00e1s tarde se organiz\u00f3 un festival ben\u00e9fico, recaud\u00e1ndose m\u00e1s de 30.000 pesetas. La viuda de \u201cAtarfe\u00f1o\u201d, Luisa Jim\u00e9nez, un a\u00f1o m\u00e1s tarde y en el mismo lugar donde muri\u00f3 su marido, cogi\u00f3 los trastos y estoque\u00f3 junto al Ni\u00f1o de la Palma II y Trinitario II, dos bravos becerros de la acreditada ganader\u00eda de la se\u00f1ora viuda de Villamarta, para que suene y no se olvide el nombre de su marido. As\u00ed describ\u00eda Emilio Fornet en la revista Estampa (22 de junio de 1935) el momento: \u201cLuisita, con su chaquetilla blanca, entre los trajes de luces, resalta por su garbo y su bonitura. La envuelve el capote como una gran rosa. Sonr\u00ede, brillando al sol sus dientecillos de granos frescos de granada sin madurar. Ya revuela el anillo de aplausos atronadores. Y el clar\u00edn vibra. Ya despliega el capote color de granada\u201d. \u201cA su marido lo mat\u00f3 un toro, pero ella se hace torera\u201d.<\/p>\n<p style=\"text-align: justify;\">Atarfe ha tenido siempre presente a su torero siendo varios los homenajes que se le han rendido en estos 80 a\u00f1os. Pr\u00f3ximo a donde naci\u00f3, existe una calle con su nombre, estando tambi\u00e9n muy cerca de este lugar, un monolito construido con piedra de Sierra Elvira que le recuerda y que fue inaugurado en septiembre de 1976, a los 42 a\u00f1os de su muerte. IDEAL en su edici\u00f3n del 7 de septiembre, califica el acto como un homenaje p\u00f3stumo, sentido y nacido por el pueblo. El sencillo monolito lleva en la parte superior un capotillo de paseo con una sencilla inscripci\u00f3n: \u201cAtarfe a su torero Miguel Morilla, 1909-1934\u201d.<\/p>\n<p style=\"text-align: justify;\">\nHoy, el monolito luce horrendas pintadas fruto del vandalismo y la falta de sensibilidad por lo com\u00fan.<\/p>\n<div class=\"\" style=\"text-align: justify;\"><\/div>\n<\/div>\n<div style=\"text-align: justify;\">\n<div data-ft=\"{&quot;tn&quot;:&quot;H&quot;}\">\n<div class=\"mtm\">\n<div class=\"_2a2q\">\n<div class=\"uiScaledImageContainer\"><img data-recalc-dims=\"1\" loading=\"lazy\" decoding=\"async\" class=\"scaledImageFitWidth img\" src=\"https:\/\/i0.wp.com\/fbcdn-photos-b-a.akamaihd.net\/hphotos-ak-xpl1\/v\/t1.0-0\/p320x320\/10378142_880734168679266_2776142966543765067_n.jpg?resize=470%2C319&#038;ssl=1\" alt=\"Foto de Gacetilla y curiosidades elvirenses.\" width=\"470\" height=\"319\" \/><\/div>\n<div class=\"uiScaledImageContainer\"><\/div>\n<\/div>\n<\/div>\n<\/div>\n<\/div>\n<\/div>\n<div id=\"u_0_w\" style=\"text-align: justify;\"><\/div>\n","protected":false},"excerpt":{"rendered":"<p>El a\u00f1o pasado en el 80 aniversario de la cogida y muerte de Atarfe\u00f1o, publiqu\u00e9&#8230;<\/p>\n","protected":false},"author":1,"featured_media":3093,"comment_status":"closed","ping_status":"closed","sticky":false,"template":"","format":"standard","meta":{"_coblocks_attr":"","_coblocks_dimensions":"","_coblocks_responsive_height":"","_coblocks_accordion_ie_support":"","jetpack_post_was_ever_published":false,"_jetpack_newsletter_access":"","_jetpack_dont_email_post_to_subs":false,"_jetpack_newsletter_tier_id":0,"_jetpack_memberships_contains_paywalled_content":false,"_jetpack_memberships_contains_paid_content":false,"footnotes":"","jetpack_publicize_message":"","jetpack_publicize_feature_enabled":true,"jetpack_social_post_already_shared":false,"jetpack_social_options":{"image_generator_settings":{"template":"highway","default_image_id":0,"enabled":false},"version":2}},"categories":[2,12,1225,38,9,6539,15],"tags":[1114,1116,1115],"class_list":["post-3092","post","type-post","status-publish","format-standard","has-post-thumbnail","hentry","category-atarfe","category-cultura","category-ha-de-atarfe","category-opinion-de-jose-enrique-granados","category-medio-ambiente","category-personajes-de-ataref","category-ultimas-noticias","tag-atarfeno","tag-corrida","tag-toros"],"jetpack_publicize_connections":[],"jetpack_featured_media_url":"https:\/\/i0.wp.com\/miradordeatarfe.es\/wp-content\/uploads\/2015\/09\/11986567_880734148679268_3372620490754211957_n.jpg?fit=671%2C960&ssl=1","jetpack_likes_enabled":true,"jetpack_sharing_enabled":true,"_links":{"self":[{"href":"https:\/\/miradordeatarfe.es\/index.php?rest_route=\/wp\/v2\/posts\/3092","targetHints":{"allow":["GET"]}}],"collection":[{"href":"https:\/\/miradordeatarfe.es\/index.php?rest_route=\/wp\/v2\/posts"}],"about":[{"href":"https:\/\/miradordeatarfe.es\/index.php?rest_route=\/wp\/v2\/types\/post"}],"author":[{"embeddable":true,"href":"https:\/\/miradordeatarfe.es\/index.php?rest_route=\/wp\/v2\/users\/1"}],"replies":[{"embeddable":true,"href":"https:\/\/miradordeatarfe.es\/index.php?rest_route=%2Fwp%2Fv2%2Fcomments&post=3092"}],"version-history":[{"count":7,"href":"https:\/\/miradordeatarfe.es\/index.php?rest_route=\/wp\/v2\/posts\/3092\/revisions"}],"predecessor-version":[{"id":36476,"href":"https:\/\/miradordeatarfe.es\/index.php?rest_route=\/wp\/v2\/posts\/3092\/revisions\/36476"}],"wp:featuredmedia":[{"embeddable":true,"href":"https:\/\/miradordeatarfe.es\/index.php?rest_route=\/wp\/v2\/media\/3093"}],"wp:attachment":[{"href":"https:\/\/miradordeatarfe.es\/index.php?rest_route=%2Fwp%2Fv2%2Fmedia&parent=3092"}],"wp:term":[{"taxonomy":"category","embeddable":true,"href":"https:\/\/miradordeatarfe.es\/index.php?rest_route=%2Fwp%2Fv2%2Fcategories&post=3092"},{"taxonomy":"post_tag","embeddable":true,"href":"https:\/\/miradordeatarfe.es\/index.php?rest_route=%2Fwp%2Fv2%2Ftags&post=3092"}],"curies":[{"name":"wp","href":"https:\/\/api.w.org\/{rel}","templated":true}]}}