{"id":30936,"date":"2019-04-13T11:52:31","date_gmt":"2019-04-13T09:52:31","guid":{"rendered":"http:\/\/miradordeatarfe.es\/?p=30936"},"modified":"2019-04-11T14:06:02","modified_gmt":"2019-04-11T12:06:02","slug":"feria-de-la-ciencia-de-atarfe-el-alumnado-de-4o-del-ceip-clara-campoamor-seleccionados-para-ciencia-en-accion","status":"publish","type":"post","link":"https:\/\/miradordeatarfe.es\/?p=30936","title":{"rendered":"FERIA DE LA CIENCIA DE ATARFE: EL ALUMNADO DE  4\u00ba DEL CEIP CLARA CAMPOAMOR SELECCIONADOS PARA CIENCIA EN ACCI\u00d3N"},"content":{"rendered":"\n<h4 class=\"wp-block-heading\"><em> El trabajo seleccionado por el jurado del programa internacional de  habla hispana <\/em><strong><em>\u201cCiencia en Accion\u201d<\/em><\/strong><em> y que participar\u00e1 directamente en la  final de Alcoi (Alicante) es: 4\u00ba de primaria del C.E.I.P. Clara  Campoamor de Atarfe, con el trabajo \u201cEl submarino y puente autoportante\u201d.  Enhorabuena <\/em><\/h4>\n\n\n\n<p><strong>Ciencia en Acci\u00f3n<\/strong> es un\u00a0<strong>concurso internacional dirigido a estudiantes, profesores, investigadores y divulgadores de la comunidad cient\u00edfica<\/strong>, en cualquiera de sus disciplinas.\u00a0<strong>Su principal objetivo es presentar la ciencia de una manera atractiva y motivadora<\/strong>,  de modo que los j\u00f3venes y el gran p\u00fablico se interesen por ella y a lo  largo del concurso disfruten atendiendo las conferencias, observando y  participando en la feria, y los m\u00e1s animados subiendo a la gran  experiencia. <\/p>\n\n\n\n<p>\nCiencia en Acci\u00f3n ha ido potenciando, con el paso de los a\u00f1os, una red \nde profesores y comunicadores de la ciencia que se desplazan por ferias y\n cert\u00e1menes de \u00e1mbito cient\u00edfico, llevando de la mano presentaciones \nsugerentes y llamativas a la vez que pedag\u00f3gicas y l\u00fadicas, para hacer \nque la ciencia resulte m\u00e1s atractiva para la sociedad.\n\n<\/p>\n","protected":false},"excerpt":{"rendered":"<p>El trabajo seleccionado por el jurado del programa internacional de habla hispana \u201cCiencia en Accion\u201d&#8230;<\/p>\n","protected":false},"author":1,"featured_media":30937,"comment_status":"closed","ping_status":"closed","sticky":false,"template":"","format":"standard","meta":{"_coblocks_attr":"","_coblocks_dimensions":"","_coblocks_responsive_height":"","_coblocks_accordion_ie_support":"","jetpack_post_was_ever_published":false,"_jetpack_newsletter_access":"","_jetpack_dont_email_post_to_subs":false,"_jetpack_newsletter_tier_id":0,"_jetpack_memberships_contains_paywalled_content":false,"_jetpack_memberships_contains_paid_content":false,"footnotes":"","jetpack_publicize_message":"","jetpack_publicize_feature_enabled":true,"jetpack_social_post_already_shared":false,"jetpack_social_options":{"image_generator_settings":{"template":"highway","default_image_id":0,"enabled":false},"version":2}},"categories":[1],"tags":[81,5912],"class_list":["post-30936","post","type-post","status-publish","format-standard","has-post-thumbnail","hentry","category-uncategorized","tag-atarfe","tag-jurado"],"jetpack_publicize_connections":[],"jetpack_featured_media_url":"https:\/\/i0.wp.com\/miradordeatarfe.es\/wp-content\/uploads\/2019\/04\/FB_IMG_1554983366952-2.jpg?fit=672%2C378&ssl=1","jetpack_likes_enabled":true,"jetpack_sharing_enabled":true,"_links":{"self":[{"href":"https:\/\/miradordeatarfe.es\/index.php?rest_route=\/wp\/v2\/posts\/30936","targetHints":{"allow":["GET"]}}],"collection":[{"href":"https:\/\/miradordeatarfe.es\/index.php?rest_route=\/wp\/v2\/posts"}],"about":[{"href":"https:\/\/miradordeatarfe.es\/index.php?rest_route=\/wp\/v2\/types\/post"}],"author":[{"embeddable":true,"href":"https:\/\/miradordeatarfe.es\/index.php?rest_route=\/wp\/v2\/users\/1"}],"replies":[{"embeddable":true,"href":"https:\/\/miradordeatarfe.es\/index.php?rest_route=%2Fwp%2Fv2%2Fcomments&post=30936"}],"version-history":[{"count":1,"href":"https:\/\/miradordeatarfe.es\/index.php?rest_route=\/wp\/v2\/posts\/30936\/revisions"}],"predecessor-version":[{"id":30938,"href":"https:\/\/miradordeatarfe.es\/index.php?rest_route=\/wp\/v2\/posts\/30936\/revisions\/30938"}],"wp:featuredmedia":[{"embeddable":true,"href":"https:\/\/miradordeatarfe.es\/index.php?rest_route=\/wp\/v2\/media\/30937"}],"wp:attachment":[{"href":"https:\/\/miradordeatarfe.es\/index.php?rest_route=%2Fwp%2Fv2%2Fmedia&parent=30936"}],"wp:term":[{"taxonomy":"category","embeddable":true,"href":"https:\/\/miradordeatarfe.es\/index.php?rest_route=%2Fwp%2Fv2%2Fcategories&post=30936"},{"taxonomy":"post_tag","embeddable":true,"href":"https:\/\/miradordeatarfe.es\/index.php?rest_route=%2Fwp%2Fv2%2Ftags&post=30936"}],"curies":[{"name":"wp","href":"https:\/\/api.w.org\/{rel}","templated":true}]}}