{"id":30939,"date":"2019-04-14T10:30:07","date_gmt":"2019-04-14T08:30:07","guid":{"rendered":"http:\/\/miradordeatarfe.es\/?p=30939"},"modified":"2020-06-26T13:26:23","modified_gmt":"2020-06-26T11:26:23","slug":"de-tronos-y-de-palmas-electoralespor-juan-alfredo-bellon","status":"publish","type":"post","link":"https:\/\/miradordeatarfe.es\/?p=30939","title":{"rendered":"DE TRONOS Y DE PALMAS&#8230; (ELECTORALES)Por Juan Alfredo Bell\u00f3n"},"content":{"rendered":"\n<p>DE TRONOS Y DE PALMAS\u2026 (ELECTORALES)Por Juan Alfredo Bell\u00f3n para el MIRADOR DE ATARFE  <strong>del domingo (de Ramos) 24-04-2019<\/strong> <\/p>\n\n\n\n<p>\tPara\nque nadie crea los augurios que ahora tanto se llevan, ya, contra\ntodo pron\u00f3stico y contra la circulaci\u00f3n de tanto mal presagio, ha \nllegado la Semana Santa y el Domingo de Ramos del que se dec\u00eda, en\n\u00e9pocas de econom\u00eda revenida y agropecuaria, qu<em>e\nal que no estrenara, se le ca\u00edan la ma<\/em>nos\npues, por aquellos tiempos de Mari Casta\u00f1as, estren\u00e1bamos, si es\nque estren\u00e1bamos, una vez al a\u00f1o y a veces, era de nuestros\nmayores, un traje vuelto del rev\u00e9s por el sastre de confianza\nfamiliar, que se delataba por dos cosas: por ser de una tela\ninusualmente buena y por llevar dos bolsillos peque\u00f1os en la zona\nalta del pectoral de la chaqueta, uno para el pa\u00f1uelo en su\nreencarnaci\u00f3n actual y otro para lo mismo en la reci\u00e9n pasada, por\nlo que la chaqueta llevaba cuatro bolsillos exteriores en la\ndelantera que eran delatores de esa reutilizaci\u00f3n; adem\u00e1s, pod\u00eda\ntraslucirse por la relativa pericia del <em>ropero<\/em>\nal adaptar la talla siempre menor de la original, <em>que\nel difunto hab\u00eda sido mayor, y  adem\u00e1s que fumaba y hab\u00eda deja<\/em>do\nen la tela original alguna chamuscadura como prueba de su afici\u00f3n\nnicot\u00ednica.<\/p>\n\n\n\n<p>\tRecuerdo\ntambi\u00e9n, en los trajes paternos <em>vueltos<\/em>\nde aquella \u00e9poca m\u00eda de zagal\u00f3n, que ten\u00edan el fondo de los\nbolsillos rasposo y lleno de sal pegada a las costuras, residuo de\nlas panzadas de pipas tostadas de girasol que compraba con la\ntotalidad de mi asignaci\u00f3n semanal do<em>minguera,\nde 2&#8217;50 pesetas, para chuches,<\/em>estampas\ncoleccionables y otras gavelas festivas: la lengua<em>\n<\/em>como\nun estropajo y el paladar como un corcho reseco con una rigidez que\nsolo se humedec\u00eda cuando le adivin\u00e1bamos las tetas a Kim Novak en \naquellas\npantallas cinematogr\u00e1ficas superpanor\u00e1micas de Cinemascope.<\/p>\n\n\n\n<p>\tY\nluego ven\u00eda la interminable hilera de palmas de <em>La\nBorriquilla<\/em>,\nprovinientes de los inmensos palmerales levantinos de Elche, que\nflanqueaba el descomunal trono del escultor malague\u00f1o Francisco\nPalma Burgos sobre cuyos tres pisos se empingorotaba el grupo\nescult\u00f3r<em>ico de<\/em>\nla <em>pollinica<\/em>\nescu\u00e1lida, su divino jinete y un borriquillo reci\u00e9n destetado que\nle guardaba en paralelo su costado derecho.<\/p>\n\n\n\n<p>\tSe\nhabr\u00e1 entendido que hablo de \u00dabeda, mi pueblo natal, adonde\nviaj\u00e1bamos anualmente por Semana Santa a pesar de residir el resto\ndel a\u00f1o en Sevilla, y donde admir\u00e1bamos ingenuamente la simplicidad\ndel nacional-catolicismo de postguerra, frente al boato \nbarroco-tridentino de la que a\u00fan no era la capital pol\u00edtica de\nAndaluc\u00eda donde ya entonces imperaba el gusto tradicional de lo\nsevillanos <em>capillitas<\/em>\ny ahora el reci\u00e9n entronizado de los de Vox.<\/p>\n\n\n\n<p>\tUn\na\u00f1o, se averiaron los frenos en la rampa de bajada del referido\ntrono y el   conductor torci\u00f3 el volante a tope para que el\nmastodonte se sujetara en su ca\u00edda libre dejando caer su  peso\ncontra el muro exterior de la iglesia, con tan mala fortuna que, el\npaso de tres pisos del barroco malague\u00f1o de postguerra, el aparatoso\nchasis met\u00e1lico que lo soportaba y las tres esculturas <em>burrihumanas<\/em>\n(Jes\u00fas<em> <\/em>saludando\na la multitud con una palma en la otra mano, cabalgando en la\n<em>pollinica<\/em>\n acompa\u00f1ada de su reto\u00f1o, en vez de dar violentamente con la pared\neclesial, lo hicieron contra \u201cel Pollo\u201d, que estaba\ninvoluntariamente interpuesto en su veloz camino e hiriendo al\nesforzado fot\u00f3grafo, experto en reportajes de bodas e instant\u00e1neas\nde Semana Santa, tanto que fotografi\u00f3 su propio aplastamiento y\nsobresalt\u00f3 a las arp\u00edas populares ubetenses que declararon el\n<em>estado de rumor\nporque el Se\u00f1or hab\u00eda roto la abstinencia por comerse un pollo;\n<\/em>cosas\nveredes\u2026<\/p>\n\n\n\n<p>\tDesde\nentonces, guardaba yo estas cosas en mi coraz\u00f3n, todav\u00eda creyente,\ny las contrastaba con los cambios populares de opini\u00f3n que, solo\ntres d\u00edas despu\u00e9s, sentenciaron fr\u00edamente al mismo Jes\u00fas de\nNazaret gritando a Pilatos un\u00e1nimemente que lo crucificara, en un\nejercicio aparente de democracia popular interna y plebiscitaria de\nesos mismos que ahora tanto solicitan y tanto escatiman y han\ncomenzado su campa\u00f1a electoral \u00a1en Covadonga! Don Pelayo (que es\ncomo llamaban los comunistas en la clandestinidad a Santiago\nCarrillo) los asista e ilumine y libre del mal. Am\u00e9n.<\/p>\n\n\n\n\n","protected":false},"excerpt":{"rendered":"<p>DE TRONOS Y DE PALMAS\u2026 (ELECTORALES)Por Juan Alfredo Bell\u00f3n para el MIRADOR DE ATARFE del&#8230;<\/p>\n","protected":false},"author":1,"featured_media":30941,"comment_status":"closed","ping_status":"closed","sticky":false,"template":"","format":"standard","meta":{"_coblocks_attr":"","_coblocks_dimensions":"","_coblocks_responsive_height":"","_coblocks_accordion_ie_support":"","jetpack_post_was_ever_published":false,"_jetpack_newsletter_access":"","_jetpack_dont_email_post_to_subs":false,"_jetpack_newsletter_tier_id":0,"_jetpack_memberships_contains_paywalled_content":false,"_jetpack_memberships_contains_paid_content":false,"footnotes":"","jetpack_publicize_message":"","jetpack_publicize_feature_enabled":true,"jetpack_social_post_already_shared":false,"jetpack_social_options":{"image_generator_settings":{"template":"highway","default_image_id":0,"enabled":false},"version":2}},"categories":[12,36,9,44,15],"tags":[315,1487],"class_list":["post-30939","post","type-post","status-publish","format-standard","has-post-thumbnail","hentry","category-cultura","category-opinion-de-juan-alfredo-bellon","category-medio-ambiente","category-noticias-de-hoy","category-ultimas-noticias","tag-semana-santa","tag-ubeda"],"jetpack_publicize_connections":[],"jetpack_featured_media_url":"https:\/\/i0.wp.com\/miradordeatarfe.es\/wp-content\/uploads\/2019\/04\/3417630151_848ac9f34e_o.jpg?fit=500%2C332&ssl=1","jetpack_likes_enabled":true,"jetpack_sharing_enabled":true,"_links":{"self":[{"href":"https:\/\/miradordeatarfe.es\/index.php?rest_route=\/wp\/v2\/posts\/30939","targetHints":{"allow":["GET"]}}],"collection":[{"href":"https:\/\/miradordeatarfe.es\/index.php?rest_route=\/wp\/v2\/posts"}],"about":[{"href":"https:\/\/miradordeatarfe.es\/index.php?rest_route=\/wp\/v2\/types\/post"}],"author":[{"embeddable":true,"href":"https:\/\/miradordeatarfe.es\/index.php?rest_route=\/wp\/v2\/users\/1"}],"replies":[{"embeddable":true,"href":"https:\/\/miradordeatarfe.es\/index.php?rest_route=%2Fwp%2Fv2%2Fcomments&post=30939"}],"version-history":[{"count":1,"href":"https:\/\/miradordeatarfe.es\/index.php?rest_route=\/wp\/v2\/posts\/30939\/revisions"}],"predecessor-version":[{"id":30940,"href":"https:\/\/miradordeatarfe.es\/index.php?rest_route=\/wp\/v2\/posts\/30939\/revisions\/30940"}],"wp:featuredmedia":[{"embeddable":true,"href":"https:\/\/miradordeatarfe.es\/index.php?rest_route=\/wp\/v2\/media\/30941"}],"wp:attachment":[{"href":"https:\/\/miradordeatarfe.es\/index.php?rest_route=%2Fwp%2Fv2%2Fmedia&parent=30939"}],"wp:term":[{"taxonomy":"category","embeddable":true,"href":"https:\/\/miradordeatarfe.es\/index.php?rest_route=%2Fwp%2Fv2%2Fcategories&post=30939"},{"taxonomy":"post_tag","embeddable":true,"href":"https:\/\/miradordeatarfe.es\/index.php?rest_route=%2Fwp%2Fv2%2Ftags&post=30939"}],"curies":[{"name":"wp","href":"https:\/\/api.w.org\/{rel}","templated":true}]}}