{"id":30973,"date":"2019-04-14T10:00:12","date_gmt":"2019-04-14T08:00:12","guid":{"rendered":"http:\/\/miradordeatarfe.es\/?p=30973"},"modified":"2019-04-14T21:18:14","modified_gmt":"2019-04-14T19:18:14","slug":"bases-para-las-instalaciones-de-cruces-con-barra-y-ampliacion-de-terrazas-de-bares","status":"publish","type":"post","link":"https:\/\/miradordeatarfe.es\/?p=30973","title":{"rendered":"ATARFE: Bases para las instalaciones de cruces con barra y ampliaci\u00f3n de terrazas de bares"},"content":{"rendered":"\n<h4 class=\"wp-block-heading\">\nLas solicitudes y documentaci\u00f3n requerida se presentar\u00e1n del 12 al\n 26 de abril de 2019 en el Registro General del Ayuntamiento, en horario\n de 9.00 horas a 14.00 horas, o bien a trav\u00e9s de la sede electr\u00f3nica.\n\n<\/h4>\n\n\n\n<p>El alcalde de Atarfe, Francisco Rodr\u00edguez Quesada, ha firmado hoy una\n resoluci\u00f3n por la que se aprueban las bases para las instalaciones de \ncruces con barra y la ampliaci\u00f3n de la superficie de terrazas de los \nbares con motivo del D\u00eda de la Cruz que se celebrar\u00e1 del 3 al 5 de mayo.<\/p>\n\n\n\n<p>Las bases se detallan a continuaci\u00f3n. Tambi\u00e9n se adjuntan en un documento en formato PDF<\/p>\n\n\n\n<p><strong>PRIMERO<\/strong>:<\/p>\n\n\n\n<p>1.- Podr\u00e1n acceder a la instalaci\u00f3n de cruces con barra en la v\u00eda \np\u00fablica solo las asociaciones legalmente constituidas, previa \npresentaci\u00f3n de la solicitud y documentaci\u00f3n preceptiva.<\/p>\n\n\n\n<p>2.- Los bares que tengan autorizada su terraza en el a\u00f1o 2019, podr\u00e1n\n ampliar la superficie, previa presentaci\u00f3n de la solicitud y \ndocumentaci\u00f3n requerida, garantizando en todo momento la movilidad de la\n ciudadan\u00eda por la v\u00eda p\u00fablica. Se podr\u00e1n instalar Cruces dentro de los \nestablecimientos de los Bares, o en la terraza, o en su ampliaci\u00f3n.<\/p>\n\n\n\n<p>3.- Tanto para las cruces con barra, como para la ampliaci\u00f3n de las \nterrazas con motivo del d\u00eda de la Cruz, se realizar\u00e1 una Autorizaci\u00f3n \nexpresa que habr\u00e1 que tener expuesta al p\u00fablico en un lugar \nsuficientemente visible y mostrarla a la Polic\u00eda Municipal en cuantas \nocasiones le sea requerida.<\/p>\n\n\n\n<p><strong>SEGUNDO<\/strong>: DURACI\u00d3N<\/p>\n\n\n\n<p>&#8211; Periodo: del 3 de mayo a las 10.00 horas al 5 de mayo a las 17.00 horas.<br>&#8211; Montaje: 2 de mayo de 9.00 horas a 22.00 horas.<br>&#8211; Desmontaje: 5 de mayo de 17.00 horas a 21.00 horas.<\/p>\n\n\n\n<p><strong>TERCERO<\/strong>: HORARIOS ESPECIALES<\/p>\n\n\n\n<p>&#8211; M\u00daSICA EN LA V\u00cdA P\u00daBLICA: los d\u00edas 3, 4 y 5 de 12.00 horas-00.00 horas<\/p>\n\n\n\n<p>*La m\u00fasica reproducida en la v\u00eda p\u00fablica se har\u00e1 de forma moderada y ser\u00e1 del tipo \u201cm\u00fasica tradicional andaluza\u201d.<\/p>\n\n\n\n<p>*Se permite una peque\u00f1a tarima\/tablao para el baile, sin instalaci\u00f3n de estructura.<\/p>\n\n\n\n<p>&#8211; BARRAS Y AMPLIACI\u00d3N DE TERRAZAS: el horario establecido para las terrazas en la Ordenanza Municipal: de 8.30h a 2.00h.<\/p>\n\n\n\n<p><strong>CUARTO<\/strong>: PLAZO Y LUGAR DE PRESENTACI\u00d3N DE SOLICITUDES:<\/p>\n\n\n\n<p>Las solicitudes (Modelo 4 o solicitud de ampliaci\u00f3n de superficie de \nterraza para fiestas populares) y documentaci\u00f3n requerida se deben \npresentar del 12 al 26 de abril de 2019 en el Registro General del<br>Ayuntamiento, en horario de 09.00 a 14.00 horas, o bien a trav\u00e9s de la Sede Electr\u00f3nica (<a href=\"http:\/\/atarfe.sedelectronica.es\/\">http:\/\/atarfe.sedelectronica.es\/<\/a>&nbsp;), las 24 horas del d\u00eda.<\/p>\n\n\n\n<p><strong>QUINTO<\/strong>: SOLICITUDES Y DOCUMENTACI\u00d3N<br><br>A) CRUCES CON BARRA: Solo podr\u00e1n solicitarlo las Asociaciones legalmente constituidas.<\/p>\n\n\n\n<p>&#8211; Modelo 4 \u201cSolicitud de autorizaci\u00f3n para celebraci\u00f3n de \nespect\u00e1culos p\u00fablicos y actividades recreativas de car\u00e1cter ocasional o \nextraordinario de acuerdo con el Decreto 195\/2007 de 26 de Junio.\u201d<\/p>\n\n\n\n<p>B) AMPLIACI\u00d3N DE SUPERFICIE DE TERRAZAS DE BARES: Solo podr\u00e1n solicitarlo los bares que tengan autorizada su terraza en 2019.<\/p>\n\n\n\n<p>&#8211; Modelo de Solicitud de ampliaci\u00f3n de superficie de terrazas de bares para fiestas populares.<\/p>\n\n\n\n<p>&#8211; Plano a escala y\/o croquis debidamente acotado de la zona de ampliaci\u00f3n de la Terraza.<\/p>\n\n\n\n<p>Nota 1: La Autorizaci\u00f3n queda supeditada a las necesidades de Orden P\u00fablico del Municipio.<br>Nota 2: Se proh\u00edbe la elaboraci\u00f3n de cualquier tipo de comida en el exterior del local.<br>Nota 3: En la ampliaci\u00f3n de la terraza se garantizar\u00e1 en todo momento la movilidad de los ciudadanos en la v\u00eda p\u00fablica.<\/p>\n\n\n\n<p><strong>SEXTO<\/strong>: Las presentes Autorizaciones est\u00e1n exentas de pagar la Tasa por Ocupaci\u00f3n de V\u00eda P\u00fablica.<\/p>\n\n\n\n<h3 class=\"wp-block-heading\">Ficheros Adjuntos<\/h3>\n\n\n\n<figure class=\"wp-block-image\"><img data-recalc-dims=\"1\" decoding=\"async\" src=\"https:\/\/i0.wp.com\/www.atarfe.es\/img\/pdf2.jpg?w=640\" alt=\"\"\/><\/figure>\n\n\n\n<p><strong><a href=\"http:\/\/www.atarfe.es\/data\/CoreFiles\/20190411-resolucion-decreto-de-alcaldia-decreto-de-presidencia-decreto-2019-0574-resolucion-de-alcaldia-por-la-que-se-aprueban-las-bases-de-las-instalaciones-de-cruces-con-barra-y-ampliacion-de-la-superficie-d.pdf\" target=\"_blank\" rel=\"noreferrer noopener\">Resoluci\u00b4\u00f3n de alcald\u00eda sobre las bases para autorizar barras y casetas el d\u00eda de la cruz<\/a><\/strong><\/p>\n\n\n\n<figure class=\"wp-block-image\"><img data-recalc-dims=\"1\" decoding=\"async\" src=\"https:\/\/i0.wp.com\/www.atarfe.es\/img\/pdf2.jpg?w=640\" alt=\"\"\/><\/figure>\n\n\n\n<p><strong><a href=\"http:\/\/www.atarfe.es\/data\/CoreFiles\/20190410-modelo-4-solicitud-autorizacion-actividad-ocasional.pdf\" target=\"_blank\" rel=\"noreferrer noopener\">Solicitud de autorizaci\u00f3n para celebraci\u00f3n de espect\u00e1culo<\/a><\/strong><\/p>\n\n\n\n<figure class=\"wp-block-image\"><img data-recalc-dims=\"1\" decoding=\"async\" src=\"https:\/\/i0.wp.com\/www.atarfe.es\/img\/pdf2.jpg?w=640\" alt=\"\"\/><\/figure>\n\n\n\n<p><strong><a href=\"http:\/\/www.atarfe.es\/data\/CoreFiles\/solicitud-de-ampliacion-de-terraza.pdf\" target=\"_blank\" rel=\"noreferrer noopener\">Solicitud de ampliaci\u00f3n de terraza<\/a><\/strong><\/p>\n","protected":false},"excerpt":{"rendered":"<p>Las solicitudes y documentaci\u00f3n requerida se presentar\u00e1n del 12 al 26 de abril de 2019&#8230;<\/p>\n","protected":false},"author":1,"featured_media":31063,"comment_status":"closed","ping_status":"closed","sticky":false,"template":"","format":"standard","meta":{"_coblocks_attr":"","_coblocks_dimensions":"","_coblocks_responsive_height":"","_coblocks_accordion_ie_support":"","jetpack_post_was_ever_published":false,"_jetpack_newsletter_access":"","_jetpack_dont_email_post_to_subs":false,"_jetpack_newsletter_tier_id":0,"_jetpack_memberships_contains_paywalled_content":false,"_jetpack_memberships_contains_paid_content":false,"footnotes":"","jetpack_publicize_message":"","jetpack_publicize_feature_enabled":true,"jetpack_social_post_already_shared":false,"jetpack_social_options":{"image_generator_settings":{"template":"highway","default_image_id":0,"enabled":false},"version":2}},"categories":[2,1161,186,44,15],"tags":[2870,536],"class_list":["post-30973","post","type-post","status-publish","format-standard","has-post-thumbnail","hentry","category-atarfe","category-ciudadania","category-instituciones","category-noticias-de-hoy","category-ultimas-noticias","tag-bases","tag-cruces-de-mayo"],"jetpack_publicize_connections":[],"jetpack_featured_media_url":"https:\/\/i0.wp.com\/miradordeatarfe.es\/wp-content\/uploads\/2019\/04\/cruz-web.jpg?fit=600%2C400&ssl=1","jetpack_likes_enabled":true,"jetpack_sharing_enabled":true,"_links":{"self":[{"href":"https:\/\/miradordeatarfe.es\/index.php?rest_route=\/wp\/v2\/posts\/30973","targetHints":{"allow":["GET"]}}],"collection":[{"href":"https:\/\/miradordeatarfe.es\/index.php?rest_route=\/wp\/v2\/posts"}],"about":[{"href":"https:\/\/miradordeatarfe.es\/index.php?rest_route=\/wp\/v2\/types\/post"}],"author":[{"embeddable":true,"href":"https:\/\/miradordeatarfe.es\/index.php?rest_route=\/wp\/v2\/users\/1"}],"replies":[{"embeddable":true,"href":"https:\/\/miradordeatarfe.es\/index.php?rest_route=%2Fwp%2Fv2%2Fcomments&post=30973"}],"version-history":[{"count":2,"href":"https:\/\/miradordeatarfe.es\/index.php?rest_route=\/wp\/v2\/posts\/30973\/revisions"}],"predecessor-version":[{"id":30997,"href":"https:\/\/miradordeatarfe.es\/index.php?rest_route=\/wp\/v2\/posts\/30973\/revisions\/30997"}],"wp:featuredmedia":[{"embeddable":true,"href":"https:\/\/miradordeatarfe.es\/index.php?rest_route=\/wp\/v2\/media\/31063"}],"wp:attachment":[{"href":"https:\/\/miradordeatarfe.es\/index.php?rest_route=%2Fwp%2Fv2%2Fmedia&parent=30973"}],"wp:term":[{"taxonomy":"category","embeddable":true,"href":"https:\/\/miradordeatarfe.es\/index.php?rest_route=%2Fwp%2Fv2%2Fcategories&post=30973"},{"taxonomy":"post_tag","embeddable":true,"href":"https:\/\/miradordeatarfe.es\/index.php?rest_route=%2Fwp%2Fv2%2Ftags&post=30973"}],"curies":[{"name":"wp","href":"https:\/\/api.w.org\/{rel}","templated":true}]}}