{"id":30975,"date":"2019-04-22T08:15:26","date_gmt":"2019-04-22T06:15:26","guid":{"rendered":"http:\/\/miradordeatarfe.es\/?p=30975"},"modified":"2019-04-15T18:56:14","modified_gmt":"2019-04-15T16:56:14","slug":"una-ley-de-1985-para-los-whatsapps-del-siglo-xxi","status":"publish","type":"post","link":"https:\/\/miradordeatarfe.es\/?p=30975","title":{"rendered":"Una ley de 1985 para los \u2018whatsapps\u2019 del siglo XXI"},"content":{"rendered":"\n<h4 class=\"wp-block-heading\">Es muy dif\u00edcil poner l\u00edmite a la propaganda electoral en redes sociales, muchas veces an\u00f3nima<\/h4>\n\n\n\n<p><a href=\"https:\/\/elpais.com\/autor\/mari_luz_peinado\/a\/\">Mari Luz Peinado<\/a><\/p>\n\n\n\n<p>La estaci\u00f3n de Avenida de Am\u00e9rica es una de las m\u00e1s \nutilizadas de la red de Metro de Madrid. Los viajeros que estos d\u00edas \nsal\u00edan a la superficie, se encontraban con una gran lona desplegada por \nCiudadanos en la que se le\u00eda: \u00abPedro, nosotros vamos a cambiar Espa\u00f1a\u00bb. \nLa frase aparec\u00eda debajo de una que se incluye en <a href=\"https:\/\/elpais.com\/politica\/2019\/02\/05\/actualidad\/1549371756_530080.html\">el libro de memorias del presidente<\/a>: \u00abMi primera decisi\u00f3n fue cambiar el colch\u00f3n de La Moncloa\u00bb. La Junta Electoral de Madrid <a href=\"https:\/\/www.eldiario.es\/politica\/Junta-Electoral-Madrid-Ciudadanos-Sanchez_0_885761709.html\">orden\u00f3 su retirada<\/a> despu\u00e9s de una reclamaci\u00f3n del PSOE, que consideraba que el mensaje de la lona incumpl\u00eda la ley electoral. <a href=\"https:\/\/www.boe.es\/eli\/es\/lo\/1985\/06\/19\/5\/con\">El art\u00edculo 53<\/a>\n de esta ley establece que \u00abdesde la convocatoria de las elecciones \nhasta el inicio legal de la campa\u00f1a, queda prohibida la realizaci\u00f3n de \npublicidad o propaganda electoral\u00bb.<\/p>\n\n\n\n<p>La\n decisi\u00f3n de la Junta Electoral se tom\u00f3 el viernes 5. Ese mismo d\u00eda, los\n partidos pol\u00edticos utilizaron sus canales de Telegram y WhatsApp para \nenviar mensajes a los tel\u00e9fonos de sus seguidores. El PP, por ejemplo, \ndistribuy\u00f3 un v\u00eddeo con el t\u00edtulo \u00ab\u00bfQuieres que ellos tambi\u00e9n gobiernen \nEspa\u00f1a? PSOE \/ \u2764\ufe0f OTEGI\u00bb. Los socialistas enviaron 18 mensajes a los m\u00e1s\n de 3.200 suscriptores de su canal oficial de Telegram, esencialmente \nhablando sobre la intervenci\u00f3n de Pedro S\u00e1nchez en Toledo y explicando \nlas medidas tomadas ese d\u00eda en el Consejo de Ministros. Y todos \nutilizaron sus cuentas oficiales en redes sociales. Mensajes directos, \ncon contenido pol\u00edtico, que se mueven r\u00e1pido y que son dif\u00edciles de \ncontrolar por la ley. Los grupos de WhatsApp de familiares o de antiguos\n alumnos se convierten en una versi\u00f3n moderna de las fachadas sobre las \nque colgar las lonas.<\/p>\n\n\n\n<figure class=\"wp-block-image\"><img data-recalc-dims=\"1\" decoding=\"async\" src=\"https:\/\/i0.wp.com\/ep01.epimg.net\/politica\/imagenes\/2019\/04\/09\/actualidad\/1554809033_813883_1554817046_sumario_normal.jpg?w=640&#038;ssl=1\" alt=\"Uno de los mensajes de WhatsApp del canal oficial del Partido Popular\"\/><figcaption> Uno de los mensajes de WhatsApp del canal oficial del Partido Popular<\/figcaption><\/figure>\n\n\n\n<p>La ley que controla las normas de estas elecciones se \naprob\u00f3 en 1985, cuando Twitter, Facebook y WhatsApp ni siquiera eran un \nproyecto. \u00abEst\u00e1 pensada para regular, principalmente, los medios \np\u00fablicos de aquella \u00e9poca\u00bb, explica Agust\u00edn Ruiz Robledo, catedr\u00e1tico de\n Derecho Constitucional de la Universidad de Granada. La polit\u00f3loga e \ninvestigadora de la Universidad Aut\u00f3noma de Barcelona Berta Barbet \nexplica que, \u00abcuando se aprob\u00f3, la ley quer\u00eda igualar la batalla \nelectoral, para que los partidos tuvieran posibilidades similares\u00bb. \u00abA \nlo mejor todos no pod\u00edan pagar una campa\u00f1a de seis meses, pero s\u00ed una de\n 15 d\u00edas. C\u00f3mo se puede conseguir esto en un mundo en el que existe \ntanta informaci\u00f3n, es algo que habr\u00eda que replantear\u00bb, a\u00f1ade.<\/p>\n\n\n\n<p>El PP ha acudido a la Junta Electoral de Madrid despu\u00e9s de que Podemos proyectara <a href=\"https:\/\/elpais.com\/ccaa\/2019\/04\/07\/madrid\/1554589279_907866.html\">los papeles de B\u00e1rcenas en la Plaza Mayor<\/a> el s\u00e1bado 6 de abril. Pero \u00bfqu\u00e9 ocurre con los miles de mensajes que acompa\u00f1aron la acci\u00f3n <a href=\"https:\/\/twitter.com\/hashtag\/QueNoVuelvan?src=hash\">bajo el <em>hashtag<\/em> #QueNoVuelvan<\/a>?\n Solo en Twitter, el domingo hubo m\u00e1s de 71.000 mensajes con esa \netiqueta, seg\u00fan la herramienta de medici\u00f3n Digimind. El art\u00edculo 53 s\u00ed \nhabla de \u00abmedios digitales\u00bb de los partidos, pero en redes sociales no \nsiempre es f\u00e1cil identificar a los emisores de los mensajes. Detr\u00e1s de \nlas lonas y de las proyecciones tiene que haber una empresa que pague y \nuna firma que autorice un presupuesto. Detr\u00e1s de un mensaje de WhatsApp \nviral solo tiene que haber gente dispuesta a darle a reenviar.<\/p>\n\n\n\n<p>\u00abPor un lado, est\u00e1n las redes sociales abiertas, como \nTwitter o Facebook, donde no puedes controlar la informaci\u00f3n que mueven \nlos individuos, igual que tampoco puedes controlar que la gente hable de\n pol\u00edtica en las calles. Algo m\u00e1s dif\u00edcil es WhatsApp, donde no tienes \nning\u00fan tipo de control sobre lo que se dice y lo que se comparte, ni \nqui\u00e9n lo hace\u00bb, dice Barbet.<\/p>\n\n\n\n<h3 class=\"wp-block-heading\">La ley y la trampa<\/h3>\n\n\n\n<p>La ley electoral tambi\u00e9n tiene otros art\u00edculos que entran \nen conflicto con la manera en la que recibimos informaci\u00f3n en la \nactualidad: la prohibici\u00f3n de hacer campa\u00f1a el d\u00eda anterior a la \nvotaci\u00f3n (<a href=\"https:\/\/verne.elpais.com\/verne\/2016\/06\/24\/articulo\/1466764167_730026.html\">la jornada de reflexi\u00f3n<\/a>)\n y la de publicar sondeos en los d\u00edas previos a la jornada electoral. \nAmbas son f\u00e1ciles de evitar a trav\u00e9s de una cuenta de Twitter \u2014que \nincluso puede ser an\u00f3nima\u2014 o con una cadena de mensajes.<\/p>\n\n\n\n<p>\u00abLos principios generales del derecho pueden ayudarnos en \nparte. Por ejemplo, aunque la ley no diga nada de redes sociales, un \npartido no podr\u00eda pedir el voto a trav\u00e9s de sus cuentas en la jornada de\n reflexi\u00f3n, por considerarse un medio m\u00e1s\u00bb, opina Ruiz Robledo. \u00abOtra \ncosa es que te lleguen mensajes de amigos m\u00e1s favorables a unos o a \notros. Eso no creo que se pueda evitar\u00bb. De hecho, ese tipo de \ncomunicaci\u00f3n es la m\u00e1s importante y tambi\u00e9n la m\u00e1s deseada por los \npartidos. En una convocatoria en la que, seg\u00fan el CIS, m\u00e1s del 40% de \nlas personas que quieren ir a las urnas a\u00fan no ha decidido a qui\u00e9n \nvotar\u00e1, la opini\u00f3n del entorno cercano es la que m\u00e1s influye, <a href=\"https:\/\/dialnet.unirioja.es\/servlet\/tesis?codigo=56507\">seg\u00fan los estudios<\/a>.<\/p>\n\n\n\n<p>Respecto a la prohibici\u00f3n de publicar sondeos, hace ya varios a\u00f1os  que los que seguimos la campa\u00f1a estamos familiarizados con las frutas  andorranas. <em>El Peri\u00f3dico de Andorra<\/em> publica los resultados de sus encuestas y <a href=\"https:\/\/verne.elpais.com\/verne\/2015\/12\/16\/articulo\/1450291996_689009.html\">varias cuentas de Twitter lo representan con frutas<\/a>,  sin citar a los partidos por sus nombres (el PSOE es una fresa, el PP  una gota de agua, Podemos es una berenjena y Ciudadanos una naranja). El  profesor de la facultad de Ciencias de la Comunicaci\u00f3n de la UAB \u00d3scar  Coromina resume as\u00ed estas contradicciones: \u00abEs un poco paternalista por  parte de la ley. La informaci\u00f3n est\u00e1 ah\u00ed, es m\u00e1s accesible que nunca y  no se puede parar\u00bb.<\/p>\n\n\n\n<p><a href=\"https:\/\/elpais.com\/politica\/2019\/04\/09\/actualidad\/1554809033_813883.html\">https:\/\/elpais.com\/politica\/2019\/04\/09\/actualidad\/1554809033_813883.html<\/a><\/p>\n","protected":false},"excerpt":{"rendered":"<p>Es muy dif\u00edcil poner l\u00edmite a la propaganda electoral en redes sociales, muchas veces an\u00f3nima&#8230;<\/p>\n","protected":false},"author":1,"featured_media":0,"comment_status":"closed","ping_status":"closed","sticky":false,"template":"","format":"standard","meta":{"_coblocks_attr":"","_coblocks_dimensions":"","_coblocks_responsive_height":"","_coblocks_accordion_ie_support":"","jetpack_post_was_ever_published":false,"_jetpack_newsletter_access":"","_jetpack_dont_email_post_to_subs":false,"_jetpack_newsletter_tier_id":0,"_jetpack_memberships_contains_paywalled_content":false,"_jetpack_memberships_contains_paid_content":false,"footnotes":"","jetpack_publicize_message":"","jetpack_publicize_feature_enabled":true,"jetpack_social_post_already_shared":false,"jetpack_social_options":{"image_generator_settings":{"template":"highway","default_image_id":0,"enabled":false},"version":2}},"categories":[1161,186,44,15],"tags":[171,1550,30],"class_list":["post-30975","post","type-post","status-publish","format-standard","hentry","category-ciudadania","category-instituciones","category-noticias-de-hoy","category-ultimas-noticias","tag-elecciones","tag-leyes","tag-normativa"],"jetpack_publicize_connections":[],"jetpack_featured_media_url":"","jetpack_likes_enabled":true,"jetpack_sharing_enabled":true,"_links":{"self":[{"href":"https:\/\/miradordeatarfe.es\/index.php?rest_route=\/wp\/v2\/posts\/30975","targetHints":{"allow":["GET"]}}],"collection":[{"href":"https:\/\/miradordeatarfe.es\/index.php?rest_route=\/wp\/v2\/posts"}],"about":[{"href":"https:\/\/miradordeatarfe.es\/index.php?rest_route=\/wp\/v2\/types\/post"}],"author":[{"embeddable":true,"href":"https:\/\/miradordeatarfe.es\/index.php?rest_route=\/wp\/v2\/users\/1"}],"replies":[{"embeddable":true,"href":"https:\/\/miradordeatarfe.es\/index.php?rest_route=%2Fwp%2Fv2%2Fcomments&post=30975"}],"version-history":[{"count":1,"href":"https:\/\/miradordeatarfe.es\/index.php?rest_route=\/wp\/v2\/posts\/30975\/revisions"}],"predecessor-version":[{"id":30976,"href":"https:\/\/miradordeatarfe.es\/index.php?rest_route=\/wp\/v2\/posts\/30975\/revisions\/30976"}],"wp:attachment":[{"href":"https:\/\/miradordeatarfe.es\/index.php?rest_route=%2Fwp%2Fv2%2Fmedia&parent=30975"}],"wp:term":[{"taxonomy":"category","embeddable":true,"href":"https:\/\/miradordeatarfe.es\/index.php?rest_route=%2Fwp%2Fv2%2Fcategories&post=30975"},{"taxonomy":"post_tag","embeddable":true,"href":"https:\/\/miradordeatarfe.es\/index.php?rest_route=%2Fwp%2Fv2%2Ftags&post=30975"}],"curies":[{"name":"wp","href":"https:\/\/api.w.org\/{rel}","templated":true}]}}