{"id":310,"date":"2015-03-16T07:07:34","date_gmt":"2015-03-16T07:07:34","guid":{"rendered":"http:\/\/miradordeatarfe.es\/?p=310"},"modified":"2015-03-17T08:55:37","modified_gmt":"2015-03-17T08:55:37","slug":"310","status":"publish","type":"post","link":"https:\/\/miradordeatarfe.es\/?p=310","title":{"rendered":"V\u00eda Crucis viviente de gente de Atarfe reprersentado en Granada y en Atarfe"},"content":{"rendered":"<div class=\"itemIntroText\">\n<p>Por primera vez en la S.I Catedral, el domingo d\u00eda 15 se celebrar\u00e1 un V\u00eda Crucis Viviente por Granada,<strong> en el que participar\u00e1n un centenar de personas del pueblo de Atarfe<\/strong>, desde ni\u00f1os hasta adultos y personas mayores. El V\u00eda Crucis Viviente contar\u00e1 con la colaboraci\u00f3n en el plano log\u00edstico y de voluntariado de la Real Federaci\u00f3n de Hermandades y Cofrad\u00edas de Semana Santa de la Ciudad de Granada.Esta experiencia de representar el V\u00eda Crucis Viviente se llev\u00f3 a cabo el a\u00f1o pasado con fieles de la parroquia de La Encarnaci\u00f3n de Atarfe, y ahora se ofrecer\u00e1 en el templo catedralicio de la ciudad y sus alrededores.<\/p>\n<\/div>\n<div class=\"itemFullText\">\n<p><!--more--><br \/>\n<strong>EN GRANADA<\/strong><br \/>\nEl V\u00eda Crucis Viviente en Granada se iniciar\u00e1 a las 18:30 horas en el interior de la Catedral, donde se representar\u00e1 la Primera Estaci\u00f3n, y se desarrollar\u00e1 de forma itinerante por los alrededores del templo catedralicio, como en la propia Plaza de las Pasiegas, donde se llevar\u00e1n a cabo algunas de las Estaciones de la Pasi\u00f3n y Muerte del Se\u00f1or.<\/p>\n<p>El ejercicio del V\u00eda Crucis se desarrollar\u00e1 con la lectura, la oraci\u00f3n, la representaci\u00f3n y la reflexi\u00f3n de cada una de las Estaciones. Asimismo, antes de iniciarse el V\u00eda Crucis Viviente en la Catedral, se explicar\u00e1 a los asistentes por qu\u00e9 se hace, para ayudarles as\u00ed a tomar conciencia de que no se asiste a una funci\u00f3n de teatro, sino a un acto religioso.<\/p>\n<p><strong>ENCUENTRO PERSONAL CON CRISTO<\/strong><br \/>\nEl V\u00eda Crucis Viviente por Granada se realiza como una ayuda en este tiempo de Cuaresma para favorecer la oraci\u00f3n y el encuentro personal con Cristo, y se ofrece con el deseo de sus organizadores de que sirva para mover el coraz\u00f3n y la vida. Por ello, sus organizadores animan a los asistentes a leer la Pasi\u00f3n y a ir con coraz\u00f3n dispuesto para contemplar las escenas representadas de la Pasi\u00f3n y Muerte del Se\u00f1or.<\/p>\n<p>En este sentido, D. Eduardo Garc\u00eda, sacerdote de Atarfe, que forma parte de la comisi\u00f3n organizadora de este V\u00eda Crucis Viviente, invita a los granadinos y visitantes de la ciudad a asistir a este V\u00eda Crucis \u00abcon el deseo de encontrarse con el Se\u00f1or; que vean en cada gesto, en cada palabra, el amor de Dios por cada uno de nosotros\u00bb.<\/p>\n<p>Asimismo, las representaciones del V\u00eda Crucis Viviente no son teatrales, es decir, no se ofrecen como un espect\u00e1culo, sino que es un acto de fe que forma parte de nuestra propia historia y vida cristiana, donde hoy, dos mil a\u00f1os despu\u00e9s, Cristo contin\u00faa presente en medio del mundo en la Iglesia.<\/p>\n<p>En los distintos ensayos que se han llevado a cabo, los participantes en el V\u00eda Crucis Viviente se preparan minutos antes con la lectura de un trozo de la Pasi\u00f3n y un momento de oraci\u00f3n, de tal forma que se tome conciencia de lo que van a representar y pidiendo a Dios para que sean un instrumento suyo.<\/p>\n<p><strong>SIGUIENDO LA INDICACI\u00d3N DEL PAPA FRANCISCO\u00a0<\/strong><br \/>\nEl V\u00eda Crucis Viviente es una iniciativa que a\u00f1os atr\u00e1s se llev\u00f3 a cabo en algunos pueblos de la Alpujarra y el a\u00f1o pasado se desarroll\u00f3 en el pueblo de Atarfe. Este a\u00f1o, se representa por primera vez en la Catedral de Granada en el IV Domingo de Cuaresma, el pr\u00f3ximo d\u00eda 15, y en la tarde del Domingo de Ramos, el d\u00eda 29, se llevar\u00e1 a cabo en Atarfe.<\/p>\n<p>La iniciativa sigue tambi\u00e9n la indicaci\u00f3n del Papa Francisco de salir a las periferias existenciales, por lo que este V\u00eda Crucis Viviente se ofrece tambi\u00e9n como un acercamiento a la Pasi\u00f3n y Muerte del Se\u00f1or tanto para creyentes como para no creyentes.<\/p>\n<p><a href=\"&lt;iframe%20width=&quot;560&quot; height=&quot;315&quot; src=&quot;https:\/\/www.youtube.com\/embed\/keuOu5HfPjI&quot; frameborder=&quot;0&quot; allowfullscreen&gt;&lt;\/iframe&gt;\">&lt;iframe width=\u00bb560&#8243; height=\u00bb315&#8243; src=\u00bbhttps:\/\/www.youtube.com\/embed\/keuOu5HfPjI\u00bb frameborder=\u00bb0&#8243; allowfullscreen&gt;&lt;\/iframe&gt;<\/a><\/p>\n<\/div>\n","protected":false},"excerpt":{"rendered":"<p>Por primera vez en la S.I Catedral, el domingo d\u00eda 15 se celebrar\u00e1 un V\u00eda&#8230;<\/p>\n","protected":false},"author":1,"featured_media":311,"comment_status":"closed","ping_status":"closed","sticky":false,"template":"","format":"standard","meta":{"_coblocks_attr":"","_coblocks_dimensions":"","_coblocks_responsive_height":"","_coblocks_accordion_ie_support":"","jetpack_post_was_ever_published":false,"_jetpack_newsletter_access":"","_jetpack_dont_email_post_to_subs":false,"_jetpack_newsletter_tier_id":0,"_jetpack_memberships_contains_paywalled_content":false,"_jetpack_memberships_contains_paid_content":false,"footnotes":"","jetpack_publicize_message":"","jetpack_publicize_feature_enabled":true,"jetpack_social_post_already_shared":false,"jetpack_social_options":{"image_generator_settings":{"template":"highway","default_image_id":0,"enabled":false},"version":2}},"categories":[2,15],"tags":[23,173],"class_list":["post-310","post","type-post","status-publish","format-standard","has-post-thumbnail","hentry","category-atarfe","category-ultimas-noticias","tag-religion","tag-via-crucis"],"jetpack_publicize_connections":[],"jetpack_featured_media_url":"https:\/\/i0.wp.com\/miradordeatarfe.es\/wp-content\/uploads\/2015\/03\/f759cd5e66fcddccb2d9375512a98977_XL.jpg?fit=900%2C504&ssl=1","jetpack_likes_enabled":true,"jetpack_sharing_enabled":true,"_links":{"self":[{"href":"https:\/\/miradordeatarfe.es\/index.php?rest_route=\/wp\/v2\/posts\/310","targetHints":{"allow":["GET"]}}],"collection":[{"href":"https:\/\/miradordeatarfe.es\/index.php?rest_route=\/wp\/v2\/posts"}],"about":[{"href":"https:\/\/miradordeatarfe.es\/index.php?rest_route=\/wp\/v2\/types\/post"}],"author":[{"embeddable":true,"href":"https:\/\/miradordeatarfe.es\/index.php?rest_route=\/wp\/v2\/users\/1"}],"replies":[{"embeddable":true,"href":"https:\/\/miradordeatarfe.es\/index.php?rest_route=%2Fwp%2Fv2%2Fcomments&post=310"}],"version-history":[{"count":3,"href":"https:\/\/miradordeatarfe.es\/index.php?rest_route=\/wp\/v2\/posts\/310\/revisions"}],"predecessor-version":[{"id":317,"href":"https:\/\/miradordeatarfe.es\/index.php?rest_route=\/wp\/v2\/posts\/310\/revisions\/317"}],"wp:featuredmedia":[{"embeddable":true,"href":"https:\/\/miradordeatarfe.es\/index.php?rest_route=\/wp\/v2\/media\/311"}],"wp:attachment":[{"href":"https:\/\/miradordeatarfe.es\/index.php?rest_route=%2Fwp%2Fv2%2Fmedia&parent=310"}],"wp:term":[{"taxonomy":"category","embeddable":true,"href":"https:\/\/miradordeatarfe.es\/index.php?rest_route=%2Fwp%2Fv2%2Fcategories&post=310"},{"taxonomy":"post_tag","embeddable":true,"href":"https:\/\/miradordeatarfe.es\/index.php?rest_route=%2Fwp%2Fv2%2Ftags&post=310"}],"curies":[{"name":"wp","href":"https:\/\/api.w.org\/{rel}","templated":true}]}}