{"id":31009,"date":"2019-04-28T09:09:12","date_gmt":"2019-04-28T07:09:12","guid":{"rendered":"http:\/\/miradordeatarfe.es\/?p=31009"},"modified":"2019-04-19T12:29:54","modified_gmt":"2019-04-19T10:29:54","slug":"los-asalariados-espanoles-cobraron-16-euros-por-hora-en-2018-seis-menos-que-la-media-de-la-zona-euro","status":"publish","type":"post","link":"https:\/\/miradordeatarfe.es\/?p=31009","title":{"rendered":"Los asalariados espa\u00f1oles cobraron 16 euros por hora en 2018, seis menos que la media de la Zona Euro"},"content":{"rendered":"\n<h4 class=\"wp-block-heading\"> Las estad\u00edsticas de costes laborales de Eurostat muestran a Espa\u00f1a por  debajo de la media de la UE y la zona euro tanto en el c\u00f3mputo de  salarios como en el de costes laborales <\/h4>\n\n\n\n<p>La subida del salario m\u00ednimo durante el \u00faltimo trimestre de 2018 ha \ntenido un t\u00edmido efecto sobre los salarios en las estad\u00edsticas que \npublic\u00f3 <a href=\"https:\/\/ec.europa.eu\/eurostat\/documents\/2995521\/9720156\/3-11042019-BP-EN\/3240675b-5513-41a4-8b28-3f5e24c55b70\">Eurostat<\/a>\n ayer, 11 de abril. En 2018, el salario medio por hora en Espa\u00f1a \n\u2014excluida, por formar parte de otra estad\u00edstica, la agricultura y la \nfunci\u00f3n p\u00fablica\u2014 se situ\u00f3 en 16 euros, una subida de veinte c\u00e9ntimos por\n hora con respecto a los tres a\u00f1os anteriores. Los costes laborales, \nque, adem\u00e1s de los salarios, incluyen cotizaciones sociales y otros \nconceptos, tambi\u00e9n subieron 20 c\u00e9ntimos, desde los 21,2 euros en los que\n se situaban desde 2015, hasta 21,4. <\/p>\n\n\n\n<p>Espa\u00f1a sigue situada a la \ncola de los pa\u00edses m\u00e1s desarrollados de la Uni\u00f3n Europea, por debajo de \nla media europea tanto en salarios como en costes laborales y muy por \ndebajo de la media de los pa\u00edses de la uni\u00f3n monetaria. As\u00ed, el salario \nmedio por hora de una persona asalariada de la euro zona es de 22,8 \neuros, frente a los 16 de Espa\u00f1a. En los 28 pa\u00edses del conjunto de la UE\n el sueldo por hora se sit\u00faa en 20,9 euros. En cuanto a costes \nlaborales, 2018 se cerr\u00f3 con una cifra de 27,4 euros por hora trabajada \nen el conjunto de la Uni\u00f3n Europea y 30,6 en la zona euro, frente a los \n21,4 de Espa\u00f1a. <\/p>\n\n\n\n<p>Por sectores, los costes laborales m\u00e1s elevados \nse encuentran en la industria \u201423,5 euros\/hora\u2014 y los m\u00e1s bajos en \nconstrucci\u00f3n \u201420 euros hora\u2014 y en el sector servicios. Una persona \ncontratada en el sector servicios en Francia mueve, entre salarios y \ncotizaciones, 36,2 euros por hora, mientras que en Espa\u00f1a esa cantidad \nse reduce a 20,4 euros. <\/p>\n\n\n\n<p>Espa\u00f1a, eso s\u00ed, encabeza el pelot\u00f3n de  los pa\u00edses que est\u00e1n por debajo de la media: los costes laborales en  Eslovenia, Chipre, Grecia, Malta o Portugal est\u00e1n por debajo de los de  la que hasta 2018 fue la \u201cquinta econom\u00eda de la eurozona\u201d. Reino Unido e  Italia, los pa\u00edses por encima de Espa\u00f1a en el r\u00e1nking, tuvieron en 2018  costes laborales por hora de 27,4 y 28,2 euros, respectivamente<\/p>\n\n\n\n<p>REDACCI\u00d3N DEL SALTO<\/p>\n\n\n\n<p>FOTO Cocineros de un restaurante madrile\u00f1o en un momento de descanso. <\/p>\n\n\n\n<p><a href=\"https:\/\/www.elsaltodiario.com\/laboral\/asalariados-espanoles-cobraron-16-euros-hora-2018-seis-menos-zona-euro\">https:\/\/www.elsaltodiario.com\/laboral\/asalariados-espanoles-cobraron-16-euros-hora-2018-seis-menos-zona-euro<\/a><\/p>\n","protected":false},"excerpt":{"rendered":"<p>Las estad\u00edsticas de costes laborales de Eurostat muestran a Espa\u00f1a por debajo de la media&#8230;<\/p>\n","protected":false},"author":1,"featured_media":31010,"comment_status":"closed","ping_status":"closed","sticky":false,"template":"","format":"standard","meta":{"_coblocks_attr":"","_coblocks_dimensions":"","_coblocks_responsive_height":"","_coblocks_accordion_ie_support":"","jetpack_post_was_ever_published":false,"_jetpack_newsletter_access":"","_jetpack_dont_email_post_to_subs":false,"_jetpack_newsletter_tier_id":0,"_jetpack_memberships_contains_paywalled_content":false,"_jetpack_memberships_contains_paid_content":false,"footnotes":"","jetpack_publicize_message":"","jetpack_publicize_feature_enabled":true,"jetpack_social_post_already_shared":false,"jetpack_social_options":{"image_generator_settings":{"template":"highway","default_image_id":0,"enabled":false},"version":2}},"categories":[1161,186,9,44,15],"tags":[725,1053,147],"class_list":["post-31009","post","type-post","status-publish","format-standard","has-post-thumbnail","hentry","category-ciudadania","category-instituciones","category-medio-ambiente","category-noticias-de-hoy","category-ultimas-noticias","tag-espana","tag-europa","tag-sueldos"],"jetpack_publicize_connections":[],"jetpack_featured_media_url":"https:\/\/i0.wp.com\/miradordeatarfe.es\/wp-content\/uploads\/2019\/04\/AMP_9755.jpg?fit=1500%2C998&ssl=1","jetpack_likes_enabled":true,"jetpack_sharing_enabled":true,"_links":{"self":[{"href":"https:\/\/miradordeatarfe.es\/index.php?rest_route=\/wp\/v2\/posts\/31009","targetHints":{"allow":["GET"]}}],"collection":[{"href":"https:\/\/miradordeatarfe.es\/index.php?rest_route=\/wp\/v2\/posts"}],"about":[{"href":"https:\/\/miradordeatarfe.es\/index.php?rest_route=\/wp\/v2\/types\/post"}],"author":[{"embeddable":true,"href":"https:\/\/miradordeatarfe.es\/index.php?rest_route=\/wp\/v2\/users\/1"}],"replies":[{"embeddable":true,"href":"https:\/\/miradordeatarfe.es\/index.php?rest_route=%2Fwp%2Fv2%2Fcomments&post=31009"}],"version-history":[{"count":1,"href":"https:\/\/miradordeatarfe.es\/index.php?rest_route=\/wp\/v2\/posts\/31009\/revisions"}],"predecessor-version":[{"id":31011,"href":"https:\/\/miradordeatarfe.es\/index.php?rest_route=\/wp\/v2\/posts\/31009\/revisions\/31011"}],"wp:featuredmedia":[{"embeddable":true,"href":"https:\/\/miradordeatarfe.es\/index.php?rest_route=\/wp\/v2\/media\/31010"}],"wp:attachment":[{"href":"https:\/\/miradordeatarfe.es\/index.php?rest_route=%2Fwp%2Fv2%2Fmedia&parent=31009"}],"wp:term":[{"taxonomy":"category","embeddable":true,"href":"https:\/\/miradordeatarfe.es\/index.php?rest_route=%2Fwp%2Fv2%2Fcategories&post=31009"},{"taxonomy":"post_tag","embeddable":true,"href":"https:\/\/miradordeatarfe.es\/index.php?rest_route=%2Fwp%2Fv2%2Ftags&post=31009"}],"curies":[{"name":"wp","href":"https:\/\/api.w.org\/{rel}","templated":true}]}}