{"id":31038,"date":"2019-04-14T10:11:48","date_gmt":"2019-04-14T08:11:48","guid":{"rendered":"http:\/\/miradordeatarfe.es\/?p=31038"},"modified":"2019-04-14T21:18:37","modified_gmt":"2019-04-14T19:18:37","slug":"el-agroisa-huetor-tajar-respira-y-hunde-al-mar-atarfe-3-1","status":"publish","type":"post","link":"https:\/\/miradordeatarfe.es\/?p=31038","title":{"rendered":"El Agroisa Hu\u00e9tor T\u00e1jar respira y hunde al mar Atarfe, 3-1"},"content":{"rendered":"\n<h4 class=\"wp-block-heading\"><strong>Los de Rafa Morales desarbolaron a los atarfe\u00f1os en una buena primera mitad<\/strong><\/h4>\n\n\n\n<p>Alberto fue el protagonista del partido con dos goles (GABRIEL ROSARIO L\u00c1ZARO)El derbi dram\u00e1tico del Grupo IX que enfrent\u00f3 a Agroisa Hu\u00e9tor T\u00e1jar y Atarfe se lo llev\u00f3 el conjunto del Poniente, que logra romper su mala racha y mete distancia con la zona de descenso por arrastre. <\/p>\n\n\n\n<p>Por su parte el Atarfe queda muy tocado y casi va a necesitar un milagro para lograr la permanencia en Tercera Divisi\u00f3n.<\/p>\n\n\n\n<p><br>El Agroisa Hu\u00e9tor T\u00e1jar consciente de la importancia de los puntos, sali\u00f3 muy enchufado al partido y cuando apenas se llevaban 60 segundos de partido, Alberto lograba batir a Dar\u00edo. <\/p>\n\n\n\n<p>El Atarfe le cost\u00f3 entrar en el partido, mientras que los huete\u00f1os segu\u00edan atacando buscado un segundo tanto que lleg\u00f3 en el minuto 15 y tuvo el mismo protagonista, Alberto que lograba batir otra vez a Dar\u00edo.\u00a0 El Atarfe se mostraba impotente y no ve\u00eda la manera de hacerle da\u00f1o a un Hu\u00e9tor T\u00e1jar que se mostraba muy solido. <\/p>\n\n\n\n<p><br>A falta de cinco minutos para el descanso, el colegiado se\u00f1al\u00f3 un penalti favorable a los locales. La pena se ha encarg\u00f3 de transformarla Esteban para poner el 3-0. El Atarfe no quer\u00eda firmar tan pronto el armisticio del partido y en el minuto 42 An\u00e1s bati\u00f3 a Juanfran para poner el 3-1 con el que se lleg\u00f3 al descanso.<\/p>\n\n\n\n<p><br>En la segunda mitad el Atarfe adelant\u00f3 l\u00edneas buscando el gol que lo reengachase a la lucha por los puntos, pero el Hu\u00e9tor T\u00e1jar se mostraba muy s\u00f3lido en defensa y dificultaba los ataques del conjunto atarfe\u00f1o. Al final del partido prevaleci\u00f3 el 3-1 con el que se lleg\u00f3 al descanso.<br>redaccion@granadaenjuego.co<\/p>\n\n\n\n<p><br><\/p>\n","protected":false},"excerpt":{"rendered":"<p>Los de Rafa Morales desarbolaron a los atarfe\u00f1os en una buena primera mitad Alberto fue&#8230;<\/p>\n","protected":false},"author":1,"featured_media":31039,"comment_status":"closed","ping_status":"closed","sticky":false,"template":"","format":"standard","meta":{"_coblocks_attr":"","_coblocks_dimensions":"","_coblocks_responsive_height":"","_coblocks_accordion_ie_support":"","jetpack_post_was_ever_published":false,"_jetpack_newsletter_access":"","_jetpack_dont_email_post_to_subs":false,"_jetpack_newsletter_tier_id":0,"_jetpack_memberships_contains_paywalled_content":false,"_jetpack_memberships_contains_paid_content":false,"footnotes":"","jetpack_publicize_message":"","jetpack_publicize_feature_enabled":true,"jetpack_social_post_already_shared":false,"jetpack_social_options":{"image_generator_settings":{"template":"highway","default_image_id":0,"enabled":false},"version":2}},"categories":[2,182,44,15],"tags":[81,322,666],"class_list":["post-31038","post","type-post","status-publish","format-standard","has-post-thumbnail","hentry","category-atarfe","category-deportes","category-noticias-de-hoy","category-ultimas-noticias","tag-atarfe","tag-deporte","tag-futbol"],"jetpack_publicize_connections":[],"jetpack_featured_media_url":"https:\/\/i0.wp.com\/miradordeatarfe.es\/wp-content\/uploads\/2019\/04\/2A9DE4E6-85D1-4D8C-9FDF-80C9106B75EB.jpeg?fit=450%2C257&ssl=1","jetpack_likes_enabled":true,"jetpack_sharing_enabled":true,"_links":{"self":[{"href":"https:\/\/miradordeatarfe.es\/index.php?rest_route=\/wp\/v2\/posts\/31038","targetHints":{"allow":["GET"]}}],"collection":[{"href":"https:\/\/miradordeatarfe.es\/index.php?rest_route=\/wp\/v2\/posts"}],"about":[{"href":"https:\/\/miradordeatarfe.es\/index.php?rest_route=\/wp\/v2\/types\/post"}],"author":[{"embeddable":true,"href":"https:\/\/miradordeatarfe.es\/index.php?rest_route=\/wp\/v2\/users\/1"}],"replies":[{"embeddable":true,"href":"https:\/\/miradordeatarfe.es\/index.php?rest_route=%2Fwp%2Fv2%2Fcomments&post=31038"}],"version-history":[{"count":1,"href":"https:\/\/miradordeatarfe.es\/index.php?rest_route=\/wp\/v2\/posts\/31038\/revisions"}],"predecessor-version":[{"id":31040,"href":"https:\/\/miradordeatarfe.es\/index.php?rest_route=\/wp\/v2\/posts\/31038\/revisions\/31040"}],"wp:featuredmedia":[{"embeddable":true,"href":"https:\/\/miradordeatarfe.es\/index.php?rest_route=\/wp\/v2\/media\/31039"}],"wp:attachment":[{"href":"https:\/\/miradordeatarfe.es\/index.php?rest_route=%2Fwp%2Fv2%2Fmedia&parent=31038"}],"wp:term":[{"taxonomy":"category","embeddable":true,"href":"https:\/\/miradordeatarfe.es\/index.php?rest_route=%2Fwp%2Fv2%2Fcategories&post=31038"},{"taxonomy":"post_tag","embeddable":true,"href":"https:\/\/miradordeatarfe.es\/index.php?rest_route=%2Fwp%2Fv2%2Ftags&post=31038"}],"curies":[{"name":"wp","href":"https:\/\/api.w.org\/{rel}","templated":true}]}}