{"id":31053,"date":"2019-04-24T10:13:04","date_gmt":"2019-04-24T08:13:04","guid":{"rendered":"http:\/\/miradordeatarfe.es\/?p=31053"},"modified":"2019-04-15T18:52:55","modified_gmt":"2019-04-15T16:52:55","slug":"pnv-el-partido-que-condiciono-los-dos-ultimos-gobiernos-de-espana","status":"publish","type":"post","link":"https:\/\/miradordeatarfe.es\/?p=31053","title":{"rendered":"PNV, el partido que condicion\u00f3 los dos \u00faltimos Gobiernos de Espa\u00f1a"},"content":{"rendered":"\n<h4 class=\"wp-block-heading\">Los nacionalistas vascos han hecho gala de su capacidad de influencia y muchos asuntos de Estado han pasado por sus manos<\/h4>\n\n\n\n<p>El jueves 31 de mayo de 2018 a las 13.55 horas, Mariano Rajoy supo que iba a dejar de ser presidente del Gobierno de Espa\u00f1a.&nbsp;<a href=\"https:\/\/www.eldiario.es\/norte\/euskadi\/PNV-Rajoy-Pedro-Sanchez-mocion_0_777272531.html\" target=\"_blank\" rel=\"noreferrer noopener\">Se lo comunic\u00f3 por tel\u00e9fono Andoni Ortuzar, presidente del PNV<\/a>, tras una reuni\u00f3n extraordinaria del Euzkadi Buru Batzar -la Ejecutiva nacional del partido- en la sede nacionalista de Vitoria en la que se opt\u00f3 por apoyar la moci\u00f3n de censura. S\u00f3lo un mes atr\u00e1s,&nbsp;<a href=\"https:\/\/www.eldiario.es\/norte\/euskadi\/agenda-PNV-Rajoy-Espana-ciudadana_0_774473380.html\" target=\"_blank\" rel=\"noreferrer noopener\">el PNV hab\u00eda ara\u00f1ado una subida para todos los pensionistas espa\u00f1oles como contrapartida para apoyar los presupuestos del PP<\/a>. Y antes&nbsp;<a href=\"https:\/\/www.eldiario.es\/norte\/euskadi\/PNV-complejos-pactar-PP-Euskadi_0_639736999.html\" target=\"_blank\" rel=\"noreferrer noopener\">Rajoy y Ortuzar hab\u00edan firmado acuerdos de calado a cambio de garantizar la estabilidad pol\u00edtica del Estado<\/a>, como la renovaci\u00f3n del Concierto Econ\u00f3mico, inversiones en ferrocarriles en Euskadi o m\u00e1s atribuciones para la Ertzaintza.&nbsp;<a href=\"https:\/\/www.eldiario.es\/norte\/euskadi\/Urkullu-mediador-Moncloa-Sant-Jaume_0_701330942.html\" target=\"_blank\" rel=\"noreferrer noopener\">Las horas clave de la independencia catalana<\/a>&nbsp;tambi\u00e9n pasaron por las manos de los &#8216;jeltzales&#8217; en los \u00faltimos a\u00f1os.<\/p>\n\n\n\n<figure><iframe loading=\"lazy\" width=\"643\" height=\"362\" src=\"https:\/\/www.youtube.com\/embed\/EvAre-v65O4\" allowfullscreen=\"\"><\/iframe><\/figure>\n\n\n\n<p>Muchos asuntos de Estado han tenido su foco informativo en Vitoria. Con s\u00f3lo cinco de 350 diputados, la s\u00e9ptima fuerza pol\u00edtica de Espa\u00f1a -el PACMA tuvo los mismos votos en 2016- ha vuelto a hacer gala en esta legislatura de su capacidad de influencia aunque hubiera quien augurara que, con la irrupci\u00f3n de Podemos y Ciudadanos, los partidos perif\u00e9ricos iban a dejar de ser bisagra en las Cortes Generales. Pocos recuerdan que los nacionalistas salieron de las \u00faltimas generales derrotados por un resultado hist\u00f3rico de la coalici\u00f3n de Podemos, IU y Equo en Euskadi. Ahora aspiran a recuperar su tradicional hegemon\u00eda.<\/p>\n\n\n\n<p>Esa influencia del PNV es real y palpable. En la primera parte de la legislatura con el PP -para la historia quedar\u00e1 la broma del tractor y el grano- y despu\u00e9s, igualmente, con Pedro S\u00e1nchez. Ortuzar ha declarado que no hay \u00abcomplejos\u00bb: si es bueno para Euskadi, el acuerdo es posible con cualquiera. No obstante, el tramo final de apoyo al Gobierno de Rajoy, con la sentencia del &#8216;caso G\u00fcrtel&#8217; y el 155 a Catalunya encima de la mesa, gener\u00f3 algunas&nbsp;tensiones internas, sobre todo entre el sector m\u00e1s soberanista encabezado por el portavoz parlamentario en Euskadi y presidente en Gipuzkoa, Joseba Egibar.<\/p>\n\n\n\n<p>Para los nacionalistas, han sido&nbsp;tres a\u00f1os muy productivos, aunque el final de la legislatura no haya sido el esperado. Quer\u00edan poner el broche a su trienio m\u00e1s influyente y arrancar la campa\u00f1a de las elecciones generales habiendo firmado con el Gobierno de S\u00e1nchez la transferencia de cuatro competencias a Euskadi, de peque\u00f1o calado pol\u00edtico pero muy simb\u00f3licas, como la \u00faltima carretera de titularidad estatal en suelo vasco (la AP-68). El anuncio de que la Comisi\u00f3n Mixta de Transferencias Estado-Euskadi se iba a reunir el mismo jueves en que arrancar\u00eda la carrera electoral se hizo coincidir con el nuevamente decisivo&nbsp;papel de los nacionalistas en la \u00faltima votaci\u00f3n de la legislatura en el Congreso, la convalidaci\u00f3n en la diputaci\u00f3n permanente de media docena de decretos sociales del Gobierno socialista.<\/p>\n\n\n\n<p>Era una respuesta a EH Bildu, quien se hab\u00eda postulado como una formaci\u00f3n \u00fatil e influyente en Madrid. El propio presidente del PNV, Andoni Ortuzar, zanj\u00f3 el debate y explic\u00f3 a los vascos que quien consigue \u00ablentejas con tropiezos\u00bb para Euskadi es su partido. Sin embargo,&nbsp;<a href=\"https:\/\/www.eldiario.es\/norte\/euskadi\/Arranca-electoral-Gobiernos-completar-Estatuto_0_887512306.html\" target=\"_blank\" rel=\"noreferrer noopener\">aunque el anuncio lo dieron por seguro en el PNV y en el Gobierno de I\u00f1igo Urkullu, discrepancias econ\u00f3micas sobre las transferencias han retrasado &#8216;sine die&#8217; la consecuci\u00f3n del \u00faltimo bot\u00edn de la legislatura<\/a>. La candidatura que lidera Aitor Esteban, sin embargo, todav\u00eda puede presumir de haber jugado las grandes decisiones de Estado de los \u00faltimos a\u00f1os.&nbsp;<\/p>\n\n\n\n<p>\u00abLa influencia en Madrid y la confianza de la sociedad vasca no se ganan en un d\u00eda\u00bb, razon\u00f3 la pasada semana en un acto p\u00fablico el diputado por Gipuzkoa, Joseba Agirretxea. En efecto, este papel del denominado \u00abGrupo Vasco\u00bb -nombre que irrita a diputados vascos de otros partidos- no ha sido nuevo.&nbsp;<a href=\"https:\/\/www.eldiario.es\/norte\/euskadi\/Adios-Xabier-Arzalluz-nacionalismo-Transicion_0_872813498.html\" target=\"_blank\" rel=\"noreferrer noopener\">El recientemente fallecido Xabier Arzalluz<\/a>&nbsp;negociaba con Jos\u00e9 Mar\u00eda Aznar. La presi\u00f3n del PNV (tambi\u00e9n de CiU en aquellos a\u00f1os) acab\u00f3 modificando una estructura de Estado como eran los gobernadores civiles. En aquellos a\u00f1os,&nbsp;<a href=\"https:\/\/ianasagasti.blogs.com\/mi_blog\/2019\/04\/gara-critica-al-pnv-por-aquel-%C3%A9xito-negociador-en-madrid.html\" target=\"_blank\" rel=\"noreferrer noopener\">como recuerda I\u00f1aki Anasagasti<\/a>, se logr\u00f3 la ruptura del monopolio de Telef\u00f3nica con la creaci\u00f3n de Euskaltel, esta semana de actualidad por la compra de parte de su accionariado de la mano de un fondo brit\u00e1nico (Zegona). Tambi\u00e9n en la etapa de Jos\u00e9 Luis Rodr\u00edguez Zapatero eran los &#8216;jeltzales&#8217; la muleta habitual del presidente.<\/p>\n\n\n\n<p>En el PNV cuentan que est\u00e1n muy satisfechos con el balance de esta legislatura y con la \u00abpopularidad\u00bb lograda por su jefe de filas en las Cortes Generales, Aitor Esteban,&nbsp;<a href=\"https:\/\/www.eldiario.es\/politica\/Aitor-Esteban-premio-parlamentario-periodistas_0_718478237.html\" target=\"_blank\" rel=\"noreferrer noopener\">reconocido orador<\/a>&nbsp;y de talante dialogante. En un v\u00eddeo promocional, Esteban exprime esa imagen influyente en Madrid.&nbsp;\u00abSe ha demostrado que, cuando el PNV es fuerte en Madrid, a Euskadi le va bien, y que s\u00f3lo el PNV defiende a Euskadi all\u00ed. Y as\u00ed va a ser, porque somos el \u00fanico partido que aspira a formar Grupo Vasco. Porque en Madrid, PNV y Euskadi son la misma cosa\u00bb, reflexion\u00f3 Ortuzar en el acto de arranque de campa\u00f1a.<\/p>\n\n\n\n<p>Los sondeos, de momento, sonr\u00eden a los peneuvistas. Tienen todas las papeletas para ser la primera fuerza en Euskadi en votos y en esca\u00f1os. El objetivo es recuperar un diputado por Bizkaia y crecer hasta los seis representantes en el Congreso.\u00a0\u00abAnte tanta pol\u00edtica l\u00edquida, de Twitter y pandereta, somos un partido s\u00f3lido, con gente s\u00f3lida y preparada. Lista para dar pedales por Euskadi y s\u00f3lo por Euskadi\u00bb, brome\u00f3 Ortuzar mientras sus candidatos se sub\u00edan a unas bicicletas est\u00e1ticas para dar sentido a la met\u00e1fora.<\/p>\n\n\n\n<p><a href=\"https:\/\/www.eldiario.es\/norte\/euskadi\/Influencia-PNV_0_887861520.html\">https:\/\/www.eldiario.es\/norte\/euskadi\/Influencia-PNV_0_887861520.html<\/a><\/p>\n","protected":false},"excerpt":{"rendered":"<p>Los nacionalistas vascos han hecho gala de su capacidad de influencia y muchos asuntos de&#8230;<\/p>\n","protected":false},"author":1,"featured_media":31054,"comment_status":"closed","ping_status":"closed","sticky":false,"template":"","format":"standard","meta":{"_coblocks_attr":"","_coblocks_dimensions":"","_coblocks_responsive_height":"","_coblocks_accordion_ie_support":"","jetpack_post_was_ever_published":false,"_jetpack_newsletter_access":"","_jetpack_dont_email_post_to_subs":false,"_jetpack_newsletter_tier_id":0,"_jetpack_memberships_contains_paywalled_content":false,"_jetpack_memberships_contains_paid_content":false,"footnotes":"","jetpack_publicize_message":"","jetpack_publicize_feature_enabled":true,"jetpack_social_post_already_shared":false,"jetpack_social_options":{"image_generator_settings":{"template":"highway","default_image_id":0,"enabled":false},"version":2}},"categories":[1161,186,44,15],"tags":[42],"class_list":["post-31053","post","type-post","status-publish","format-standard","has-post-thumbnail","hentry","category-ciudadania","category-instituciones","category-noticias-de-hoy","category-ultimas-noticias","tag-politica"],"jetpack_publicize_connections":[],"jetpack_featured_media_url":"https:\/\/i0.wp.com\/miradordeatarfe.es\/wp-content\/uploads\/2019\/04\/C2B22744-7A5D-4AAB-B030-A0A275270629.jpeg?fit=643%2C362&ssl=1","jetpack_likes_enabled":true,"jetpack_sharing_enabled":true,"_links":{"self":[{"href":"https:\/\/miradordeatarfe.es\/index.php?rest_route=\/wp\/v2\/posts\/31053","targetHints":{"allow":["GET"]}}],"collection":[{"href":"https:\/\/miradordeatarfe.es\/index.php?rest_route=\/wp\/v2\/posts"}],"about":[{"href":"https:\/\/miradordeatarfe.es\/index.php?rest_route=\/wp\/v2\/types\/post"}],"author":[{"embeddable":true,"href":"https:\/\/miradordeatarfe.es\/index.php?rest_route=\/wp\/v2\/users\/1"}],"replies":[{"embeddable":true,"href":"https:\/\/miradordeatarfe.es\/index.php?rest_route=%2Fwp%2Fv2%2Fcomments&post=31053"}],"version-history":[{"count":1,"href":"https:\/\/miradordeatarfe.es\/index.php?rest_route=\/wp\/v2\/posts\/31053\/revisions"}],"predecessor-version":[{"id":31055,"href":"https:\/\/miradordeatarfe.es\/index.php?rest_route=\/wp\/v2\/posts\/31053\/revisions\/31055"}],"wp:featuredmedia":[{"embeddable":true,"href":"https:\/\/miradordeatarfe.es\/index.php?rest_route=\/wp\/v2\/media\/31054"}],"wp:attachment":[{"href":"https:\/\/miradordeatarfe.es\/index.php?rest_route=%2Fwp%2Fv2%2Fmedia&parent=31053"}],"wp:term":[{"taxonomy":"category","embeddable":true,"href":"https:\/\/miradordeatarfe.es\/index.php?rest_route=%2Fwp%2Fv2%2Fcategories&post=31053"},{"taxonomy":"post_tag","embeddable":true,"href":"https:\/\/miradordeatarfe.es\/index.php?rest_route=%2Fwp%2Fv2%2Ftags&post=31053"}],"curies":[{"name":"wp","href":"https:\/\/api.w.org\/{rel}","templated":true}]}}