{"id":31064,"date":"2019-04-15T10:42:16","date_gmt":"2019-04-15T08:42:16","guid":{"rendered":"http:\/\/miradordeatarfe.es\/?p=31064"},"modified":"2022-02-12T12:38:38","modified_gmt":"2022-02-12T11:38:38","slug":"perseverancia-y-constancia-pilares-fundamentales-delatletismo","status":"publish","type":"post","link":"https:\/\/miradordeatarfe.es\/?p=31064","title":{"rendered":"PERSEVERANCIA Y CONSTANCIA, PILARES FUNDAMENTALES DEL ATLETISMO."},"content":{"rendered":"\n<h4 class=\"wp-block-heading\"><br \/> Este fin de semana se han cumplido 16 a\u00f1os de la consecuci\u00f3n del actual record mundial  de marat\u00f3n en versi\u00f3n femenina, efectivamente el 13 de abril de 2003 la brit\u00e1nica Paula  Radcliffe gan\u00f3 la marat\u00f3n de Londres marcando un tiempo estratosf\u00e9rico de 2h.15.25  superando en casi dos minutos el anterior tope tambi\u00e9n suyo (Chicago, 2h.17.18 en  2002). <\/h4>\n\n\n\n<p>La brutalidad de su marca lo ejemplifica el hecho de que la segunda mejor marca hist\u00f3rica en la distancia pertenece a la keniana Mary Jepkosgey Keytani con 2.17.01 realizada en 2017, a m\u00e1s de un minuto y medio.<\/p>\n\n\n\n<p><br \/> A pesar de este enorme logro la carrera atl\u00e9tica de Paula no fue un camino de rosas sino que le exigi\u00f3 ser perseverante y constante sin decaer en su afici\u00f3n a pesar de no  rascar medalla durante mucho tiempo. As\u00ed una atleta que fuera campeona del mundo junior de cross en la nevada edici\u00f3n de Boston no consegu\u00eda subir al p\u00f3dium siendo  senior, en 1993 en el mundial de Stuttgart fue s\u00e9ptima en 3000, en 1995 en el mundial  de Goteborg fue quinta en 5000, en 1996 en los Juegos Ol\u00edmpicos de Atlanta de nuevo<br \/> quinta en 5000, en el mundial de Atenas 1997 cuarta en 5000, un a\u00f1o m\u00e1s tarde en el  europeo de Budapest otra vez quinta en 10000.<\/p>\n\n\n\n<p><br \/> Lejos de decaer Paula sigui\u00f3 entrenando fuerte y creyendo en sus posibilidades de  modo que tuvo su primera alegr\u00eda en forma de medalla en el mundial de Sevilla 1999 al  ser plata en 10000. Sin embargo, en los a\u00f1os siguientes volvi\u00f3 a disparar al poste al ser  cuarta en la Olimpiada de Sydney en 10000 y otra vez cuarta en el mundial de Edmonton<br \/> de 2001.<\/p>\n\n\n\n<p><br \/> Harta del chocolote de sus cuartos puestos decidi\u00f3 pasarse a la ruta y en su primera  experiencia en marat\u00f3n gan\u00f3 el de Londres con un gran tiempo de 2h.18.56 a tan s\u00f3lo  9 segundos del entonces vigente record mundial de Ndereba. Este cambio de rumbo en  su carrera la catapult\u00f3 ganando el europeo de Munich de este 2002 en una cabalgada  en solitario marcando parciales de 3 minutos pelados mil tras mil para acabar en  30.01.90. <\/p>\n\n\n\n<p>M\u00e1s tarde se hizo con el record mundial de marat\u00f3n en el ya citado de Chicago  que hizo a\u00f1icos en Londres 2003, ef\u00e9meride que rememoramos hoy.<\/p>\n\n\n\n<p><br \/> La ense\u00f1anza para l@s j\u00f3venes atletas es clara: independientemente de los resultados  que obtengamos disfruta del atletismo y si te atrancas en una distancia o especialidad  prueba con otras, donde menos te lo esperas puedes tener tu recompensa.<\/p>\n\n\n\n<p><br \/> Celebrando el cumplea\u00f1os del recordado record algunos de nuestras j\u00f3venes promesas  corrieron en el Meeting de atletismo Granada Ciudad Europea del Deporte  distribuy\u00e9ndose entre los 400 y los 1000.<\/p>\n\n\n\n<p> En la vuelta a la pista IBRAHIM EL HAITALI  LAGUNA hizo segundo con 1.21.11 en sub 10, tambi\u00e9n participan en la carrera DAVID  MARIN ARANDA 1.30.18, ALEJANDRO BOLIVAR SEGOVIA, 1:36.08 y JOSE  MANZANO VAQUERO 1.47.85 en 400 Sub 10. <\/p>\n\n\n\n<p>En la categor\u00eda Sub 8 SANTIAGO  NU\u00d1EZ REAL gan\u00f3 con 1:34.23.<br \/> El resto de participantes se alinearon en los 1000 m, siendo M\u00e1ximo Valverde Andre  segundo en Sub 12 con 3:34.15 rebajando en m\u00e1s de 5 segundos su mejor marca; Curro  Avil\u00e9s Torrecillas tambi\u00e9n termin\u00f3 segundo con 3:09.09 y Diego Fuentes Escobar  mejora marca con 3:29.01 en Sub 14. Por su parte Elisabeth L\u00f3pez Lafuente GR5861  4:06.31<\/p>\n\n\n\n<p> Por otro lado, nuestro fondista Manuel Jim\u00e9nez L\u00f3pez y su preparador Sergio Aguilera  han estado invitados a una concentraci\u00f3n de la Federaci\u00f3n Andaluza que se hacelebrado durante el fin de semana en Guadix con el objetivo de comprobar la evoluci\u00f3n  y progresi\u00f3n de los atletas.<\/p>\n\n\n\n<p>MANUEL JIMENEZ  CLUB DE ATLETISMO DE ATARFE <\/p>\n\n\n\n<p><br \/><\/p>\n","protected":false},"excerpt":{"rendered":"<p>Este fin de semana se han cumplido 16 a\u00f1os de la consecuci\u00f3n del actual record&#8230;<\/p>\n","protected":false},"author":1,"featured_media":31065,"comment_status":"closed","ping_status":"closed","sticky":false,"template":"","format":"standard","meta":{"_coblocks_attr":"","_coblocks_dimensions":"","_coblocks_responsive_height":"","_coblocks_accordion_ie_support":"","jetpack_post_was_ever_published":false,"_jetpack_newsletter_access":"","_jetpack_dont_email_post_to_subs":false,"_jetpack_newsletter_tier_id":0,"_jetpack_memberships_contains_paywalled_content":false,"_jetpack_memberships_contains_paid_content":false,"footnotes":"","jetpack_publicize_message":"","jetpack_publicize_feature_enabled":true,"jetpack_social_post_already_shared":false,"jetpack_social_options":{"image_generator_settings":{"template":"highway","default_image_id":0,"enabled":false},"version":2}},"categories":[2,182,6915,44,15],"tags":[81,85,322],"class_list":["post-31064","post","type-post","status-publish","format-standard","has-post-thumbnail","hentry","category-atarfe","category-deportes","category-opinion-de-manuel-jimenez","category-noticias-de-hoy","category-ultimas-noticias","tag-atarfe","tag-atletismo","tag-deporte"],"jetpack_publicize_connections":[],"jetpack_featured_media_url":"https:\/\/i0.wp.com\/miradordeatarfe.es\/wp-content\/uploads\/2019\/04\/Diego-Fuentes-2.jpeg?fit=3024%2C2116&ssl=1","jetpack_likes_enabled":true,"jetpack_sharing_enabled":true,"_links":{"self":[{"href":"https:\/\/miradordeatarfe.es\/index.php?rest_route=\/wp\/v2\/posts\/31064","targetHints":{"allow":["GET"]}}],"collection":[{"href":"https:\/\/miradordeatarfe.es\/index.php?rest_route=\/wp\/v2\/posts"}],"about":[{"href":"https:\/\/miradordeatarfe.es\/index.php?rest_route=\/wp\/v2\/types\/post"}],"author":[{"embeddable":true,"href":"https:\/\/miradordeatarfe.es\/index.php?rest_route=\/wp\/v2\/users\/1"}],"replies":[{"embeddable":true,"href":"https:\/\/miradordeatarfe.es\/index.php?rest_route=%2Fwp%2Fv2%2Fcomments&post=31064"}],"version-history":[{"count":5,"href":"https:\/\/miradordeatarfe.es\/index.php?rest_route=\/wp\/v2\/posts\/31064\/revisions"}],"predecessor-version":[{"id":52292,"href":"https:\/\/miradordeatarfe.es\/index.php?rest_route=\/wp\/v2\/posts\/31064\/revisions\/52292"}],"wp:featuredmedia":[{"embeddable":true,"href":"https:\/\/miradordeatarfe.es\/index.php?rest_route=\/wp\/v2\/media\/31065"}],"wp:attachment":[{"href":"https:\/\/miradordeatarfe.es\/index.php?rest_route=%2Fwp%2Fv2%2Fmedia&parent=31064"}],"wp:term":[{"taxonomy":"category","embeddable":true,"href":"https:\/\/miradordeatarfe.es\/index.php?rest_route=%2Fwp%2Fv2%2Fcategories&post=31064"},{"taxonomy":"post_tag","embeddable":true,"href":"https:\/\/miradordeatarfe.es\/index.php?rest_route=%2Fwp%2Fv2%2Ftags&post=31064"}],"curies":[{"name":"wp","href":"https:\/\/api.w.org\/{rel}","templated":true}]}}