{"id":31074,"date":"2019-04-15T08:51:03","date_gmt":"2019-04-15T06:51:03","guid":{"rendered":"http:\/\/miradordeatarfe.es\/?p=31074"},"modified":"2019-04-15T00:00:04","modified_gmt":"2019-04-14T22:00:04","slug":"14-de-abril-la-segunda-republica-vista-desde-la-lengua-de-una-mariposa","status":"publish","type":"post","link":"https:\/\/miradordeatarfe.es\/?p=31074","title":{"rendered":"14 de abril: la Segunda Rep\u00fablica vista desde la lengua de una mariposa"},"content":{"rendered":"\n<h4 class=\"wp-block-heading\"> Escondieron y sepultaron a los hombres y mujeres que llegaban a los  pueblos m\u00e1s rec\u00f3nditos con bibliotecas port\u00e1tiles, con gram\u00f3fonos,  llevando la cultura a toda la ciudadan\u00eda como un derecho <\/h4>\n\n\n\n<p>Una vez recogidos los \nanimales y cerrada la puerta de casa, el padre se sentaba a liarse un \ncigarrillo junto a la chimenea, la madre cos\u00eda con la tenue luz de las \nbrasas dej\u00e1ndose la vista en no perder el hijo y el hijo peque\u00f1o sacaba \nde la c\u00f3moda el libro que les hab\u00eda correspondido, se sentaba junto al \nfuego y comenzaba a leerles una historia a sus padres. La imagen resulta\n inusual, pero fue muy real en miles de pueblos espa\u00f1oles en los que los\n cambios de la Segunda Rep\u00fablica, su esfuerzo en alfabetizar el pa\u00eds \nconstruy\u00f3 ese momento hist\u00f3rico en el que los hijos de jornaleros \nanalfabetos pudieron recibir instrucci\u00f3n p\u00fablica y, una vez que sab\u00edan \nleer, acceder a alguno de los 600.000 libros que las misiones \npedag\u00f3gicas distribuyeron por m\u00e1s de 5.000 pueblos, donde apenas unos \npocos se\u00f1oritos eran propietarios de libros que no fueran la biblia.<\/p>\n\n\n\n<p>La\n imagen de esos hijos cont\u00e1ndoles cuentos a sus padres forma parte de la\n historia de uno de los proyectos pedag\u00f3gicos m\u00e1s hermosos que se han \ndesarrollado en la historia de la humanidad. Explica milim\u00e9tricamente, \nadem\u00e1s, lo que fueron los proyectos de transformaci\u00f3n social de la \nSegunda Rep\u00fablica y todo el esfuerzo educativo que llev\u00f3 a cabo para \nluego caer en ese agujero de la historia al que el fascismo arrastr\u00f3 a \neste pa\u00eds que estuvo durante casi veinte a\u00f1os de la dictadura sin \nconstruir un solo centro de ense\u00f1anza.<\/p>\n\n\n\n<p>Cultura para escapar del hambre, para adquirir \nciudadan\u00eda, para conocer los derechos, para igualarse con los que \npontificaban desde los p\u00falpitos y los cortijos de los latifundios. Hab\u00eda\n tardado en llegar el siglo de las luces, pero cuando el trabajo de la \nInstituci\u00f3n Libre de Ense\u00f1anza se convirti\u00f3 en gu\u00eda de la pol\u00edtica \neducativa, Espa\u00f1a inici\u00f3 un periodo de profunda transformaci\u00f3n social, \nconstruida desde las urnas y el deseo de abandonar el atraso secular con\n el que los grandes estamentos espa\u00f1oles hab\u00edan condenado a la \nciudadan\u00eda.<\/p>\n\n\n\n<p>De pronto el Estado, ese instrumento que \nregulaba de forma ama\u00f1ada los grandes intereses, extendi\u00f3 su radio de \nacci\u00f3n, se volvi\u00f3 inclusivo, se\u00f1al\u00f3 como ciudadanas a millones de \npersonas que hasta entonces eran insignificantes para las autoridades.<\/p>\n\n\n\n<p>La\n Segunda Rep\u00fablica naci\u00f3 de forma pac\u00edfica, desde las urnas, pasando por\n los ayuntamientos y por el convencimiento mayoritario de que la \nmonarqu\u00eda era el principal impedimento para modernizar la sociedad. \nMujeres llamadas a votar, cientos de miles de personas analfabetas que \ndejaban de serlo, remodelaci\u00f3n de un Estado que hasta entonces estaba al\n servicio de la iglesia cat\u00f3lica y de los latifundistas; redacci\u00f3n de la\n primera Constituci\u00f3n en el mundo que admiti\u00f3 como propio el derecho \nhumanitario elaborado por la sociedad internacional hasta la \u00e9poca.<\/p>\n\n\n\n<p>Fue\n un momento hermoso sobre el que la dictadura ech\u00f3 toneladas y toneladas\n de difamaciones, de falsificaciones, de generalizaciones, repitiendo y \nrepitiendo el relato de la violencia, los conflictos sociales, los \nbrotes revolucionarios, para justificar la necesidad del fascismo, de \nfilonazismo, de una mano dura que pusiera orden.<\/p>\n\n\n\n<p>Escondieron\n y sepultaron a los hombres y mujeres que llegaban a los pueblos m\u00e1s \nrec\u00f3nditos con bibliotecas port\u00e1tiles, con gram\u00f3fonos, llevando la \ncultura a toda la ciudadan\u00eda como un derecho, sacando el poder de la \nense\u00f1anza de las sacrist\u00edas, de los casinos de los propietarios, de las \ninstituciones constituidas por y para privilegiados.<\/p>\n\n\n\n<p>Contaba\n un octogenario Agust\u00edn Arag\u00f3n, en el a\u00f1o 2002, al pie de una fosa com\u00fan\n en la localidad burgalesa de Caleruega que en los a\u00f1os de la rep\u00fablica \n\u00e9l era pastor y hab\u00eda sido alcalde de su pueblo, Espinosa de Cervera. Lo\n explicaba entre bocanada y bocanada del ox\u00edgeno de la bombona. \u201cEso fue\n la Rep\u00fablica, que un pastor como yo pod\u00eda ser alcalde\u201d.<\/p>\n\n\n\n<p>Los\n a\u00f1os de la Segunda Rep\u00fablica concentraron el deseo de generaciones y \ngeneraciones de despose\u00eddos, de iletrados, de descalzos, de olvidados, \nde personas cuya existencia estaba destinada a servir a se\u00f1oritos, a \ntrabajar para se\u00f1oritos, a dejar su destino en manos de se\u00f1oritos.<\/p>\n\n\n\n<p>La met\u00e1fora m\u00e1s hermosa para explicar el significado de lo que fue la Segunda Rep\u00fablica est\u00e1 escondida en los pliegues de <em>La lengua de las mariposas<\/em>,\n la pel\u00edcula de Jos\u00e9 Luis Cuerda basada en el relato del escritor \ngallego Manuel Rivas. En ella hay una escena en la que el maestro \nrepublicano, cumpliendo el rito de la Instituci\u00f3n Libre de Ense\u00f1anza de \nmantener el contacto del alumnado con la naturaleza, sale a pasear con \nellos a observar las plantas, las aves, los insectos.<\/p>\n\n\n\n<p>Hay\n un momento en que una mariposa se posa sobre una flor y entonces uno de\n los alumnos pregunta c\u00f3mo consigue mariposa introducir su lengua en la \nflor para libar el n\u00e9ctar. Y el maestro para que lo entiendan todos, les\n pone un ejemplo extra\u00eddo de la propia vida de los ni\u00f1os. Le explica que\n cuando est\u00e1 en casa y quiere tomar az\u00facar a escondidas, una vez que se \nasegura de que no hay nadie en la cocina, acerca una silla a la pared de\n la estanter\u00eda se sube a ella en busca del bote del az\u00facar, lo coge, le \nquita la tapa y cuando ya lo tiene al alcance de la mano se chupa la \npunta de un dedo y pone el dedo sobre el az\u00facar. En ese momento, le \nexplica el maestro, cuando el dedo est\u00e1 en contacto con el az\u00facar el \nni\u00f1o ya est\u00e1 sintiendo el dulzor que tardar\u00e1 unos segundos en estallarle\n en la boca. &nbsp;La Segunda Rep\u00fablica fue para millones de personas, \ndespu\u00e9s de decenas y decenas de generaciones, su primera oportunidad \npara poner un dedo sobre el az\u00facar de la historia.<\/p>\n\n\n\n<p>Los  miles de libros que las personas que formaban parte de las Misiones  Pedag\u00f3gicas repartieron a lo largo y ancho del pa\u00eds, eran el manual de  instrucciones de una sociedad que llevaba siglos siendo esperada. El  valor \u00e9tico de los hombres y mujeres que llevaron a cabo ese esfuerzo es  un patrimonio sin el que ser\u00e1 posible reconstruir el civismo \u00e9tico y el  compromiso necesario para volver a poner el bote de az\u00facar de la  historia al alcance de las manos de quienes necesitan de la decencia  democr\u00e1tica para dejar de sufrir.\u00a0<\/p>\n\n\n\n<p>EMILIO SILVA<\/p>\n\n\n\n<p><a href=\"https:\/\/www.eldiario.es\/zonacritica\/abril-Segunda-Republica-lengua-mariposa_6_760533964.html\">https:\/\/www.eldiario.es\/zonacritica\/abril-Segunda-Republica-lengua-mariposa_6_760533964.html<\/a><\/p>\n\n\n\n<p> FOTO: Un ni\u00f1o y una ni\u00f1a leyendo unos libros de la biblioteca de Misiones   Pedag\u00f3gicas, hacia 1932. | Residencia de Estudiantes, Madrid. <\/p>\n","protected":false},"excerpt":{"rendered":"<p>Escondieron y sepultaron a los hombres y mujeres que llegaban a los pueblos m\u00e1s rec\u00f3nditos&#8230;<\/p>\n","protected":false},"author":1,"featured_media":31075,"comment_status":"closed","ping_status":"closed","sticky":false,"template":"","format":"standard","meta":{"_coblocks_attr":"","_coblocks_dimensions":"","_coblocks_responsive_height":"","_coblocks_accordion_ie_support":"","jetpack_post_was_ever_published":false,"_jetpack_newsletter_access":"","_jetpack_dont_email_post_to_subs":false,"_jetpack_newsletter_tier_id":0,"_jetpack_memberships_contains_paywalled_content":false,"_jetpack_memberships_contains_paid_content":false,"footnotes":"","jetpack_publicize_message":"","jetpack_publicize_feature_enabled":true,"jetpack_social_post_already_shared":false,"jetpack_social_options":{"image_generator_settings":{"template":"highway","default_image_id":0,"enabled":false},"version":2}},"categories":[1161,186,9,44,15],"tags":[1012,27,425],"class_list":["post-31074","post","type-post","status-publish","format-standard","has-post-thumbnail","hentry","category-ciudadania","category-instituciones","category-medio-ambiente","category-noticias-de-hoy","category-ultimas-noticias","tag-derechos","tag-educacion","tag-republica"],"jetpack_publicize_connections":[],"jetpack_featured_media_url":"https:\/\/i0.wp.com\/miradordeatarfe.es\/wp-content\/uploads\/2019\/04\/Misiones-Pedagogicas-Residencia-Estudiantes-Madrid_EDIIMA20170105_0456_21.jpg?fit=643%2C408&ssl=1","jetpack_likes_enabled":true,"jetpack_sharing_enabled":true,"_links":{"self":[{"href":"https:\/\/miradordeatarfe.es\/index.php?rest_route=\/wp\/v2\/posts\/31074","targetHints":{"allow":["GET"]}}],"collection":[{"href":"https:\/\/miradordeatarfe.es\/index.php?rest_route=\/wp\/v2\/posts"}],"about":[{"href":"https:\/\/miradordeatarfe.es\/index.php?rest_route=\/wp\/v2\/types\/post"}],"author":[{"embeddable":true,"href":"https:\/\/miradordeatarfe.es\/index.php?rest_route=\/wp\/v2\/users\/1"}],"replies":[{"embeddable":true,"href":"https:\/\/miradordeatarfe.es\/index.php?rest_route=%2Fwp%2Fv2%2Fcomments&post=31074"}],"version-history":[{"count":1,"href":"https:\/\/miradordeatarfe.es\/index.php?rest_route=\/wp\/v2\/posts\/31074\/revisions"}],"predecessor-version":[{"id":31076,"href":"https:\/\/miradordeatarfe.es\/index.php?rest_route=\/wp\/v2\/posts\/31074\/revisions\/31076"}],"wp:featuredmedia":[{"embeddable":true,"href":"https:\/\/miradordeatarfe.es\/index.php?rest_route=\/wp\/v2\/media\/31075"}],"wp:attachment":[{"href":"https:\/\/miradordeatarfe.es\/index.php?rest_route=%2Fwp%2Fv2%2Fmedia&parent=31074"}],"wp:term":[{"taxonomy":"category","embeddable":true,"href":"https:\/\/miradordeatarfe.es\/index.php?rest_route=%2Fwp%2Fv2%2Fcategories&post=31074"},{"taxonomy":"post_tag","embeddable":true,"href":"https:\/\/miradordeatarfe.es\/index.php?rest_route=%2Fwp%2Fv2%2Ftags&post=31074"}],"curies":[{"name":"wp","href":"https:\/\/api.w.org\/{rel}","templated":true}]}}