{"id":31082,"date":"2019-04-27T12:00:55","date_gmt":"2019-04-27T10:00:55","guid":{"rendered":"http:\/\/miradordeatarfe.es\/?p=31082"},"modified":"2019-12-28T12:31:16","modified_gmt":"2019-12-28T11:31:16","slug":"avda-de-la-diputacion-por-jose-enrique-granados","status":"publish","type":"post","link":"https:\/\/miradordeatarfe.es\/?p=31082","title":{"rendered":"\u00abLA AVDA DE LA DIPUTACI\u00d3N DE ATARFE\u00bbpor Jos\u00e9 Enrique Granados"},"content":{"rendered":"\n<h4 class=\"wp-block-heading\">Esta popular calle ha tenido varios nombres a lo largo de la  historia: avenida Diputaci\u00f3n, calle Miguel Aguilar, calle Duquesa o  calle de los Civiles.<\/h4>\n\n\n\n<p>Su aspecto tambi\u00e9n ha variado sustancialmente en  los \u00faltimos tiempos. En esta fotograf\u00eda, de hace ahora cincuenta a\u00f1os,  vemos una calle amplia, con una isleta en la v\u00eda para separar los  sentidos de la circulaci\u00f3n, sin aparcamientos, casas blancas de baja  altura\u2026\u2026\u2026.<\/p>\n\n\n\n<p> Junto al disco de limitaci\u00f3n de la velocidad a 20 km\/hora, en la\n fachada de la casa de las Marquesas, un cartel (azul) con el nombre de \nla poblaci\u00f3n. A\u00fan queda otro en la confluencia de las avenidas Arag\u00f3n y \nEstaci\u00f3n, cerca del lugar que ocupaba el bar Racha. El taller del \nPollero y frente un banco corrido, con terrazos variados en donde \nj\u00f3venes y viejos se sentaban, oyendo el rumor del agua de la cercana \nacequia, para pasar el tiempo o perge\u00f1ar travesuras. Y lo digo con total\n certeza.<\/p>\n\n\n\n<p> Una noche \ncualquiera de un verano pasado all\u00ed sentados, se le ocurri\u00f3, como no a \nnuestro Santos la idea de ubicarnos en los dos extremos de la calle \nfrente a frente y simular que tir\u00e1bamos de una cuerda, ficticia, pero \nque har\u00eda frenar a los conductores que nos vieran en aquella postura de \nfuerza\u2026\u2026.<\/p>\n\n\n\n<p> Curiosidades elvirenses.<\/p>\n","protected":false},"excerpt":{"rendered":"<p>Esta popular calle ha tenido varios nombres a lo largo de la historia: avenida Diputaci\u00f3n,&#8230;<\/p>\n","protected":false},"author":1,"featured_media":31083,"comment_status":"closed","ping_status":"closed","sticky":false,"template":"","format":"standard","meta":{"_coblocks_attr":"","_coblocks_dimensions":"","_coblocks_responsive_height":"","_coblocks_accordion_ie_support":"","jetpack_post_was_ever_published":false,"_jetpack_newsletter_access":"","_jetpack_dont_email_post_to_subs":false,"_jetpack_newsletter_tier_id":0,"_jetpack_memberships_contains_paywalled_content":false,"_jetpack_memberships_contains_paid_content":false,"footnotes":"","jetpack_publicize_message":"","jetpack_publicize_feature_enabled":true,"jetpack_social_post_already_shared":false,"jetpack_social_options":{"image_generator_settings":{"template":"highway","default_image_id":0,"enabled":false},"version":2}},"categories":[2,1161,1225,38,44,15],"tags":[81,5948,1125],"class_list":["post-31082","post","type-post","status-publish","format-standard","has-post-thumbnail","hentry","category-atarfe","category-ciudadania","category-ha-de-atarfe","category-opinion-de-jose-enrique-granados","category-noticias-de-hoy","category-ultimas-noticias","tag-atarfe","tag-calle-de-los-civiles","tag-historia"],"jetpack_publicize_connections":[],"jetpack_featured_media_url":"https:\/\/i0.wp.com\/miradordeatarfe.es\/wp-content\/uploads\/2019\/04\/53397859_2170093449743325_4359935449515425792_n.jpg?fit=960%2C650&ssl=1","jetpack_likes_enabled":true,"jetpack_sharing_enabled":true,"_links":{"self":[{"href":"https:\/\/miradordeatarfe.es\/index.php?rest_route=\/wp\/v2\/posts\/31082","targetHints":{"allow":["GET"]}}],"collection":[{"href":"https:\/\/miradordeatarfe.es\/index.php?rest_route=\/wp\/v2\/posts"}],"about":[{"href":"https:\/\/miradordeatarfe.es\/index.php?rest_route=\/wp\/v2\/types\/post"}],"author":[{"embeddable":true,"href":"https:\/\/miradordeatarfe.es\/index.php?rest_route=\/wp\/v2\/users\/1"}],"replies":[{"embeddable":true,"href":"https:\/\/miradordeatarfe.es\/index.php?rest_route=%2Fwp%2Fv2%2Fcomments&post=31082"}],"version-history":[{"count":3,"href":"https:\/\/miradordeatarfe.es\/index.php?rest_route=\/wp\/v2\/posts\/31082\/revisions"}],"predecessor-version":[{"id":36361,"href":"https:\/\/miradordeatarfe.es\/index.php?rest_route=\/wp\/v2\/posts\/31082\/revisions\/36361"}],"wp:featuredmedia":[{"embeddable":true,"href":"https:\/\/miradordeatarfe.es\/index.php?rest_route=\/wp\/v2\/media\/31083"}],"wp:attachment":[{"href":"https:\/\/miradordeatarfe.es\/index.php?rest_route=%2Fwp%2Fv2%2Fmedia&parent=31082"}],"wp:term":[{"taxonomy":"category","embeddable":true,"href":"https:\/\/miradordeatarfe.es\/index.php?rest_route=%2Fwp%2Fv2%2Fcategories&post=31082"},{"taxonomy":"post_tag","embeddable":true,"href":"https:\/\/miradordeatarfe.es\/index.php?rest_route=%2Fwp%2Fv2%2Ftags&post=31082"}],"curies":[{"name":"wp","href":"https:\/\/api.w.org\/{rel}","templated":true}]}}