{"id":31105,"date":"2019-04-23T08:16:05","date_gmt":"2019-04-23T06:16:05","guid":{"rendered":"http:\/\/miradordeatarfe.es\/?p=31105"},"modified":"2019-04-15T18:55:59","modified_gmt":"2019-04-15T16:55:59","slug":"soledad-y-democracia","status":"publish","type":"post","link":"https:\/\/miradordeatarfe.es\/?p=31105","title":{"rendered":"Soledad y democracia"},"content":{"rendered":"\n<h4 class=\"wp-block-heading\"> Me adhiero a las filas de lo pol\u00edticamente incorrecto y proclamo que me  acerco peligrosamente a la abstenci\u00f3n, y lo hago como una elecci\u00f3n  pol\u00edtica, como un esfuerzo por participar en la estructura de gobierno  del pa\u00eds en el que vivo, diciendo, de la \u00fanica manera que se me ocurre,  que esto no es una democracia real <\/h4>\n\n\n\n<p>Necesito escribir. Y m\u00e1s que escribir, ser le\u00eddo. Me resulta hoy \ninsoportable la sensaci\u00f3n de soledad en el espacio de la opini\u00f3n \npublicada, la impresi\u00f3n de que los an\u00e1lisis pol\u00edticos no llegan apenas a\n vislumbrar la profundidad del hast\u00edo pol\u00edtico que ahora me invade. Si \nel ostracismo es una de las sutiles torturas, ahora mismo me siento \ntorturado por los medios de comunicaci\u00f3n. He buscado el desahogo en las \nconversaciones privadas, en el encuentro con ciudadan\u00eda pol\u00edticamente \nan\u00f3nima, sin vinculaci\u00f3n con ning\u00fan partido, entre personas que no se \ndedican en sus momentos de ocio a lo que llaman \u201cel juego de la \npol\u00edtica\u201d. En esos espacios me he encontrado con la desafecci\u00f3n pol\u00edtica\n  que me ronda, con la abstenci\u00f3n, los votos en blanco o el voto a \npartidos sin opci\u00f3n de gobierno, como s\u00edmbolo del desencanto y el enojo \ny, desde luego, como opci\u00f3n leg\u00edtima de voto en unas elecciones. <\/p>\n\n\n\n<p>Y necesito gritarlo en las redes, que se cuele entre las proclamas \nque ensalzan la democracia y llaman al voto, al que sea, al voto \u00fatil, \nal voto aunque sea con \u201cla nariz tapada\u201d. Me adhiero a las filas de lo \npol\u00edticamente incorrecto y proclamo que me acerco peligrosamente a la \nabstenci\u00f3n, y lo hago como una elecci\u00f3n pol\u00edtica, como un esfuerzo por \nparticipar en la estructura de gobierno del pa\u00eds en el que vivo, \ndiciendo, de la \u00fanica manera que se me ocurre, que esto no es una \ndemocracia real. Y no lo digo como proclama f\u00e1cil de rebelde con \nmultitud de causas, se que existe el espacio formal para la democracia: \nlas urnas y los plazos, los recursos y el espacio en el calendario \nciudadano; pero no existe la cultura real de la democracia, y ni desde \nlos poderes p\u00fablicos ni desde los privados se busca o se fomenta el \nrespeto a la opini\u00f3n disidente. M\u00e1s al contrario, se apartan, se anulan,\n o se ignoran en caso de no poder deshacerse de ellas y de sus \nrepresentantes. <\/p>\n\n\n\n<p>No recuerdo haberme abstenido en ninguna \nelecci\u00f3n, y s\u00ed recuerdo haber votado con ilusi\u00f3n alguna vez. Y supongo \nque finalmente votar\u00e9, pues me niego a identificar este tiempo y a la \nclase pol\u00edtica m\u00e1s visible con la verdadera democracia. Lo har\u00e9 a un \npartido peque\u00f1o, cuyo objetivo sea claro y me sienta orgulloso de \napoyar, en este tiempo tan opaco.  Y tal vez ahora no pase nada distinto\n de otros a\u00f1os, de otras elecciones, tal vez siempre ha habido temas que\n se han tratado con tanto simplismo como se tratan en los medios los \ntemas de salud o educaci\u00f3n, no digamos el caso de Venezuela o el llamado\n tema catal\u00e1n; tal vez otras veces tambi\u00e9n se ha insultado a los \nvotantes de un partido como se insult\u00f3 a los de Podemos y hoy se insulta\n a los de Vox o a los de Trump. Pero esta vez me duele m\u00e1s. Ser\u00e1 la \nedad, o la ilusi\u00f3n que tuvimos hace unos a\u00f1os pensando en que los nuevos\n partidos ven\u00edan con ganas de instalar de verdad culturalmente la \ndemocracia y han resultado ser, como m\u00ednimo, iguales, cuando no peores \npor la frustraci\u00f3n que nos han generado.  Esta estulticia de los \nmensajes y los posicionamientos de lo que llaman la clase pol\u00edtica y sus\n filiales en los medios, me supera. Me niego a apoyarles con mi voto en \nlas generales. Y me niego porque creo que ninguna de las opciones \nmayoritarias cree realmente en la democracia. No conf\u00edan en la \nciudadan\u00eda, ni siquiera en sus propios simpatizantes. Existe la \ndemocracia formal y se ejecutan sus formas, pero en el parlamento hay \npocas personas dem\u00f3cratas y muchas publicistas, mucho liderazgo \ncarism\u00e1tico que identifica a las personas con los mensajes, que utiliza \nel mesianismo como reclamo publicitario. <\/p>\n\n\n\n<p>La pol\u00edtica no es eso. \nEn pol\u00edtica no hay \u201cpu\u00f1aladas\u201d, no hay \u201cestrategia para posicionarse\u201d. \nEso existe en las relaciones humanas. Son temas de sujetos, y la \npol\u00edtica es una reflexi\u00f3n sobre un objeto. Y esto deber\u00eda quedar muy \nclaro para discernir qui\u00e9nes son profesionales de la pol\u00edtica y quienes \nson aficionados con pocas habilidades para relacionarse. La pol\u00edtica en \ndemocracia trata del \u201cc\u00f3mo\u201d nos organizamos y ese debate est\u00e1 \nactualmente fuera del Parlamento, fuera de los partidos pol\u00edticos, \npermanentemente ocupados en cuestiones relacionales. Ese debate lo \nencuentras ahora en la calle, entre la ciudadan\u00eda, cuando \u00e9sta se atreve\n a decir lo que piensa sin repetir sentencias escuchadas en el <em>prime time<\/em>\n o en las noticias. En ese espacio te encuentras el debate de verdad y \nte explicas los aparentes \u201cbandazos ideol\u00f3gicos\u201d del arco parlamentario.\n Te explicas por qu\u00e9 un negro de Detroit vota a Trump y porqu\u00e9 un \nvotante de Podemos es ahora interventor de Vox en su localidad. Pero no \nest\u00e1n para bajar a escuchar a la ciudadan\u00eda, pues no encaja la inquietud\n ciudadana en su estructura maniquea de izquierdas y derechas, de listos\n y tontos, de justos y ego\u00edstas; o, peor a\u00fan, porque mueve los l\u00edmites \nde lo que ahora es legal o les interesa que sea legal, como si la \ndemocracia no hubiera sido ilegal hace pocos a\u00f1os, como si las \nconquistas en materia de derechos sociales no se hubieran conseguido \nrompiendo los m\u00e1rgenes del orden establecido. Como dec\u00eda aquel, la \ntercera guerra mundial vendr\u00e1 de la mano de lo pol\u00edticamente correcto. <\/p>\n\n\n\n<p>Termino\n mi confesi\u00f3n con un desahogo en forma de \u201cquiero\u201d. Quiero que la \ndemocracia sea real en las elecciones, que se ceda sincera y \nhumildemente la elecci\u00f3n de representantes a las personas votantes, sin \ncampa\u00f1as, sin m\u00edtines sonrojantes para persuadir y crear presi\u00f3n sobre \nlos contrincantes. Quiero que la jornada de reflexi\u00f3n dure un mes y que \nno se permitan gastos de publicidad en ese tiempo y en ning\u00fan caso con \ndinero p\u00fablico. Quiero que saquen las t\u00e9cnicas de venta de los \ndepartamentos de comunicaci\u00f3n de los partidos y los medios, las t\u00e9cnicas\n que  piensan que nosotros sabemos lo que les conviene a los dem\u00e1s y \ndebemos unirnos para acercarles la verdad. Tantos a\u00f1os, siglos de \npensamiento pol\u00edtico y social, para terminar convirtiendo la democracia \nen una asignatura del grado de Marketing. Quiero que no se menosprecien \nlas opciones ajenas, que no se las lleve a juicio ni se les haga un \ncord\u00f3n sanitario porque sean pol\u00edticamente incorrectas o nos parezcan de\n otro tiempo. Y me niego a votar a unas opciones solo para que no salgan\n otras, porque no me sentir\u00eda representado y porque considero que las \notras opciones son leg\u00edtimas, porque entre las otras est\u00e1 mi hermano, y \nest\u00e1 mi t\u00eda, y est\u00e1 mi cu\u00f1ada y mi sobrino, que son personas \nmaravillosas. Y tienen tanto derecho como yo a ver satisfechas sus \nexpectativas de gobierno. Si realmente creemos en la democracia: \u00bfque \nsentido tiene agruparnos para que no salgan otras opciones?<\/p>\n\n\n\n<p>Y  llegar\u00e1n las elecciones, y ganar\u00e1 la abstenci\u00f3n y el rechazo a la clase  pol\u00edtica m\u00e1s visible; y los grandes an\u00e1lisis volver\u00e1n a enfrentar las  tendencias en t\u00e9rminos de marketing, de izquierdas y derechas, de buenos  y malos, ese bipartidismo que no terminan de ver que est\u00e1 caduco. Y  volver\u00e1n las encuestas  condicionando la respuesta, como si las  respondiese Groucho: \u201cSi no les gusta mi respuesta, tengo otra\u201d.  Y los  volver\u00e9 a leer mientras recuerdo el cuento sobre el necio que buscaba de  noche sus llaves bajo una farola porque donde se le hab\u00edan ca\u00eddo no  hab\u00eda luz. <\/p>\n\n\n\n<p><a href=\"https:\/\/www.elsaltodiario.com\/autor\/jordi-gagete\"> Jordi Gagete <\/a><\/p>\n\n\n\n<p> Experto en Comunicaci\u00f3n y Desarrollo por la Universidad de Sevilla.<\/p>\n\n\n\n<p><a href=\"https:\/\/www.elsaltodiario.com\/el-blog-de-el-salto\/soledad-y-democracia\">https:\/\/www.elsaltodiario.com\/el-blog-de-el-salto\/soledad-y-democracia<\/a><\/p>\n","protected":false},"excerpt":{"rendered":"<p>Me adhiero a las filas de lo pol\u00edticamente incorrecto y proclamo que me acerco peligrosamente&#8230;<\/p>\n","protected":false},"author":1,"featured_media":31106,"comment_status":"closed","ping_status":"closed","sticky":false,"template":"","format":"standard","meta":{"_coblocks_attr":"","_coblocks_dimensions":"","_coblocks_responsive_height":"","_coblocks_accordion_ie_support":"","jetpack_post_was_ever_published":false,"_jetpack_newsletter_access":"","_jetpack_dont_email_post_to_subs":false,"_jetpack_newsletter_tier_id":0,"_jetpack_memberships_contains_paywalled_content":false,"_jetpack_memberships_contains_paid_content":false,"footnotes":"","jetpack_publicize_message":"","jetpack_publicize_feature_enabled":true,"jetpack_social_post_already_shared":false,"jetpack_social_options":{"image_generator_settings":{"template":"highway","default_image_id":0,"enabled":false},"version":2}},"categories":[1161,186,44,15],"tags":[104,171],"class_list":["post-31105","post","type-post","status-publish","format-standard","has-post-thumbnail","hentry","category-ciudadania","category-instituciones","category-noticias-de-hoy","category-ultimas-noticias","tag-democracia","tag-elecciones"],"jetpack_publicize_connections":[],"jetpack_featured_media_url":"https:\/\/i0.wp.com\/miradordeatarfe.es\/wp-content\/uploads\/2019\/04\/ascenso-vox.jpg?fit=1500%2C994&ssl=1","jetpack_likes_enabled":true,"jetpack_sharing_enabled":true,"_links":{"self":[{"href":"https:\/\/miradordeatarfe.es\/index.php?rest_route=\/wp\/v2\/posts\/31105","targetHints":{"allow":["GET"]}}],"collection":[{"href":"https:\/\/miradordeatarfe.es\/index.php?rest_route=\/wp\/v2\/posts"}],"about":[{"href":"https:\/\/miradordeatarfe.es\/index.php?rest_route=\/wp\/v2\/types\/post"}],"author":[{"embeddable":true,"href":"https:\/\/miradordeatarfe.es\/index.php?rest_route=\/wp\/v2\/users\/1"}],"replies":[{"embeddable":true,"href":"https:\/\/miradordeatarfe.es\/index.php?rest_route=%2Fwp%2Fv2%2Fcomments&post=31105"}],"version-history":[{"count":1,"href":"https:\/\/miradordeatarfe.es\/index.php?rest_route=\/wp\/v2\/posts\/31105\/revisions"}],"predecessor-version":[{"id":31107,"href":"https:\/\/miradordeatarfe.es\/index.php?rest_route=\/wp\/v2\/posts\/31105\/revisions\/31107"}],"wp:featuredmedia":[{"embeddable":true,"href":"https:\/\/miradordeatarfe.es\/index.php?rest_route=\/wp\/v2\/media\/31106"}],"wp:attachment":[{"href":"https:\/\/miradordeatarfe.es\/index.php?rest_route=%2Fwp%2Fv2%2Fmedia&parent=31105"}],"wp:term":[{"taxonomy":"category","embeddable":true,"href":"https:\/\/miradordeatarfe.es\/index.php?rest_route=%2Fwp%2Fv2%2Fcategories&post=31105"},{"taxonomy":"post_tag","embeddable":true,"href":"https:\/\/miradordeatarfe.es\/index.php?rest_route=%2Fwp%2Fv2%2Ftags&post=31105"}],"curies":[{"name":"wp","href":"https:\/\/api.w.org\/{rel}","templated":true}]}}