{"id":31119,"date":"2019-04-27T08:50:38","date_gmt":"2019-04-27T06:50:38","guid":{"rendered":"http:\/\/miradordeatarfe.es\/?p=31119"},"modified":"2019-04-15T18:51:27","modified_gmt":"2019-04-15T16:51:27","slug":"la-subida-del-nivel-del-mar-amenaza-el-patrimonio-de-la-humanidad","status":"publish","type":"post","link":"https:\/\/miradordeatarfe.es\/?p=31119","title":{"rendered":"La subida del nivel del mar amenaza el patrimonio de la humanidad"},"content":{"rendered":"\n<h4 class=\"wp-block-heading\"> Venecia, Ferrara, Tiro, \u00c9feso\u2026 Un estudio de la Universidad de Kiel  alerta de los efectos irreversibles que el aumento del nivel del mar  tendr\u00e1 en alguno de los lugares protegidos por la Unesco en el litoral  mediterr\u00e1neo. <\/h4>\n\n\n\n<p>A medida que el cambio clim\u00e1tico aumenta la temperatura de la Tierra, los polos se derriten y&nbsp;<a href=\"https:\/\/ethic.es\/2019\/01\/aumento-nivel-del-mar-fronteras-conocimiento\/\" target=\"_blank\" rel=\"noreferrer noopener\">el nivel del mar va subiendo lentamente<\/a>.\n M\u00e1s all\u00e1 de las consecuencias que esto tiene para el medio ambiente o \nla biodiversidad, existe un aspecto en el que no siempre reparamos: si \nel oc\u00e9ano engulle algunas ciudades costeras, \u00bfqu\u00e9 pasar\u00e1 con el \npatrimonio cultural que atesoran? El calentamiento global podr\u00eda \nacarrear que la estatua de la Libertad, la \u00f3pera de Sidney o la torre de\n Londres acabasen en ruinas,<strong>&nbsp;pero la costa del Mediterr\u00e1neo, considerada la cuna de la civilizaci\u00f3n occidental, ser\u00e1 la mayor damnificada.<\/strong><\/p>\n\n\n\n<p>A lo largo y ancho del litoral del&nbsp;<em>mare Nostrum<\/em>&nbsp;se\n asentaron en su momento los pueblos que han marcado la historia europea\n y cuyo legado es hoy reclamo tur\u00edstico y motivo de orgullo. Sin \nembargo, muchas ciudades declaradas Patrimonio de la Humanidad de la \nUnesco se levantaron a orillas del mar y ser\u00e1n las primeras en sufrir \nlas consecuencias del cambio clim\u00e1tico, seg\u00fan asegura el estudio&nbsp;<em>El \npatrimonio de la humanidad de la Unesco en el Mediterr\u00e1neo en riesgo de \ninundaciones y erosi\u00f3n por el aumento del nivel del mar&nbsp;<\/em>publicado a finales del a\u00f1o pasado en&nbsp;<a href=\"https:\/\/www.nature.com\/articles\/s41467-018-06645-9\" target=\"_blank\" rel=\"noreferrer noopener\">Nature Communications<\/a>.\n La falta de recursos de algunos pa\u00edses \u2013y la poca voluntad pol\u00edtica de \notros\u2013 hace que gran parte de su patrimonio, expuesto a la erosi\u00f3n y la \ninfluencia de las mareas, no est\u00e9 correctamente protegido ante los \nnuevos escenarios que plantea el calentamiento global. Son muy pocos los\n pa\u00edses que incluyen la&nbsp;<strong>adaptaci\u00f3n al cambio clim\u00e1tico en sus programas de rehabilitaci\u00f3n<\/strong>&nbsp;y mantenimiento de los sitios, a pesar de que la ONU insiste en su necesidad.<\/p>\n\n\n\n<p>Pa\u00edses como Espa\u00f1a, Italia, Grecia, Turqu\u00eda, Egipto o T\u00fanez ser\u00e1n \nquienes sufran en mayor medida las consecuencias de la subida del nivel \ndel mar a lo largo de este siglo, pero no ser\u00e1n los \u00fanicos: estudios \nanteriores ya revelaban que muchos de los lugares m\u00e1s emblem\u00e1ticos del \nmundo podr\u00edan inundarse, erosionarse e incluso desaparecer en un futuro \ncada vez menos lejano.<strong>&nbsp;Venecia es un claro ejemplo de ello&nbsp;<\/strong>ya\n que, desde hace quince a\u00f1os, intentan disminuir los da\u00f1os provocados \npor la marea alta mediante la construcci\u00f3n de un sistema de barreras.<\/p>\n\n\n\n<blockquote class=\"wp-block-quote is-layout-flow wp-block-quote-is-layout-flow\"><p>Pocos pa\u00edses que incluyen la adaptaci\u00f3n al cambio clim\u00e1tico en sus programas de rehabilitaci\u00f3n<\/p><\/blockquote>\n\n\n\n<p>Lena Reimann, la investigadora de la Universidad de Kiel (Alemania) al frente del estudio, explica que, en el Mediterr\u00e1neo,<strong>&nbsp;\u00abel\n riesgo principal ser\u00e1n las inundaciones costeras, ya que se ver\u00e1n \nniveles del mar m\u00e1s extremos, con edificios, iglesias, templos y \nestatuas claramente amenazadas\u00bb<\/strong>. Adem\u00e1s, el estudio puntualiza \nque la erosi\u00f3n costera, a pesar de avanzar m\u00e1s lentamente, tambi\u00e9n \npodr\u00eda afectar a determinadas estructuras \u2014como es el caso de la \nmezquita azul de Estambul\u2014 as\u00ed como a las caracter\u00edsticas de paisajes \nculturales como el delta del Po (Italia).<\/p>\n\n\n\n<p>El estudio de Reimann plantea cuatro escenarios diferentes para el \na\u00f1o 2100 derivados de la subida del nivel del mar compar\u00e1ndolos con el \nestado de la costa mediterr\u00e1nea en el a\u00f1o 2000.&nbsp; En el caso m\u00e1s \ndesfavorable, el nivel del mar subir\u00eda en cien a\u00f1os hasta 1,46 metros, \nprovocando inundaciones en la mitad de la costa y una erosi\u00f3n del 13% de\n los monumentos patrimonio de la humanidad.&nbsp;<strong>Los \u00fanicos dos \nlugares que se salvar\u00edan en este escenario ser\u00edan la medina o casco \nantiguo, de T\u00fanez y las ruinas de Xantos-Letoon en Turqu\u00eda.&nbsp;<\/strong>Por\n el contrario, zonas de la parte norte del mar Adri\u00e1tico, \u2013como Ferrara o\n el mencionado delta del Po o la catedral de San Jacobo en Sibenik \n(Coacia)\u2013, quedar\u00edan devastadas. Adem\u00e1s, los restos arqueol\u00f3gicos de \nTarragona, Tiro (L\u00edbano) y \u00c9feso (Turqu\u00eda) ser\u00edan los m\u00e1s afectados por \nla erosi\u00f3n.<\/p>\n\n\n\n<p>Pero los efectos devastadores del cambio clim\u00e1tico para el patrimonio no se limitan solamente al Mediterr\u00e1neo.&nbsp;<a href=\"https:\/\/edition.cnn.com\/travel\/article\/world-heritage-sites-climate-change\/index.html\" target=\"_blank\" rel=\"noreferrer noopener\">Seg\u00fan asegura la CNN<\/a>, Rapa Nui \u2014m\u00e1s conocida como la Isla de Pascua\u2014 y sus misteriosas estatuas tambi\u00e9n se encuentran en grave peligro. Los&nbsp;<em>moais<\/em>&nbsp;ya est\u00e1n empezando a erosionarse debido al tama\u00f1o, cada vez m\u00e1s alto, de las olas que impactan contra ellos.<\/p>\n\n\n\n<p>La&nbsp;<em>Lista del Patrimonio Mundial<\/em>&nbsp;de la Unesco incluye en la actualidad un total de 1.073 sitios (832 culturales, 206 naturales y 35 mixtos) en 167 pa\u00edses&nbsp;<strong>cuya preservaci\u00f3n es prioritaria debido a que tienen&nbsp; un \u00abvalor universal excepcional\u00bb<\/strong>,\n seg\u00fan las palabras de la propia organizaci\u00f3n. Y, si no actuamos ya, las\n pr\u00f3ximas generaciones nos pedir\u00e1n cuentas por ser los responsables de \nun cambio clim\u00e1tico que destruy\u00f3 en d\u00e9cadas lo que enriqueci\u00f3 a la \nhumanidad durante milenios.<\/p>\n","protected":false},"excerpt":{"rendered":"<p>Venecia, Ferrara, Tiro, \u00c9feso\u2026 Un estudio de la Universidad de Kiel alerta de los efectos&#8230;<\/p>\n","protected":false},"author":1,"featured_media":31120,"comment_status":"closed","ping_status":"closed","sticky":false,"template":"","format":"standard","meta":{"_coblocks_attr":"","_coblocks_dimensions":"","_coblocks_responsive_height":"","_coblocks_accordion_ie_support":"","jetpack_post_was_ever_published":false,"_jetpack_newsletter_access":"","_jetpack_dont_email_post_to_subs":false,"_jetpack_newsletter_tier_id":0,"_jetpack_memberships_contains_paywalled_content":false,"_jetpack_memberships_contains_paid_content":false,"footnotes":"","jetpack_publicize_message":"","jetpack_publicize_feature_enabled":true,"jetpack_social_post_already_shared":false,"jetpack_social_options":{"image_generator_settings":{"template":"highway","default_image_id":0,"enabled":false},"version":2}},"categories":[186,44,15],"tags":[1460,5957,5958],"class_list":["post-31119","post","type-post","status-publish","format-standard","has-post-thumbnail","hentry","category-instituciones","category-noticias-de-hoy","category-ultimas-noticias","tag-nivel-del-mar","tag-patrimonio-mundial","tag-rehabilitacion"],"jetpack_publicize_connections":[],"jetpack_featured_media_url":"https:\/\/i0.wp.com\/miradordeatarfe.es\/wp-content\/uploads\/2019\/04\/700x420-gondolas-venecia-dreamstime.jpg?fit=640%2C384&ssl=1","jetpack_likes_enabled":true,"jetpack_sharing_enabled":true,"_links":{"self":[{"href":"https:\/\/miradordeatarfe.es\/index.php?rest_route=\/wp\/v2\/posts\/31119","targetHints":{"allow":["GET"]}}],"collection":[{"href":"https:\/\/miradordeatarfe.es\/index.php?rest_route=\/wp\/v2\/posts"}],"about":[{"href":"https:\/\/miradordeatarfe.es\/index.php?rest_route=\/wp\/v2\/types\/post"}],"author":[{"embeddable":true,"href":"https:\/\/miradordeatarfe.es\/index.php?rest_route=\/wp\/v2\/users\/1"}],"replies":[{"embeddable":true,"href":"https:\/\/miradordeatarfe.es\/index.php?rest_route=%2Fwp%2Fv2%2Fcomments&post=31119"}],"version-history":[{"count":1,"href":"https:\/\/miradordeatarfe.es\/index.php?rest_route=\/wp\/v2\/posts\/31119\/revisions"}],"predecessor-version":[{"id":31121,"href":"https:\/\/miradordeatarfe.es\/index.php?rest_route=\/wp\/v2\/posts\/31119\/revisions\/31121"}],"wp:featuredmedia":[{"embeddable":true,"href":"https:\/\/miradordeatarfe.es\/index.php?rest_route=\/wp\/v2\/media\/31120"}],"wp:attachment":[{"href":"https:\/\/miradordeatarfe.es\/index.php?rest_route=%2Fwp%2Fv2%2Fmedia&parent=31119"}],"wp:term":[{"taxonomy":"category","embeddable":true,"href":"https:\/\/miradordeatarfe.es\/index.php?rest_route=%2Fwp%2Fv2%2Fcategories&post=31119"},{"taxonomy":"post_tag","embeddable":true,"href":"https:\/\/miradordeatarfe.es\/index.php?rest_route=%2Fwp%2Fv2%2Ftags&post=31119"}],"curies":[{"name":"wp","href":"https:\/\/api.w.org\/{rel}","templated":true}]}}