{"id":31152,"date":"2019-04-25T11:23:43","date_gmt":"2019-04-25T09:23:43","guid":{"rendered":"http:\/\/miradordeatarfe.es\/?p=31152"},"modified":"2019-04-19T11:46:31","modified_gmt":"2019-04-19T09:46:31","slug":"el-centro-cultural-medina-elvira-en-atarfe","status":"publish","type":"post","link":"https:\/\/miradordeatarfe.es\/?p=31152","title":{"rendered":"EL CENTRO CULTURAL MEDINA ELVIRA EN ATARFE"},"content":{"rendered":"\n<h4 class=\"wp-block-heading\">En julio de 2011 escribia JUAN CARLOS DE LOS REYES en su blog de \u00abLa Ciudad Comprometida\u00bb este articulo sobre nuestro CENTRO CULTURAL MEDINA ELVIRA<br><\/h4>\n\n\n\n<p><strong>Mis proyectos favoritos<\/strong>\u201d  aglutina aquellas intervenciones que desde nuestro punto de vista  recogen los principios b\u00e1sicos de la Ciudad Comprometida. &nbsp;Pueden ser  proyectos de edificaci\u00f3n, actuaciones urbanas, restauraciones\u2026donde el  respeto por el medio ambiente, el compromiso con la sostenibilidad, la  integraci\u00f3n en el entorno, el bioclimatismo\u2026dejan de ser elementos  accesorios para convertirse en la esencia de las creaciones.&nbsp;&nbsp;&nbsp;&nbsp;<\/p>\n\n\n\n<p>El articulo \nelegido de esta categor\u00eda es \u201cCENTRO CULTURAL MEDINA ELVIRA EN \nATARFE\u201d,&nbsp;publicado en el pasado numero de la&nbsp;revista&nbsp;\u201c<a href=\"http:\/\/apuntesdearquitecturadigital.blogspot.com\/\" target=\"_blank\" rel=\"noreferrer noopener\">Apuntes de Arquitectura<\/a>\u201c, dirigida por nuestro buen amigo <strong>Alfredo M\u00fajica,<\/strong> con la cual colaboramos&nbsp;habitualmente<strong>.<\/strong>&nbsp;<\/p>\n\n\n\n<h4 class=\"wp-block-heading\">CENTRO CULTURAL MEDINA ELVIRA EN ATARFE<\/h4>\n\n\n\n<p>Atarfe es \nuna poblaci\u00f3n perteneciente a la aglomeraci\u00f3n urbana de Granada que \ndista unos escasos kil\u00f3metros de \u00e9sta. La ausencia de un equipamiento \nadecuado para determinadas actividades culturales llev\u00f3 a esta ciudad a \ndepender funcionalmente de Granada. El objetivo principal que se busca \nal construir un edificio de este tipo es el de brindar a la poblaci\u00f3n de\n un espacio p\u00fablico donde realizar diferentes actividades de \u00edndole \ntanto cultural como de ocio, as\u00ed como tambi\u00e9n otras actividades de tipo \nc\u00edvico.<\/p>\n\n\n\n<div class=\"wp-block-image\"><figure class=\"aligncenter\"><a href=\"https:\/\/i0.wp.com\/granadablogs.com\/gr-arquitectos\/files\/2011\/07\/1.jpg\"><img data-recalc-dims=\"1\" decoding=\"async\" src=\"https:\/\/i0.wp.com\/granadablogs.com\/gr-arquitectos\/files\/2011\/07\/1.jpg?w=640\" alt=\"\" class=\"wp-image-7055\"\/><\/a><\/figure><\/div>\n\n\n\n<p>Como \nconsecuencia de esa demanda dotacional en Atarfe, se plante\u00f3 crear un \ngran Centro donde se pudieran desarrollar todo tipo de actividades \nculturales. Un auditorio, biblioteca, salas de exposiciones, talleres, \netc. son parte del programa que esta edificaci\u00f3n deb\u00eda albergar.<\/p>\n\n\n\n<p>Para la \nubicaci\u00f3n de este equipamiento se busc\u00f3 un solar que tuviera buen acceso\n desde cualquier punto de la ciudad. As\u00ed pues, se concluy\u00f3 que lo m\u00e1s \nadecuado ser\u00eda situarlo en la Avda. de Diputaci\u00f3n junto al Parque Ram\u00f3n \nGard\u00f3n ya que servir\u00eda de nexo de uni\u00f3n entre el n\u00facleo urbano \ntradicional y los nuevos crecimientos.<\/p>\n\n\n\n<div class=\"wp-block-image\"><figure class=\"aligncenter\"><a href=\"https:\/\/i0.wp.com\/granadablogs.com\/gr-arquitectos\/files\/2011\/07\/2.jpg\"><img data-recalc-dims=\"1\" decoding=\"async\" src=\"https:\/\/i0.wp.com\/granadablogs.com\/gr-arquitectos\/files\/2011\/07\/2.jpg?w=640\" alt=\"\" class=\"wp-image-7056\"\/><\/a><\/figure><\/div>\n\n\n\n<p>La ciudad \napuesta por la nueva arquitectura y es en este contexto donde surge la \npropuesta de Garc\u00eda de los Reyes Arquitectos de convertir la demanda de \nun equipamiento cultural para la ciudad en un edificio estrella que \nfuera el s\u00edmbolo de Atarfe y su proyecci\u00f3n hacia el futuro.<\/p>\n\n\n\n<p>El \nplanteamiento es una arquitectura que utiliza herramientas tales como la\n forma, el espacio, la composici\u00f3n&nbsp; y los materiales para dar soluciones\n a cada uno de los requerimientos. Muestra de ello son las distintas \npropuestas planteadas durante la fase de dise\u00f1o del Centro Cultural en \nlas que la arquitectura deja de ser algo meramente \u00fatil y pasa a \nconvertirse en un modo de expresi\u00f3n.<\/p>\n\n\n\n<div class=\"wp-block-image\"><figure class=\"aligncenter\"><a href=\"https:\/\/i0.wp.com\/granadablogs.com\/gr-arquitectos\/files\/2011\/07\/3.jpg\"><img data-recalc-dims=\"1\" decoding=\"async\" src=\"https:\/\/i0.wp.com\/granadablogs.com\/gr-arquitectos\/files\/2011\/07\/3.jpg?w=640\" alt=\"\" class=\"wp-image-7057\"\/><\/a><\/figure><\/div>\n\n\n\n<p>El <strong><em>Centro Cultural&nbsp; Medina Elvira<\/em><\/strong>\n se concibe como un gran edificio formado por dos piezas funcionalmente \nindependientes (Auditorio-Casa de la Cultura). La disposici\u00f3n de las \nmismas se ha visto muy limitada por la forma triangular del solar. Un \nvolumen inclinado que asoma hasta el nuevo espacio p\u00fablico, marca el \nacceso al complejo y abre un vac\u00edo el interior de la edificaci\u00f3n (el \npatio central).<\/p>\n\n\n\n<p>La evoluci\u00f3n\n tipol\u00f3gica del Centro Cultural, es consecuencia de los diferentes \nbocetos que el equipo de arquitectos baraj\u00f3. El resultado de tales \nreflexiones es una serie de <strong>piezas org\u00e1nicas que conforman la cubierta del edificio<\/strong>\n adapt\u00e1ndose al espacio del auditorio y de la caja esc\u00e9nica. Dicha \ncubierta vuela sobre el espacio p\u00fablico creando una plaza previa que se \nconvierte en una verdadera antesala de acceso al auditorio.&nbsp;<\/p>\n\n\n\n<div class=\"wp-block-image\"><figure class=\"aligncenter\"><a href=\"https:\/\/i0.wp.com\/granadablogs.com\/gr-arquitectos\/files\/2011\/07\/4.jpg\"><img data-recalc-dims=\"1\" decoding=\"async\" src=\"https:\/\/i0.wp.com\/granadablogs.com\/gr-arquitectos\/files\/2011\/07\/4.jpg?w=640\" alt=\"\" class=\"wp-image-7058\"\/><\/a><\/figure><\/div>\n\n\n\n<div class=\"wp-block-image\"><figure class=\"aligncenter\"><a href=\"https:\/\/i0.wp.com\/granadablogs.com\/gr-arquitectos\/files\/2011\/07\/5.jpg\"><img data-recalc-dims=\"1\" decoding=\"async\" src=\"https:\/\/i0.wp.com\/granadablogs.com\/gr-arquitectos\/files\/2011\/07\/5.jpg?w=640\" alt=\"\" class=\"wp-image-7059\"\/><\/a><\/figure><\/div>\n\n\n\n<div class=\"wp-block-image\"><figure class=\"aligncenter\"><a href=\"https:\/\/i0.wp.com\/granadablogs.com\/gr-arquitectos\/files\/2011\/07\/6.jpg\"><img data-recalc-dims=\"1\" decoding=\"async\" src=\"https:\/\/i0.wp.com\/granadablogs.com\/gr-arquitectos\/files\/2011\/07\/6.jpg?w=640\" alt=\"\" class=\"wp-image-7060\"\/><\/a><\/figure><\/div>\n\n\n\n<p>El volumen \ndel Auditorio adquiere protagonismo convirti\u00e9ndose en la pieza principal\n del conjunto. La cubierta se presenta como una sucesi\u00f3n de piezas que, \nfisur\u00e1ndose, ofrecen una imagen din\u00e1mica. Ese movimiento que se percibe,\n es la traslaci\u00f3n de las actividades que en el interior de ese recinto \nse realizan, es el vibrar de la cultura. Un juego similar de volumetr\u00eda \nse realiza en la pieza de la biblioteca donde parte de ese movimiento se\n traslada a su cubierta.<\/p>\n\n\n\n<p>Las dos \ngrandes piezas se apoyan sobre un z\u00f3calo continuo de piedra donde se \nencuentran las circulaciones y dependencias comunes a ambas \ninstalaciones. El volumen del Auditorio adquiere protagonismo \nconvirti\u00e9ndose en la pieza principal del conjunto, cuya cubierta \npresenta una sucesi\u00f3n de caparazones de cobre que ofrecen una imagen \ndin\u00e1mica. Un juego similar de volumetr\u00edas se realiza en la pieza de la \nbiblioteca. Un gran muro cortina se asoma al nuevo espacio p\u00fablico, \nproduci\u00e9ndose una continuidad visual entre el vest\u00edbulo del auditorio y \nla plaza previa al mismo.<\/p>\n\n\n\n<div class=\"wp-block-image\"><figure class=\"aligncenter\"><a href=\"https:\/\/i0.wp.com\/granadablogs.com\/gr-arquitectos\/files\/2011\/07\/7.jpg\"><img data-recalc-dims=\"1\" decoding=\"async\" src=\"https:\/\/i0.wp.com\/granadablogs.com\/gr-arquitectos\/files\/2011\/07\/7.jpg?w=640\" alt=\"\" class=\"wp-image-7061\"\/><\/a><\/figure><\/div>\n\n\n\n<div class=\"wp-block-image\"><figure class=\"aligncenter\"><a href=\"https:\/\/i0.wp.com\/granadablogs.com\/gr-arquitectos\/files\/2011\/07\/8.jpg\"><img data-recalc-dims=\"1\" decoding=\"async\" src=\"https:\/\/i0.wp.com\/granadablogs.com\/gr-arquitectos\/files\/2011\/07\/8.jpg?w=640\" alt=\"\" class=\"wp-image-7062\"\/><\/a><\/figure><\/div>\n\n\n\n<p>El<strong><em> metal<\/em><\/strong>, acabado que se aplica sobre las cubiertas curvas, <strong><em>la piedra<\/em><\/strong> adosada al z\u00f3calo y el <strong><em>vidrio<\/em><\/strong>, son los elementos que materializan el edificio.<\/p>\n\n\n\n<p>El Centro Cultural Medina Elvira se divide en tres grandes \u00e1reas:<\/p>\n\n\n\n<p>\u2013&nbsp;&nbsp;&nbsp;&nbsp;&nbsp;&nbsp; \u00c1rea\n de urbanismo comercial. Dotaci\u00f3n de aparcamientos en rotaci\u00f3n para el \ncentro urbano comercial y de servicios de Atarfe. Se incluye tambi\u00e9n la \nurbanizaci\u00f3n del entorno (3.667 m2)<\/p>\n\n\n\n<p>\u2013&nbsp;&nbsp;&nbsp;&nbsp;&nbsp;&nbsp; \u00c1rea c\u00edvica. Teatro. Que comprende el teatro-auditorio y todas aquellas dependencias anexas a dicho uso (5.139 m2)<\/p>\n\n\n\n<p>\u2013&nbsp;&nbsp;&nbsp;&nbsp;&nbsp;&nbsp; Area\n cultural. Biblioteca y Casa de la Cultura. Dependencias anexas a dicho \nuso tales como aulas de Internet, videoteca, salas de exposiciones, \naulas polivalentes, administraci\u00f3n \u2026 (2.248 m2)<\/p>\n\n\n\n<p><strong>FICHA T\u00c9CNICA<\/strong><\/p>\n\n\n\n<p>CENTRO CULTURAL MEDINA ELVIRA<\/p>\n\n\n\n<p>Localizaci\u00f3n: &nbsp;&nbsp;&nbsp;&nbsp;&nbsp;&nbsp;&nbsp;&nbsp;&nbsp;&nbsp;&nbsp;&nbsp;&nbsp;&nbsp;&nbsp;&nbsp;&nbsp;&nbsp;&nbsp;&nbsp;&nbsp;&nbsp;&nbsp;&nbsp;&nbsp;&nbsp; Atarfe (Granada)<\/p>\n\n\n\n<p>Autor: \n&nbsp;&nbsp;&nbsp;&nbsp;&nbsp;&nbsp;&nbsp;&nbsp;&nbsp;&nbsp;&nbsp;&nbsp;&nbsp;&nbsp;&nbsp;&nbsp;&nbsp;&nbsp;&nbsp;&nbsp;&nbsp;&nbsp;&nbsp;&nbsp;&nbsp;&nbsp;&nbsp;&nbsp;&nbsp;&nbsp;&nbsp;&nbsp;&nbsp;&nbsp;&nbsp;&nbsp; Juan Carlos Garc\u00eda de los Reyes, \nElena Palomares Rodr\u00edguez y Ana Dolores Fernanadez Mart\u00ednez<\/p>\n\n\n\n<p>Promotor:&nbsp;&nbsp;&nbsp;&nbsp;&nbsp;&nbsp;&nbsp;&nbsp;&nbsp;&nbsp;&nbsp;&nbsp;&nbsp;&nbsp;&nbsp;&nbsp;&nbsp;&nbsp;&nbsp;&nbsp;&nbsp;&nbsp;&nbsp;&nbsp;&nbsp;&nbsp;&nbsp;&nbsp;&nbsp;&nbsp;&nbsp; Proyecto Atarfe, S.A.<\/p>\n\n\n\n<p>Fecha inicio de obra:&nbsp;&nbsp;&nbsp;&nbsp;&nbsp;&nbsp;&nbsp;&nbsp;&nbsp;&nbsp;&nbsp;&nbsp;&nbsp;&nbsp;&nbsp; Junio de 2005<\/p>\n\n\n\n<p>Fecha finalizaci\u00f3n de obra:&nbsp;&nbsp;&nbsp;&nbsp;&nbsp;&nbsp; 2.007<\/p>\n\n\n\n<p>Fase Proyecto: &nbsp;&nbsp;&nbsp;&nbsp;&nbsp;&nbsp;&nbsp;&nbsp;&nbsp;&nbsp;&nbsp;&nbsp;&nbsp;&nbsp;&nbsp;&nbsp;&nbsp;&nbsp;&nbsp;&nbsp;&nbsp;&nbsp; &nbsp;&nbsp;&nbsp;&nbsp;&nbsp;&nbsp;&nbsp;&nbsp;&nbsp;&nbsp;&nbsp; Ejecutado<\/p>\n\n\n\n<p>Promotor: &nbsp;&nbsp;&nbsp;&nbsp;&nbsp;&nbsp;&nbsp;&nbsp;&nbsp;&nbsp;&nbsp;&nbsp;&nbsp;&nbsp;&nbsp;&nbsp;&nbsp;&nbsp;&nbsp;&nbsp;&nbsp;&nbsp;&nbsp;&nbsp;&nbsp;&nbsp;&nbsp;&nbsp;&nbsp;&nbsp; Ayuntamiento de Atarfe<\/p>\n\n\n\n<p>PEM:&nbsp;&nbsp;&nbsp;&nbsp;&nbsp;&nbsp;&nbsp;&nbsp;&nbsp;&nbsp;&nbsp;&nbsp;&nbsp;&nbsp;&nbsp;&nbsp;&nbsp;&nbsp;&nbsp;&nbsp;&nbsp;&nbsp;&nbsp;&nbsp;&nbsp;&nbsp;&nbsp;&nbsp;&nbsp;&nbsp;&nbsp;&nbsp;&nbsp;&nbsp;&nbsp;&nbsp;&nbsp;&nbsp; 14.436.603,72 \u20ac<\/p>\n\n\n\n<p>Uso: &nbsp;&nbsp;&nbsp;&nbsp;&nbsp;&nbsp;&nbsp;&nbsp;&nbsp;&nbsp;&nbsp;&nbsp;&nbsp;&nbsp;&nbsp;&nbsp;&nbsp;&nbsp;&nbsp;&nbsp;&nbsp;&nbsp;&nbsp;&nbsp;&nbsp;&nbsp;&nbsp;&nbsp;&nbsp;&nbsp;&nbsp;&nbsp;&nbsp;&nbsp;&nbsp;&nbsp;&nbsp;&nbsp; Teatro, Auditorio, Biblioteca, Casa Cultura.<\/p>\n\n\n\n<p><a href=\"https:\/\/granadablogs.com\/gr-arquitectos\/2011\/07\/05\/el-pabellon-espanol-en-la-expo-de-shangai-2%c2%ba-aniversario-de-la-ciudad-comprometida-vi\/\">https:\/\/granadablogs.com\/gr-arquitectos\/2011\/07\/05\/el-pabellon-espanol-en-la-expo-de-shangai-2%c2%ba-aniversario-de-la-ciudad-comprometida-vi\/<\/a><\/p>\n","protected":false},"excerpt":{"rendered":"<p>En julio de 2011 escribia JUAN CARLOS DE LOS REYES en su blog de \u00abLa&#8230;<\/p>\n","protected":false},"author":1,"featured_media":31153,"comment_status":"closed","ping_status":"closed","sticky":false,"template":"","format":"standard","meta":{"_coblocks_attr":"","_coblocks_dimensions":"","_coblocks_responsive_height":"","_coblocks_accordion_ie_support":"","jetpack_post_was_ever_published":false,"_jetpack_newsletter_access":"","_jetpack_dont_email_post_to_subs":false,"_jetpack_newsletter_tier_id":0,"_jetpack_memberships_contains_paywalled_content":false,"_jetpack_memberships_contains_paid_content":false,"footnotes":"","jetpack_publicize_message":"","jetpack_publicize_feature_enabled":true,"jetpack_social_post_already_shared":false,"jetpack_social_options":{"image_generator_settings":{"template":"highway","default_image_id":0,"enabled":false},"version":2}},"categories":[2,12,186,44,15],"tags":[81,2291,1125],"class_list":["post-31152","post","type-post","status-publish","format-standard","has-post-thumbnail","hentry","category-atarfe","category-cultura","category-instituciones","category-noticias-de-hoy","category-ultimas-noticias","tag-atarfe","tag-centro-cultural","tag-historia"],"jetpack_publicize_connections":[],"jetpack_featured_media_url":"https:\/\/i0.wp.com\/miradordeatarfe.es\/wp-content\/uploads\/2019\/04\/%C3%ADndice-4.jpeg?fit=335%2C150&ssl=1","jetpack_likes_enabled":true,"jetpack_sharing_enabled":true,"_links":{"self":[{"href":"https:\/\/miradordeatarfe.es\/index.php?rest_route=\/wp\/v2\/posts\/31152","targetHints":{"allow":["GET"]}}],"collection":[{"href":"https:\/\/miradordeatarfe.es\/index.php?rest_route=\/wp\/v2\/posts"}],"about":[{"href":"https:\/\/miradordeatarfe.es\/index.php?rest_route=\/wp\/v2\/types\/post"}],"author":[{"embeddable":true,"href":"https:\/\/miradordeatarfe.es\/index.php?rest_route=\/wp\/v2\/users\/1"}],"replies":[{"embeddable":true,"href":"https:\/\/miradordeatarfe.es\/index.php?rest_route=%2Fwp%2Fv2%2Fcomments&post=31152"}],"version-history":[{"count":2,"href":"https:\/\/miradordeatarfe.es\/index.php?rest_route=\/wp\/v2\/posts\/31152\/revisions"}],"predecessor-version":[{"id":31156,"href":"https:\/\/miradordeatarfe.es\/index.php?rest_route=\/wp\/v2\/posts\/31152\/revisions\/31156"}],"wp:featuredmedia":[{"embeddable":true,"href":"https:\/\/miradordeatarfe.es\/index.php?rest_route=\/wp\/v2\/media\/31153"}],"wp:attachment":[{"href":"https:\/\/miradordeatarfe.es\/index.php?rest_route=%2Fwp%2Fv2%2Fmedia&parent=31152"}],"wp:term":[{"taxonomy":"category","embeddable":true,"href":"https:\/\/miradordeatarfe.es\/index.php?rest_route=%2Fwp%2Fv2%2Fcategories&post=31152"},{"taxonomy":"post_tag","embeddable":true,"href":"https:\/\/miradordeatarfe.es\/index.php?rest_route=%2Fwp%2Fv2%2Ftags&post=31152"}],"curies":[{"name":"wp","href":"https:\/\/api.w.org\/{rel}","templated":true}]}}