{"id":31157,"date":"2019-04-21T11:48:26","date_gmt":"2019-04-21T09:48:26","guid":{"rendered":"http:\/\/miradordeatarfe.es\/?p=31157"},"modified":"2020-06-26T13:26:11","modified_gmt":"2020-06-26T11:26:11","slug":"paris-bien-vale-una-misa-por-juan-alfredo-bellon","status":"publish","type":"post","link":"https:\/\/miradordeatarfe.es\/?p=31157","title":{"rendered":"\u00abPAR\u00cdS BIEN VALE UNA MISA\u00bb  por JUAN ALFREDO BELL\u00d3N"},"content":{"rendered":"\n<p>\u00abPAR\u00cdS BIEN VALE UNA MISA\u00bb <strong>por JUAN ALFREDO BELL\u00d3N<\/strong> <br> <strong>para  EL MIRADOR DE ATARFE<\/strong>   <strong>de domingo 21-04-2019<\/strong> <\/p>\n\n\n\n<p>\nDespu\u00e9s de aquel 11 de\nseptiembre de 2001, fecha en que se produjo el atentado a las Torres\nGemelas de Nueva York, no ha habido ninguna otra fecha en que se\npudiera hablar de una repercusi\u00f3n tan marcadamente negativa en la\nhistoria mundial como la del pasado lunes (Santo) 17 de abril de este\na\u00f1o 2019 en que tuvo lugar el incendio descomunal en la catedral de\nPar\u00eds, parece que fortuito y sin v\u00edctimas mortales excepto  dos\ntrabajadores y un bombero parisino heridos de gravedad seg\u00fan los\nprimeros balances del siniestro). Y eso que ha sido precisamente en\nPar\u00eds, el lugar donde se han producido los atentados terroristas m\u00e1s\nsonados y con mayor repercusi\u00f3n medi\u00e1tica de los \u00faltimos tiempos,\ncomo el atentado sanguinario en la redacci\u00f3n del peri\u00f3dico\nsemanario <em>Charlie; <\/em>de\nla sala de fiestas Bataclass o los ataques indiscriminados de varios\ncomandos yihadistas disparando a quemarropa sobre ciudadanos\ninocentes.<\/p>\n\n\n\n<p>\n\tPues, como se habr\u00e1 comprendido,\na m\u00e1s de uno se nos ha venido a la memoria esta c\u00e9lebre frase\nsupuesta pero no ciertamente pronunciada por Enrique IV de Francia y\nIII de Navarra, duque de Borb\u00f3n, de inclinaci\u00f3n calvinista y a\nquien se le atribuye el pragmatismo proverbial de una estirpe que\ngobern\u00f3 en Europa durante tantos o m\u00e1s a\u00f1os y en tantos o m\u00e1s\nterritorios que la mism\u00edsima casa de Austria y que desde tiempos\ncasi medievales ha antepuesto siempre su vocaci\u00f3n por gobernar a\ncualquier otra consideraci\u00f3n \u00e9tica, religiosa o pol\u00edtica, cosa de\nla cual ha sido tambi\u00e9n acusado don Juan Carlos I de Borb\u00f3n por los\nfranquistas ortodoxos espa\u00f1oles, dada la forma como se comport\u00f3\ntras la muerte del dictador que lo eligi\u00f3 como su heredero y para\npilotar la Restauraci\u00f3n Mon\u00e1rquica en Espa\u00f1a.<\/p>\n\n\n\n<p>\n\tEl paralelismo entre ambos\nescenarios y su relaci\u00f3n con la crudeza de la actual campa\u00f1a\nelectoral en Espa\u00f1a, me han llevado a reflexionar sobre la \nrepercusi\u00f3n medi\u00e1tica de estos hechos en Francia donde la\ninmediatez y amplitud de las informaciones sobre el incendio en\ndirecto de la catedral han reforzado un sentimiento nacional y\nunitario del nacionalismo franc\u00e9s, acosado por el desastre del\nmonumento parisino, y han disparado los mecanismos de la solidaridad\nnacional impulsados por el presidente Macron y distintos sectores del\nempresariado y otras fuerzas econ\u00f3micas y sociales galas tendentes a\nsu urgente reconstrucci\u00f3n  en el plazo de un quinquenio, que es.\ncuriosamente, lo que dura el mandato del presidente de la Rep\u00fablica.\nCabr\u00eda contraponer las repercusiones de un hecho as\u00ed, si el\nincendio se hubiera producido en la Catedral de la Almudena (o en el\nmism\u00edsimo Escorial) y reconocer que las repercusiones morales en la\npoblaci\u00f3n catalana habr\u00edan sido mucho mayores de haber ardido la\nSagrada Familia de Barcelona.<\/p>\n\n\n\n<p>\n\tDejando a un lado las muchas\ndiferencias implicadas en estos ejercicios comparativos, se me ocurre\npensar en las diferencias entre el grado y la intensidad de las\nimplicaciones entre la valoraci\u00f3n de los distintos <em>iconos<\/em>\ndel paisaje sentimental y el nacionalismo y en los mecanismos\ncolectivos que un accidente como el de Notre Dame o Covadonga podr\u00eda\ndesatar en nuestras respectivas sociedades, o en Sevilla, un eventual\nincendio  destructivo en la Catedral o en la Giralda. Reflexiones as\u00ed\nno son ajenas a las que se <em>hacen<\/em>\nen los <em>laboratorios<\/em>\n<em>del terrorismo intra e\ninter-nacional a la hora de elegir los objetivos de sus\natentados,<\/em>como hicieron\nen 2001 los autores de los atentados de las Torres Gemelas\nneoyorquinas o como parece que hab\u00eda hecho el terrorista marroqu\u00ed,\nreci\u00e9n detenido en su pa\u00eds, que pretend\u00eda<em>\n<\/em>cometer un atentado bien\nsonado durante esta Semana Santa en Sevilla. Cuestiones que est\u00e1n\nhoy al alcance de cualquiera y ante las que yo hoy (de ser espa\u00f1ol,\ncristiano y cat\u00f3lico e, incluso, hasta de no serlo) rezar\u00eda a Dios\npara que me cogiera bien confesado y mejor comulgado.<\/p>\n\n\n\n<p>\n\tDe todas formas, agradezco a la\nDivina Providencia Meteorol\u00f3gica que haya escuchado mis s\u00faplicas de\nllover abundantemente en Semana Santa para incrementar la aportaci\u00f3n\nh\u00eddrica a la sequ\u00eda estructural y medioambiental que padecemos y\nporque, puestos a valorar las bellezas paisaj\u00edsticas granadinas,\nser\u00eda especialmente bella la estampa de los \u201csantos\u201d\nsemanasanteros descendiendo en catamar\u00e1n por la Cuesta del Chapiz y\ntratando de dominar la mole de su trono, los pasos titulares de la\ncofrad\u00eda en cuesti\u00f3n y el peso de sus costaleros, que tampoco son\nmoco de pavo.        \n<\/p>\n\n\n\n<p>\n \tPor lo que aprovecho la ocasi\u00f3n de este art\u00edculo para agradecer\nde todo coraz\u00f3n a esa instancia sagrada su participaci\u00f3n en la\nformaci\u00f3n de una borrasca primaveral tan pertinaz y ben\u00e9fica como\nla que nos acompa\u00f1a, prometiendo acatar otro a\u00f1o los designios\nmeteorol\u00f3gicos contrarios, que de todo ha de haber en la vi\u00f1a del\nSe\u00f1or como ocurre en Granada con el famoso arzobispo Mart\u00ednez. que\nha anunciado su ruptura con el PP (<em>ciruelo, te conoc\u00ed\u2026\n<\/em>seguramente para apoyar a VOX) lo diga o no expl\u00edcitamente y\npara ver si as\u00ed se le perdonan celestialmente sus pecados aunque yo,\nque lo conozco tanto por viejo como por diablo (me refiero, claro, a\n\u00e9l) prevengo de sus inclinaciones torticeras a todos en cuantos\npueda influir porque es bien sabido y mejor supuesto que el tal\nMart\u00ednez siempre arrimar\u00e1 el ascua a su sardina y que nunca buscar\u00e1\notra finalidad que su propia y  torpe satisfacci\u00f3n, camuflada de\ncualquier otro inter\u00e9s, como es <em>bien<\/em> <em>papable.<\/em><\/p>\n","protected":false},"excerpt":{"rendered":"<p>\u00abPAR\u00cdS BIEN VALE UNA MISA\u00bb por JUAN ALFREDO BELL\u00d3N para EL MIRADOR DE ATARFE de&#8230;<\/p>\n","protected":false},"author":1,"featured_media":31158,"comment_status":"closed","ping_status":"closed","sticky":false,"template":"","format":"standard","meta":{"_coblocks_attr":"","_coblocks_dimensions":"","_coblocks_responsive_height":"","_coblocks_accordion_ie_support":"","jetpack_post_was_ever_published":false,"_jetpack_newsletter_access":"","_jetpack_dont_email_post_to_subs":false,"_jetpack_newsletter_tier_id":0,"_jetpack_memberships_contains_paywalled_content":false,"_jetpack_memberships_contains_paid_content":false,"footnotes":"","jetpack_publicize_message":"","jetpack_publicize_feature_enabled":true,"jetpack_social_post_already_shared":false,"jetpack_social_options":{"image_generator_settings":{"template":"highway","default_image_id":0,"enabled":false},"version":2}},"categories":[12,1161,36,44,15],"tags":[2974,5965,1620,5964],"class_list":["post-31157","post","type-post","status-publish","format-standard","has-post-thumbnail","hentry","category-cultura","category-ciudadania","category-opinion-de-juan-alfredo-bellon","category-noticias-de-hoy","category-ultimas-noticias","tag-fuego","tag-nostre-dame","tag-paris","tag-quemar"],"jetpack_publicize_connections":[],"jetpack_featured_media_url":"https:\/\/i0.wp.com\/miradordeatarfe.es\/wp-content\/uploads\/2019\/04\/NOSTFREE.jpg?fit=660%2C371&ssl=1","jetpack_likes_enabled":true,"jetpack_sharing_enabled":true,"_links":{"self":[{"href":"https:\/\/miradordeatarfe.es\/index.php?rest_route=\/wp\/v2\/posts\/31157","targetHints":{"allow":["GET"]}}],"collection":[{"href":"https:\/\/miradordeatarfe.es\/index.php?rest_route=\/wp\/v2\/posts"}],"about":[{"href":"https:\/\/miradordeatarfe.es\/index.php?rest_route=\/wp\/v2\/types\/post"}],"author":[{"embeddable":true,"href":"https:\/\/miradordeatarfe.es\/index.php?rest_route=\/wp\/v2\/users\/1"}],"replies":[{"embeddable":true,"href":"https:\/\/miradordeatarfe.es\/index.php?rest_route=%2Fwp%2Fv2%2Fcomments&post=31157"}],"version-history":[{"count":1,"href":"https:\/\/miradordeatarfe.es\/index.php?rest_route=\/wp\/v2\/posts\/31157\/revisions"}],"predecessor-version":[{"id":31159,"href":"https:\/\/miradordeatarfe.es\/index.php?rest_route=\/wp\/v2\/posts\/31157\/revisions\/31159"}],"wp:featuredmedia":[{"embeddable":true,"href":"https:\/\/miradordeatarfe.es\/index.php?rest_route=\/wp\/v2\/media\/31158"}],"wp:attachment":[{"href":"https:\/\/miradordeatarfe.es\/index.php?rest_route=%2Fwp%2Fv2%2Fmedia&parent=31157"}],"wp:term":[{"taxonomy":"category","embeddable":true,"href":"https:\/\/miradordeatarfe.es\/index.php?rest_route=%2Fwp%2Fv2%2Fcategories&post=31157"},{"taxonomy":"post_tag","embeddable":true,"href":"https:\/\/miradordeatarfe.es\/index.php?rest_route=%2Fwp%2Fv2%2Ftags&post=31157"}],"curies":[{"name":"wp","href":"https:\/\/api.w.org\/{rel}","templated":true}]}}