{"id":31163,"date":"2019-04-28T09:12:30","date_gmt":"2019-04-28T07:12:30","guid":{"rendered":"http:\/\/miradordeatarfe.es\/?p=31163"},"modified":"2019-04-19T12:19:26","modified_gmt":"2019-04-19T10:19:26","slug":"no-puedo-mas-la-enfermedad-no-me-deja-otra-salida","status":"publish","type":"post","link":"https:\/\/miradordeatarfe.es\/?p=31163","title":{"rendered":"\u00abNo puedo m\u00e1s, la enfermedad no me deja otra salida\u00bb"},"content":{"rendered":"\n<h4 class=\"wp-block-heading\">Jos\u00e9 M.H. muri\u00f3 sin poder cumplir su voluntad de que se le practicase la eutanasia<\/h4>\n\n\n\n<h4 class=\"wp-block-heading\">Seg\u00fan las encuestas, la despenalizaci\u00f3n de la muerte asistida cuenta con el apoyo de cuatro de cada cinco ciudadanos<\/h4>\n\n\n\n<figure><iframe loading=\"lazy\" src=\"https:\/\/www.youtube.com\/embed\/g0AGWJM-jrY?wmode=transparent\" width=\"100%\" height=\"430\"><\/iframe><\/figure>\n\n\n\n<p><a href=\"https:\/\/cadenaser.com\/autor\/beatriz_nogal_gonzalez\/a\/\">Beatriz Nogal<\/a> Madrid <a href=\"https:\/\/cadenaser.com\/tag\/fecha\/20190324\/\"> <\/a><\/p>\n\n\n\n<p>Ten\u00eda una sonrisa de esas que no se olvidan f\u00e1cilmente. Era una \npersona muy vital, ten\u00eda unas ganas tremendas de vivir hasta que <strong>una enfermedad degenerativa lo devast\u00f3 todo<\/strong>. <strong>Ten\u00eda 53 a\u00f1os.<\/strong> Viv\u00eda en <a href=\"https:\/\/cadenaser.com\/tag\/arevalo\/a\/\">Ar\u00e9valo<\/a>, un pueblo de <a href=\"https:\/\/cadenaser.com\/tag\/avila\/a\/\">\u00c1vila<\/a>, tras la llegada de la enfermedad decidi\u00f3 cambiar su ajetreada vida en <a href=\"https:\/\/cadenaser.com\/tag\/madrid\/a\/\">Madrid<\/a>\n por la tranquilidad del campo. Nos cit\u00f3 en su domicilio, se encontraba \nen un edificio algo escondido, en medio de un laberinto de calles, cerca\n de una gran alameda. Nos cost\u00f3 encontrarlo. Era una calurosa tarde de \nprimeros de julio. Ar\u00e9valo nos recibi\u00f3 con la tranquilidad que reina en \nlos pueblos.<a href=\"https:\/\/cadenaser.com\/programa\/2019\/03\/24\/a_vivir_que_son_dos_dias\/1553420018_407367.html#\">\n      \n\t\t\t\t<\/a><a href=\"https:\/\/cadenaser.com\/programa\/2019\/03\/24\/a_vivir_que_son_dos_dias\/1553420018_407367.html#\">\n      \n      Escuchar \/ Pausar\n    <\/a>\n    \n    56:50\n    \n    La muerte digna de Jos\u00e9\n    \n  \n  \n    \n  \n  \n  \n  \n    \n    \n    \n    \n    \n    \n  \n  \n  \n  \n  \n  \n    \n  \n    \n    \n    \n    \n    \n    \n    <\/p>\n\n\n\n<p>Pocos d\u00edas antes del encuentro en su casa aquel hombre se hab\u00eda puesto en contacto con la asociaci\u00f3n <a href=\"https:\/\/derechoamorir.org\/\" target=\"_blank\" rel=\"noreferrer noopener\"><strong>Derecho a Morir Dignamente<\/strong><\/a>\n para comunicarles que ten\u00eda decidido poner fin a su vida y quer\u00eda dejar\n testimonio de los motivos que le llevaban a hacerlo. Sent\u00eda que la vida\n le hab\u00eda abandonado hac\u00eda muchos a\u00f1os, la esclerosis m\u00faltiple era la \ncausa, no quer\u00eda continuar y la muerte se hab\u00eda convertido en su \u00fanica \naliada. Quer\u00eda contarlo y <strong>quer\u00eda que su testimonio ayudara a abrir la puerta a la legalizaci\u00f3n de la <a href=\"https:\/\/cadenaser.com\/tag\/eutanasia\/a\/\">eutanasia<\/a> en Espa\u00f1a.<\/strong>\n Ante un motivo tan aplastante enseguida surgi\u00f3 la duda: \u00bftanto \nsufrimiento hab\u00eda en su vida como para querer suicidarse? No creo que \nexista otra manera de contar una historia si no es sinti\u00e9ndola, \nentendiendo el dolor ajeno. Por eso acudimos a su cita.<\/p>\n\n\n\n<figure class=\"wp-block-image\"><img data-recalc-dims=\"1\" decoding=\"async\" src=\"https:\/\/i0.wp.com\/cadenaser00.epimg.net\/programa\/imagenes\/2019\/03\/24\/a_vivir_que_son_dos_dias\/1553420018_407367_1553421937_sumario_normal.jpg?w=640&#038;ssl=1\" alt=\"Vistas desde el domicilio de Jos\u00e9 en Ar\u00e9valo (\u00c1vila)\"\/><figcaption>\n\nVistas desde el domicilio de Jos\u00e9 en Ar\u00e9valo (\u00c1vila)\n\/ \t\t\t\t\t\t\t\t\t\t\t\t\t\t\t\t\t\t\tBeatriz Nogal\n\n<\/figcaption><\/figure>\n\n\n\n<p>Se expresaba pausadamente, con la tranquilidad de quien sabe que todo\n terminar\u00e1 pronto. En su mirada se reflejaba el cansancio de vivir. La \nenfermedad apareci\u00f3 en 2006, con 40 a\u00f1os. Empez\u00f3 a ver nublado por un \nojo pero crey\u00f3 que era un problema de vista, d\u00edas despu\u00e9s un oftalm\u00f3logo\n le hizo unas pruebas y le confirm\u00f3 que aquel s\u00edntoma ten\u00eda que ver con \nel nervio \u00f3ptico. Durante los cuatro a\u00f1os siguientes comenzaron a \naparecer m\u00e1s se\u00f1ales, la enfermedad estaba llegando, se tropezaba y \nten\u00eda problemas de coordinaci\u00f3n en las piernas, a veces incluso ni las \nsent\u00eda. <strong>En 2010 los m\u00e9dicos determinaron que era <a href=\"https:\/\/cadenaser.com\/tag\/esclerosis_multiple\/a\/\">esclerosis m\u00faltiple<\/a>.<\/strong>\n A partir de ah\u00ed el mundo cambi\u00f3 para \u00e9l, su vida se desmoron\u00f3. \nCharlamos durante toda la tarde, \u00e9l sentado en un sof\u00e1 del sal\u00f3n, \nacompa\u00f1ado de cientos de frascos de medicinas y una cajetilla de tabaco \nde la que todav\u00eda pod\u00eda coger alg\u00fan cigarrillo: \u201cEl tabaco me acompa\u00f1a, \neste no me abandona\u201d, coment\u00f3 sarc\u00e1sticamente. Jos\u00e9, que as\u00ed se llamaba,\n era alto, ten\u00eda presencia pese a que su cuerpo desvelaba el avanzado \nestado de la enfermedad, ten\u00eda un 82% de inmovilidad. \u201cSiento como un \ncalambre que me recorre todo el cuerpo, es una sensaci\u00f3n muy \ndesagradable. La espalda me duele horrores. Las articulaciones empiezan a\n no responder.\u201d <strong>No quer\u00eda acabar engullido por la enfermedad, simplemente se rend\u00eda, no quer\u00eda luchar m\u00e1s.<\/strong>\n Era una decisi\u00f3n que hab\u00eda meditado mucho y adem\u00e1s ten\u00eda el apoyo de su\n familia. Y mientras se explicaba miraba a trav\u00e9s del ventanal del sal\u00f3n\n la alameda que parec\u00eda fuera obra de un pintor.<\/p>\n\n\n\n<h4 class=\"wp-block-heading\">\u00abQuiero irme ya, los dolores me est\u00e1n matando poco a poco, quiero dejar esta vida porque no puedo m\u00e1s\u00bb<\/h4>\n\n\n\n<p>\u201cLos paliativos son la sala de Poncio Pilatos, all\u00ed lo \u00fanico que  hacen es mantenerte sedado para que no tengas dolor f\u00edsico pero, \u00bfqu\u00e9  pasa con el dolor mental? Te tienen all\u00ed hasta que te mueres, te ayudan a  seguir con vida pero nada m\u00e1s. <strong>La eutanasia es ense\u00f1ar a los m\u00e9dicos a que busquen la calidad de muerte del enfermo y le ayuden a morir<\/strong>.\u201d  La conversaci\u00f3n continu\u00f3 toda la tarde, los argumentos que daba te  retorc\u00edan el coraz\u00f3n porque estaban llenos de coherencia. Tras una larga  pausa despu\u00e9s de fumarse un cigarro levant\u00f3 su mirada perdida y la  clav\u00f3 en la m\u00eda mientras preguntaba: \u201c\u00bfQuieres que te lea la carta que  dejo al juez?\u201d Hab\u00eda escrito varias cartas de despedida para su familia y  otra para el juez que ordenara el levantamiento del cad\u00e1ver. Aguard\u00e9 en  silencio, la sac\u00f3 del bolsillo del pijama, tom\u00f3 aire y empez\u00f3 a leerla.  Lo ten\u00eda todo estudiado.<\/p>\n\n\n\n<p> La carta dec\u00eda as\u00ed:<a href=\"https:\/\/cadenaser.com\/programa\/2019\/03\/24\/a_vivir_que_son_dos_dias\/1553420018_407367.html#\">                      Escuchar \/ Pausar     <\/a>          01:47          Lectura de la carta de J.M.                                                                                                                       <\/p>\n\n\n\n<p>No quer\u00eda implicar en su muerte a nadie de la familia porque la \neutanasia es ilegal en Espa\u00f1a. Sus manos, aunque bastante deformadas, \ntodav\u00eda pod\u00edan sostener algunos objetos. Quer\u00eda suicidarse antes de que \nla enfermedad avanzara y le impidiera coger el l\u00edquido liberador para \nbeberlo. <strong>La fecha elegida era el 25 de julio<\/strong>. Todo \nocurrir\u00eda ese d\u00eda, no hab\u00eda marcha atr\u00e1s. Tras la lectura de la carta le\n pregunt\u00e9 si no ten\u00eda miedo, \u00bfser\u00eda capaz de reunir el valor necesario \npara afrontar el momento decisivo? La pregunta qued\u00f3 en el aire y a \ncontinuaci\u00f3n respondi\u00f3: \u201cTengo miedo, claro que tengo miedo pero va a \nser como meterse en la madriguera del conejo de Alicia, lo que haya \ndespu\u00e9s va a ser mejor que lo tengo ahora. Me han asegurado que el \nf\u00e1rmaco es fulminante y que no habr\u00e1 ning\u00fan problema.\u201d<\/p>\n\n\n\n<h4 class=\"wp-block-heading\">\u00abEste duelo que mi mujer y mis hijos est\u00e1n haciendo es un duelo \neterno, vamos a terminar el duelo ya y que ellos puedan seguir viviendo\u00bb<\/h4>\n\n\n\n<figure class=\"wp-block-image\"><img data-recalc-dims=\"1\" decoding=\"async\" src=\"https:\/\/i0.wp.com\/cadenaser00.epimg.net\/programa\/imagenes\/2019\/03\/24\/a_vivir_que_son_dos_dias\/1553420018_407367_1553422369_sumario_normal.jpg?w=640&#038;ssl=1\" alt=\"Una de las maquetas realizadas por Jos\u00e9\"\/><figcaption>\n\nUna de las maquetas realizadas por Jos\u00e9\n\/ \t\t\t\t\t\t\t\t\t\t\t\t\t\t\t\t\t\t\tFoto cedida por la familia\n\n<\/figcaption><\/figure>\n\n\n\n<p>Hab\u00edan pasado unas horas desde que la charla comenzara. Hab\u00edamos \nconversado sobre los \u00faltimos a\u00f1os de su vida, sobre sus aficiones \u2013le \ngustaba hacer maquetas, era motero y tocaba el violonchelo- y tambi\u00e9n \nsobre la meditaci\u00f3n a la que se hab\u00eda entregado fervientemente en los \n\u00faltimos a\u00f1os pero, sobre todo, del amor a su mujer y a sus dos hijos de \nlos que se hab\u00eda distanciado por culpa de la enfermedad. La esclerosis \nhab\u00eda arrasado la vida de la familia, lo hab\u00eda devorado todo: \u201cHe \nsentido mucha rabia con el mundo, con Dios, con la medicina, hasta \nconmigo mismo. La rabia act\u00faa como un ventilador, la vas tirando por ah\u00ed\n y haces da\u00f1o a los que te rodean.\u201d Aquella fue su verdad m\u00e1s aut\u00e9ntica,\n reconocer el da\u00f1o que hab\u00eda causado a los que m\u00e1s le quer\u00edan.<\/p>\n\n\n\n<h4 class=\"wp-block-heading\">\u00abLlevar\u00e9 a cabo mi plan al regreso del viaje\u00bb<\/h4>\n\n\n\n<p>Estaba atardeciendo y se encontraba fatigado as\u00ed que decid\u00ed ir poniendo fin al encuentro.<\/p>\n\n\n\n<p>&#8211; Quiero contarte que en unos d\u00edas nos iremos de viaje una semana a Campello, en Alicante. He alquilado un chalet.<\/p>\n\n\n\n<p>El \u00faltimo cap\u00edtulo de su vida fue aquella semana en la playa, <strong>un viaje de despedida en el que quer\u00eda estar rodeado de sus seres m\u00e1s queridos<\/strong>\n y recordar una vida que le hab\u00eda abandonado hac\u00eda a\u00f1os. Le acompa\u00f1aron \nsu mujer, Ana, sus hijos con sus parejas y tambi\u00e9n M\u00f3nica, su cuidadora.\n Fueron unos d\u00edas tristes pero entra\u00f1ables. Todos intentaron darle lo \nmejor porque sab\u00edan que se estaban despidiendo de \u00e9l. Un viaje al pasado\n en el que recuperaron el tiempo que el dolor les hab\u00eda robado: \ndisfrutaron del mar, conversaron, compartieron m\u00fasica e incluso \nvolvieron a ver juntos sus pel\u00edculas favoritas. Durante aquellos d\u00edas en\n Campello, rodeado del cari\u00f1o de los suyos, volvi\u00f3 a ser la persona que \nhab\u00eda dejado de ser, recuper\u00f3 la sonrisa.<\/p>\n\n\n\n<h4 class=\"wp-block-heading\">\u00abEl 25 de julio ser\u00e1 mi \u00faltimo d\u00eda en esta dimensi\u00f3n\u00bb<\/h4>\n\n\n\n<p>Cuando uno sufre lo peor que le puede pasar es perder la dignidad y \nas\u00ed se sent\u00eda Jos\u00e9, sin dignidad. La vida ya no ten\u00eda sentido para \u00e9l. \nDesde hac\u00eda un a\u00f1o, ten\u00eda guardado en la caja fuerte de su dormitorio un\n bote de <strong>pentobarbital s\u00f3dico<\/strong> que hab\u00eda adquirido de manera clandestina y que ten\u00eda pensado utilizar ese 25 de julio: <strong>\u201cYo no me considero un suicida, lo que quiero es irme de una manera tranquila.<\/strong>\n He visto morir a mi madre en una fr\u00eda sala de hospital y no lo quiero \npara m\u00ed. En esos sitios se muere muy mal. No me veo muriendo en una \ncueva de esas.\u201d Jos\u00e9 no eligi\u00f3 entre la vida o la muerte sino morir de \nuna manera o morir de otra. \u201cComo esta enfermedad no mata te tienes que \nmatar t\u00fa\u201d, repet\u00eda. Nadie desea morir pero cuando llega el momento lo \nl\u00f3gico es que ocurra de la mejor manera posible. Y eso fue lo que Jos\u00e9 \neligi\u00f3, negarse a vivir bajo el fuego abrasador de su enfermedad.<\/p>\n\n\n\n<p>La tarde transcurri\u00f3 entre risas, recuerdos y emociones. Despu\u00e9s de \nvarias horas de conversaci\u00f3n Jos\u00e9 se encontraba extenuado. Llegaba la \nhora de \u201csu cena\u201d que M\u00f3nica estaba preparando meticulosamente: \u201cUn buen\n pur\u00e9 de verduras le sentar\u00e1 bien\u201d, dijo. Tocaba dejarle descansar, \nretirarse y digerir sus palabras que a\u00fan siguen muy presentes. Quer\u00eda \n\u201cliberarse\u201d y nosotros ten\u00edamos que contarlo. Nos despedimos con un \nfuerte abrazo mientras a nuestro lado, M\u00f3nica, se secaba las l\u00e1grimas \ncon un pa\u00f1uelo.<\/p>\n\n\n\n<h4 class=\"wp-block-heading\">Cuatro de cada cinco personas apoyan la eutanasia en Espa\u00f1a. \u00bfPor qu\u00e9 no se regula?<\/h4>\n\n\n\n<p>Fuente: Asociaci\u00f3n Derecho a Morir Dignamente<\/p>\n\n\n\n<p><strong>Tanto la eutanasia como el suicidio asistido son delitos en nuestro pa\u00eds.<\/strong>  La ley castiga con c\u00e1rcel a quienes ayuden a morir a una persona. El  C\u00f3digo Penal prev\u00e9 condenas de varios a\u00f1os de prisi\u00f3n para cualquier  persona que act\u00fae como cooperadora necesaria en la muerte de otra aunque  esta \u00faltima lo haya pedido libremente a causa de un sufrimiento  irreversible. Sin embargo en Espa\u00f1a, y en todo el mundo, se practican  eutanasias clandestinas a menudo. Un <a rel=\"noreferrer noopener\" href=\"https:\/\/derechoamorir.org\/wp-content\/uploads\/2018\/02\/2000-OCU-eutanasia-cuidados-paliativos.pdf\" target=\"_blank\">estudio de la OCU en el 2000<\/a>  revel\u00f3 que alrededor de uno de cada diez m\u00e9dicos en nuestro pa\u00eds  reconoce haber ayudado a morir a sus pacientes. Adem\u00e1s, aclara que la  mayor\u00eda del personal sanitario desea una despenalizaci\u00f3n de la eutanasia  siempre que se haga acompa\u00f1ada de normas y protocolos claros.<\/p>\n\n\n\n<p>Todas las encuestas revelan que una amplia mayor\u00eda de la ciudadan\u00eda \napoya la despenalizaci\u00f3n de la muerte asistida y su regulaci\u00f3n con \ngarant\u00edas. Las m\u00e1s recientes, de <strong><a href=\"https:\/\/www.ipsos.com\/es-es\/el-85-de-los-espanoles-favor-de-regularizar-la-eutanasia\" target=\"_blank\" rel=\"noreferrer noopener\">Ipsos (en 2018)<\/a><\/strong> y de <strong><a href=\"http:\/\/www.metroscopia.org\/muerte-digna\" target=\"_blank\" rel=\"noreferrer noopener\">Metroscopia (en 2017)<\/a><\/strong> elevan el apoyo al 85% y 84% de la poblaci\u00f3n respectivamente. Una encuesta europea elaborada <strong><a href=\"https:\/\/www.economist.com\/blogs\/graphicdetail\/2015\/06\/doctor-assisted-dying\" target=\"_blank\" rel=\"noreferrer noopener\">por Ipsos Mori para The Economist (en 2015)<\/a><\/strong> cifr\u00f3 este apoyo en un 78%.<\/p>\n\n\n\n<p><a href=\"https:\/\/cadenaser.com\/programa\/2019\/03\/24\/a_vivir_que_son_dos_dias\/1553420018_407367.html\">https:\/\/cadenaser.com\/programa\/2019\/03\/24\/a_vivir_que_son_dos_dias\/1553420018_407367.html<\/a><\/p>\n","protected":false},"excerpt":{"rendered":"<p>Jos\u00e9 M.H. muri\u00f3 sin poder cumplir su voluntad de que se le practicase la eutanasia&#8230;<\/p>\n","protected":false},"author":1,"featured_media":31167,"comment_status":"closed","ping_status":"closed","sticky":false,"template":"","format":"standard","meta":{"_coblocks_attr":"","_coblocks_dimensions":"","_coblocks_responsive_height":"","_coblocks_accordion_ie_support":"","jetpack_post_was_ever_published":false,"_jetpack_newsletter_access":"","_jetpack_dont_email_post_to_subs":false,"_jetpack_newsletter_tier_id":0,"_jetpack_memberships_contains_paywalled_content":false,"_jetpack_memberships_contains_paid_content":false,"footnotes":"","jetpack_publicize_message":"","jetpack_publicize_feature_enabled":true,"jetpack_social_post_already_shared":false,"jetpack_social_options":{"image_generator_settings":{"template":"highway","default_image_id":0,"enabled":false},"version":2}},"categories":[1161,186,44,15],"tags":[1452,1453],"class_list":["post-31163","post","type-post","status-publish","format-standard","has-post-thumbnail","hentry","category-ciudadania","category-instituciones","category-noticias-de-hoy","category-ultimas-noticias","tag-eutanasia","tag-muerte-digna"],"jetpack_publicize_connections":[],"jetpack_featured_media_url":"https:\/\/i0.wp.com\/miradordeatarfe.es\/wp-content\/uploads\/2019\/04\/MUERET.jpg?fit=1300%2C650&ssl=1","jetpack_likes_enabled":true,"jetpack_sharing_enabled":true,"_links":{"self":[{"href":"https:\/\/miradordeatarfe.es\/index.php?rest_route=\/wp\/v2\/posts\/31163","targetHints":{"allow":["GET"]}}],"collection":[{"href":"https:\/\/miradordeatarfe.es\/index.php?rest_route=\/wp\/v2\/posts"}],"about":[{"href":"https:\/\/miradordeatarfe.es\/index.php?rest_route=\/wp\/v2\/types\/post"}],"author":[{"embeddable":true,"href":"https:\/\/miradordeatarfe.es\/index.php?rest_route=\/wp\/v2\/users\/1"}],"replies":[{"embeddable":true,"href":"https:\/\/miradordeatarfe.es\/index.php?rest_route=%2Fwp%2Fv2%2Fcomments&post=31163"}],"version-history":[{"count":1,"href":"https:\/\/miradordeatarfe.es\/index.php?rest_route=\/wp\/v2\/posts\/31163\/revisions"}],"predecessor-version":[{"id":31164,"href":"https:\/\/miradordeatarfe.es\/index.php?rest_route=\/wp\/v2\/posts\/31163\/revisions\/31164"}],"wp:featuredmedia":[{"embeddable":true,"href":"https:\/\/miradordeatarfe.es\/index.php?rest_route=\/wp\/v2\/media\/31167"}],"wp:attachment":[{"href":"https:\/\/miradordeatarfe.es\/index.php?rest_route=%2Fwp%2Fv2%2Fmedia&parent=31163"}],"wp:term":[{"taxonomy":"category","embeddable":true,"href":"https:\/\/miradordeatarfe.es\/index.php?rest_route=%2Fwp%2Fv2%2Fcategories&post=31163"},{"taxonomy":"post_tag","embeddable":true,"href":"https:\/\/miradordeatarfe.es\/index.php?rest_route=%2Fwp%2Fv2%2Ftags&post=31163"}],"curies":[{"name":"wp","href":"https:\/\/api.w.org\/{rel}","templated":true}]}}