{"id":31171,"date":"2019-04-28T08:37:14","date_gmt":"2019-04-28T06:37:14","guid":{"rendered":"http:\/\/miradordeatarfe.es\/?p=31171"},"modified":"2019-04-19T12:39:11","modified_gmt":"2019-04-19T10:39:11","slug":"novedades-de-la-campana-de-la-renta-de-los-permisos-de-maternidad-a-las-deducciones-por-guarderias","status":"publish","type":"post","link":"https:\/\/miradordeatarfe.es\/?p=31171","title":{"rendered":"Novedades de la campa\u00f1a de la Renta: de los permisos de maternidad a las deducciones por guarder\u00edas"},"content":{"rendered":"\n<h4 class=\"wp-block-heading\">Comienza la campa\u00f1a de declaraci\u00f3n, que se podr\u00e1 realizar por tel\u00e9fono o internet hasta el 1 de julio, hasta el 26 de junio en caso de domiciliaci\u00f3n bancaria <\/h4>\n\n\n\n<p>Desgranamos los principales cambios que debemos tener en cuenta para este ejercicio y los consejos de los expertos<\/p>\n\n\n\n<p>La campa\u00f1a de la <a href=\"https:\/\/cadenaser.com\/tag\/renta_2018\/a\/\">Renta 2018<\/a> comenz\u00f3 este martes 2 de abril con <strong>algunas novedades<\/strong> que afectan, fundamentalmente, <strong>a padres y madres.<\/strong> La exenci\u00f3n de tributaci\u00f3n de <strong>las ayudas por <a href=\"https:\/\/cadenaser.com\/tag\/maternidad\/a\/\">maternidad<\/a><\/strong> y paternidad, deducciones adicionales por hijos menores de tres a\u00f1os o la <strong>supresi\u00f3n de la declaraci\u00f3n en papel<\/strong>  son algunos de los cambios que deberemos tener en cuenta para nuestra  declaraci\u00f3n del ejercicio 2018. Repasamos las novedades y sus efectos.<\/p>\n\n\n\n<h4 class=\"wp-block-heading\">Prestaciones por maternidad y paternidad<\/h4>\n\n\n\n<figure><iframe loading=\"lazy\" src=\"https:\/\/www.youtube.com\/embed\/Uq_NjGD9S3Q?wmode=transparent\" width=\"100%\" height=\"430\"><\/iframe><\/figure>\n\n\n\n<p>La mayor\u00eda de los cambios son fruto de los Presupuestos de 2018 aunque <strong>el m\u00e1s importante de todos procede de una <a href=\"https:\/\/cadenaser.com\/ser\/2018\/10\/05\/tribunales\/1538731000_819981.html\" rel=\"noreferrer noopener\" target=\"_blank\">sentencia del Tribunal Supremo<\/a><\/strong>.\n Las prestaciones p\u00fablicas por maternidad y paternidad dejan de tributar\n en el IRPF tras la decisi\u00f3n del alto tribunal, que estableci\u00f3 adem\u00e1s en\n octubre <strong>el efecto retroactivo de esta decisi\u00f3n hasta 2014<\/strong>. <a href=\"https:\/\/cadenaser.com\/ser\/2018\/10\/05\/tribunales\/1538750137_422247.html\" rel=\"noreferrer noopener\" target=\"_blank\">Quienes las declararan desde entonces pueden solicitar su devoluci\u00f3n<\/a>.<\/p>\n\n\n\n<p>\u00abTenemos que <strong>comprobar que este a\u00f1o no aparecen entre las retribuciones o rentas del trabajo<\/strong>. Pueden aparecer en los datos fiscales como&nbsp;expresamente exentas\n o, si no tienen retenciones, directamente no aparecer\u00bb, pero lo \nimportante es que no aparezcan como rentas del trabajo, explica a la SER\n el presidente del Sindicato de T\u00e9cnicos de Hacienda (Gestha) Carlos \nCruzado. En una declaraci\u00f3n media, la devoluci\u00f3n por la tributaci\u00f3n de \nestas ayudas en ejercicios anteriores <strong>estar\u00e1 entre los 1.500 y los 1.600 euros<\/strong> seg\u00fan datos del Colegio de Gestores Administrativos de Madrid.<\/p>\n\n\n\n<h4 class=\"wp-block-heading\">Incremento de las deducciones por maternidad<\/h4>\n\n\n\n<p>Otra novedad es el incremento adicional a la deducci\u00f3n por \nmaternidad. Los ciudadanos con hijos menores de tres a\u00f1os podr\u00e1n sumar a\n las deducciones ya existentes los <strong>gastos en <a href=\"https:\/\/cadenaser.com\/tag\/guarderias\/a\/\">guarder\u00edas<\/a> o centros de educaci\u00f3n infantil<\/strong> autorizados. \u00abNos puede suponer <strong>hasta 1.000 euros,<\/strong> dependiendo de cu\u00e1l haya sido el gasto que hemos tenido\u00bb, se\u00f1ala Carlos Cruzado. Es, por tanto, una deducci\u00f3n ampliada.<\/p>\n\n\n\n<p>Las deducciones por maternidad por ni\u00f1os menores de tres a\u00f1os \ncomenzaron a aplicarse en el a\u00f1o 2003. Desde entonces era posible \ndescontarse una cantidad que el a\u00f1o pasado <strong>pod\u00eda llegar hasta los 1.200 euros<\/strong>. A esta se le a\u00f1ade ahora la deducci\u00f3n de este a\u00f1o.<\/p>\n\n\n\n<h4 class=\"wp-block-heading\">Aumento del l\u00edmite para declarar en caso de dos pagadores&nbsp;<\/h4>\n\n\n\n<p>El l\u00edmite por debajo del cual no estamos obligados a hacer la \ndeclaraci\u00f3n de la Renta no se mueve para aquellos que perciben sus \ningresos de un solo pagador, contin\u00faa en 22.000 euros. Sin embargo, <strong>se incrementa para quienes tienen dos pagadores.<\/strong> En caso de que perciban <strong>menos de 12.643 anuales euros<\/strong>&nbsp;de m\u00e1s de un pagador no estar\u00e1n obligados a declarar.<\/p>\n\n\n\n<p>En realidad <strong>el nuevo l\u00edmite que se contempla est\u00e1 en 14.000 euros al a\u00f1o<\/strong>;\n pero en este primer ejercicio solo se aplicar\u00e1 desde el 5 de julio, por\n lo que la cantidad l\u00edmite para la campa\u00f1a de 2018 queda en los 12.643 \neuros arriba expuestos. Por eso \u00abno creo que este a\u00f1o afecte a\u00fan a mucha\n gente, porque el cambio es peque\u00f1o, pero <strong>a partir del a\u00f1o que viene s\u00ed podr\u00eda hacerlo\u00bb,<\/strong> cuando ya est\u00e9 en 14.000, opina Jos\u00e9 Antonio Mart\u00edn Herrera, vocal del Consejo de de Gestores Administrativos de Madrid.<\/p>\n\n\n\n<p>No en vano, el paro se considera un pagador. Alguien que hubiera \ntrabajado y resultara despedido habr\u00eda percibido su renta, a ojos de \nHacienda, de dos pagadores. \u00abNos han llegado casos de personas que han \nsuperados por poco el l\u00edmite y han tenido que pagar\u00bb.<\/p>\n\n\n\n<h4 class=\"wp-block-heading\">Ya no se podr\u00e1 presentar la declaraci\u00f3n en papel<\/h4>\n\n\n\n<figure><iframe loading=\"lazy\" src=\"https:\/\/www.youtube.com\/embed\/OK1xdM-2QqI?wmode=transparent\" width=\"100%\" height=\"430\"><\/iframe><\/figure>\n\n\n\n<p>A partir de este a\u00f1o <strong>solo se podr\u00e1 presentar la declaraci\u00f3n por v\u00eda electr\u00f3nica o acudiendo a las oficinas<\/strong> f\u00edsicamente. La opci\u00f3n de presentarla <strong>en papel<\/strong>,\n por la que todav\u00eda optaban unas 300.000 personas en Espa\u00f1a seg\u00fan los \ndatos de la propia Agencia Tributaria, queda definitivamente obsoleta. <strong>No se tramitar\u00e1n declaraciones<\/strong> de esta forma y en su lugar habr\u00e1 que recurrir <a href=\"https:\/\/www.agenciatributaria.es\/AEAT.internet\/Renta.shtml\" rel=\"noreferrer noopener\" target=\"_blank\">a la p\u00e1gina web<\/a>, a la aplicaci\u00f3n del tel\u00e9fono m\u00f3vil o al tel\u00e9fono tradicional para pedir cita.<\/p>\n\n\n\n<p>Eso s\u00ed, ser\u00e1 posible imprimir el borrador si deseamos comprobar con \nmayor comodidad los datos que contempla o tambi\u00e9n el documento de pago \nen caso de que nos salga a deber, y con \u00e9l que acudir a la entidad \nbancaria. A partir del 14 de mayo se abre el <strong>periodo presencial en las oficinas de la Agencia Tributaria<\/strong>,\n donde los propios t\u00e9cnicos prestar\u00e1n ayuda a quien la solicite y \nrealizar\u00e1n su declaraci\u00f3n, aunque el interesado deber\u00e1 pedir una cita \nprevia.<\/p>\n\n\n\n<h4 class=\"wp-block-heading\">Ayudas a familias (bastante) numerosas<\/h4>\n\n\n\n<p>Las deducciones para las familias numerosas tambi\u00e9n mejoran en esta campa\u00f1a. Sin embargo, <strong>solo acceder\u00e1n a este beneficio las familias numerosas que tengan, al menos 4 hijos<\/strong>,\n con lo que la mayor\u00eda no podr\u00e1 beneficiarse de esta novedad. De acuerdo\n con los \u00faltimos datos disponibles del Ministerio de Sanidad, Servicios \nSociales e Igualdad, en nuestro pa\u00eds hay 431.570 familias con tres hijos\n y solo 70.311 de cuatro hijos. En cualquier caso, estas familias podr\u00e1n\n beneficiarse de una <strong>deducci\u00f3n adicional de 600 euros al a\u00f1o a partir del cuarto hijo.<\/strong> En este ejercicio, no obstante, solo se aplica de agosto a diciembre, por lo que el m\u00e1ximo deducible ser\u00e1 de 250 euros.<\/p>\n\n\n\n<p>Si de lo que se trata es de tratar de incentivar la natalidad \u00ab<strong>hay otras medidas mucho mejores que la mera fiscalidad\u00bb<\/strong>, explica Mart\u00edn&nbsp;Herrera.\n \u00abEs una ayuda adicional para las familias numerosas\u00bb, pero nadie se va a\n plantear tener m\u00e1s hijos solo por una ayuda fiscal como alguna vez se \nha expuesto, recalca.<\/p>\n\n\n\n<h4 class=\"wp-block-heading\">Consejos de los expertos: \u00abLa declaraci\u00f3n se hace todo el a\u00f1o\u00bb<\/h4>\n\n\n\n<p>Hacer la declaraci\u00f3n resulta a menudo un reto, pero en algunos casos <strong>existe la opci\u00f3n de solicitar ayuda gratuita<\/strong>. Adem\u00e1s del turno presencial para presentar la declaraci\u00f3n, hay <strong>colegios oficiales de gestores ofrecen turnos de oficio<\/strong>. Es el caso, por ejemplo, del de Barcelona o el de Madrid.<\/p>\n\n\n\n<p>\u00abOfrecemos un turno <strong>destinado a colectivos como los parados, jubilados o personas con pocos recursos\u00bb<\/strong>\n que cumplan una serie de requisitos como no tener m\u00e1s de un inmueble \nalquilado si se es propietario o no tener actividades empresariales, \ncomenta el primer vocal del Colegio madrile\u00f1o. El servicio no tiene \nning\u00fan coste para el solicitante, al que <strong>durante media hora los profesionales colegiados le hacen la declaraci\u00f3n<\/strong> frente \u00aba los 10 minutos de media\u00bb que le pueden dedicar en las oficinas de la Agencia Tributaria.<\/p>\n\n\n\n<p>En todo caso, si no nos ayuda un asesor, los <strong>consejos de los expertos pasan por&nbsp;repasar bien todas las circunstancias familiares y personales<\/strong>.\n \u00abSi ha habido alg\u00fan cambio, un nacimiento de un hijo o un divorcio y \natender a todas las posibilidades de deducci\u00f3n que nos ofrece la \nComunidad Aut\u00f3noma de residencia\u00bb porque a veces no est\u00e1n incluidas en \nel borrador, afirma el presidente de Gestha Carlos Cruzado. Adem\u00e1s, <strong>si estamos afiliados a un sindicato,<\/strong> podemos deducirnos ese gasto, pese a que no aparece inicialmente en el borrador por razones de protecci\u00f3n de la intimidad.<\/p>\n\n\n\n<p>\u00abDebemos pensar que la declaraci\u00f3n de la Renta se hace todos los d\u00edas\u00bb porque lo habitual es que \u00ab<strong>nos acordemos cuando sale en las noticias,<\/strong>\n en marzo o abril, y para entonces ya es tarde para modificar nada\u00bb, \nadvierte Mart\u00edn Herrera. De ah\u00ed que este experto fiscalista recomiende <strong>pensar qu\u00e9 nos puede suponer cada operaci\u00f3n<\/strong>\n a la hora de hacer la futura declaraci\u00f3n y dedicarle al proceso el \ntiempo que se merece, revisando bien todos los datos fiscales.<\/p>\n\n\n\n<h4 class=\"wp-block-heading\">Otras novedades<\/h4>\n\n\n\n<p>Junto a las m\u00e1s destacadas, hay otros peque\u00f1os cambios de menor recorrido.<\/p>\n\n\n\n<ul class=\"wp-block-list\"><li><strong>Deducci\u00f3n por c\u00f3nyuge con discapacidad a cargo.<\/strong>  Aunque los presupuestos marcaban una deducci\u00f3n de 100 euros al mes,  1.200 euros al a\u00f1o, en esta campa\u00f1a solo se aplicar\u00e1 a los meses de  agosto y diciembre. Por ello alcanzar\u00e1 un m\u00e1ximo de 500 euros.<\/li><li><strong>Inversi\u00f3n en empresas de nueva creaci\u00f3n.<\/strong>  Aumenta el porcentaje deducible por invertir en empresas de nueva  creaci\u00f3n: pasa del 20% al 30% del importe y de un m\u00e1ximo de 50.000 a  60.000 euros<\/li><li><strong>10% m\u00e1s de deducci\u00f3n a las rentas de Ceuta y Melilla.<\/strong>  La condici\u00f3n fiscal especial de las ciudades aut\u00f3nomas se refuerza. Las  rentas que se hayan obtenido en Ceuta y Melilla tendr\u00e1n una deducci\u00f3n  del 60%. Hasta ahora era del 50%.<\/li><li><strong>El plazo legal para tramitar las devoluciones<\/strong> que resulten a favor de los contribuyentes se extiende hasta final de a\u00f1o.<\/li><li><\/li><\/ul>\n\n\n\n<p><a href=\"https:\/\/cadenaser.com\/autor\/sergio_soto_reguera\/a\/\">Sergio Soto<\/a> Madrid <a href=\"https:\/\/cadenaser.com\/tag\/fecha\/20190402\/\"> <\/a><\/p>\n\n\n\n<ul class=\"wp-block-list\"><li><\/li><\/ul>\n\n\n\n<p><a href=\"https:\/\/cadenaser.com\/ser\/2019\/03\/26\/economia\/1553614566_765724.html\">https:\/\/cadenaser.com\/ser\/2019\/03\/26\/economia\/1553614566_765724.html<\/a><\/p>\n","protected":false},"excerpt":{"rendered":"<p>Comienza la campa\u00f1a de declaraci\u00f3n, que se podr\u00e1 realizar por tel\u00e9fono o internet hasta el&#8230;<\/p>\n","protected":false},"author":1,"featured_media":31173,"comment_status":"closed","ping_status":"closed","sticky":false,"template":"","format":"standard","meta":{"_coblocks_attr":"","_coblocks_dimensions":"","_coblocks_responsive_height":"","_coblocks_accordion_ie_support":"","jetpack_post_was_ever_published":false,"_jetpack_newsletter_access":"","_jetpack_dont_email_post_to_subs":false,"_jetpack_newsletter_tier_id":0,"_jetpack_memberships_contains_paywalled_content":false,"_jetpack_memberships_contains_paid_content":false,"footnotes":"","jetpack_publicize_message":"","jetpack_publicize_feature_enabled":true,"jetpack_social_post_already_shared":false,"jetpack_social_options":{"image_generator_settings":{"template":"highway","default_image_id":0,"enabled":false},"version":2}},"categories":[1161,186,44,15],"tags":[725,4762],"class_list":["post-31171","post","type-post","status-publish","format-standard","has-post-thumbnail","hentry","category-ciudadania","category-instituciones","category-noticias-de-hoy","category-ultimas-noticias","tag-espana","tag-renta-2018"],"jetpack_publicize_connections":[],"jetpack_featured_media_url":"https:\/\/i0.wp.com\/miradordeatarfe.es\/wp-content\/uploads\/2019\/04\/1553614566_765724_1553631632_noticia_normal_recorte1.jpg?fit=1300%2C868&ssl=1","jetpack_likes_enabled":true,"jetpack_sharing_enabled":true,"_links":{"self":[{"href":"https:\/\/miradordeatarfe.es\/index.php?rest_route=\/wp\/v2\/posts\/31171","targetHints":{"allow":["GET"]}}],"collection":[{"href":"https:\/\/miradordeatarfe.es\/index.php?rest_route=\/wp\/v2\/posts"}],"about":[{"href":"https:\/\/miradordeatarfe.es\/index.php?rest_route=\/wp\/v2\/types\/post"}],"author":[{"embeddable":true,"href":"https:\/\/miradordeatarfe.es\/index.php?rest_route=\/wp\/v2\/users\/1"}],"replies":[{"embeddable":true,"href":"https:\/\/miradordeatarfe.es\/index.php?rest_route=%2Fwp%2Fv2%2Fcomments&post=31171"}],"version-history":[{"count":1,"href":"https:\/\/miradordeatarfe.es\/index.php?rest_route=\/wp\/v2\/posts\/31171\/revisions"}],"predecessor-version":[{"id":31172,"href":"https:\/\/miradordeatarfe.es\/index.php?rest_route=\/wp\/v2\/posts\/31171\/revisions\/31172"}],"wp:featuredmedia":[{"embeddable":true,"href":"https:\/\/miradordeatarfe.es\/index.php?rest_route=\/wp\/v2\/media\/31173"}],"wp:attachment":[{"href":"https:\/\/miradordeatarfe.es\/index.php?rest_route=%2Fwp%2Fv2%2Fmedia&parent=31171"}],"wp:term":[{"taxonomy":"category","embeddable":true,"href":"https:\/\/miradordeatarfe.es\/index.php?rest_route=%2Fwp%2Fv2%2Fcategories&post=31171"},{"taxonomy":"post_tag","embeddable":true,"href":"https:\/\/miradordeatarfe.es\/index.php?rest_route=%2Fwp%2Fv2%2Ftags&post=31171"}],"curies":[{"name":"wp","href":"https:\/\/api.w.org\/{rel}","templated":true}]}}