{"id":31179,"date":"2019-04-28T11:21:50","date_gmt":"2019-04-28T09:21:50","guid":{"rendered":"http:\/\/miradordeatarfe.es\/?p=31179"},"modified":"2020-06-26T13:26:03","modified_gmt":"2020-06-26T11:26:03","slug":"au-dessus-de-la-melee-o-por-encima-de-la-trifulca-por-juan-alfredo-bellon","status":"publish","type":"post","link":"https:\/\/miradordeatarfe.es\/?p=31179","title":{"rendered":"AU-DESSUS DE LA MEL\u00c9E (O POR ENCIMA DE LA TRIFULCA) por Juan Alfredo Bell\u00f3n"},"content":{"rendered":"\n<p style=\"text-align:left\"><em><strong>AU-DESSUS DE LA MEL\u00c9E (O POR ENCIMA DE LA TRIFULCA)<\/strong><\/em> <strong>por Juan Alfredo Bell\u00f3n<\/strong> <strong>para EL MIRADOR DE ATARFE<\/strong> <strong>del domingo 28-04-2019<\/strong><\/p>\n\n\n\n<p>Dicen\nlos especialistas <em>en\nru<\/em>gby\n(y tambi\u00e9n en<em>\nf\u00fatbol americano) <\/em>que\nun <em>medio de mel\u00e9e<\/em>\nes el jugador que se especializa en resolver esa disputa contemplada\nen las reglas del <em>juego\n<\/em>que\nse da cuando los miembros de un equipo se agachan y oponen a  los del\ncontrario, achuchando con cabeza, cuello, hombros, tronco, ri\u00f1ones y\npiernas a los del otro equipo, estando el bal\u00f3n (apepinado) en el\nsuelo y tratando de acercarse a su posici\u00f3n hasta conseguir cubrirlo\ny apoderarse de \u00e9l para abrir el juego a los <em>delanteros\n<\/em>y\nseguir avanzando en pases traseros y laterales hasta llegar con el\nbal\u00f3n en las manos a tocar el \u00e1rea final del campo del equipo \ncontrario. \n<\/p>\n\n\n\n<p>\tDe\nesta jugada se obtienen tres puntos para el equipo que logra\n<em>trasformar el\nmarcador y otro punto adicional si el talonador mete el bal\u00f3n\n(pepiniforme, como el coraz\u00f3n de los aficionados del Legan\u00e9s Club\nde F\u00fatbol en su estadio de Butarque) entre los postes altos de la\nporter\u00eda del equipo perdedor en un chut de castigo.<\/em>\nDicho en t\u00e9rminos normales, el rugby consiste en llevar el bal\u00f3n a\npatadas o en las manos hasta tocar el c\u00e9sped del campo contrario\npas\u00e1ndoselo y avanzando en <em>pases\natrasados o en chuts adelantados<\/em>,\ncomo los de Lenin, cuando hablaba de la t\u00e1ctica pol\u00edtica (<em>dos\npasos hacia adelante y uno hacia atr\u00e1s) <\/em>de\nmodo que el adversario no advierta que, en realidad, avanzamos uno\nsin que \u00e9l pueda reaccionar y deshacer as\u00ed a su favor el sentido de\nla <em>trifulca<\/em>.<\/p>\n\n\n\n<p>\tEsto\nquiere decir que, cuando se embrollan los t\u00e9rminos de una disputa,\nlos \u00e1rboles y el ramaje no dejan ver el bosque y sale ganando quien\nsabe y puede levantar la mirada para contemplar el sentido general de\nlas contradicciones aparentemente indisolubles que solo conseguir\u00e1\nresolverse en la medida en que las oposiciones principales (las que\ntienden a avanzar y a no retroceder) se impongan a las secundarias.<\/p>\n\n\n\n<p>\n\tViene esto a cuento de los reci\u00e9n celebrados debates preelectorales\nentre los cuatro l\u00edderes pol\u00edticos mejor valorados de nuestro\nsistema de cara a las Elecciones Generales de hoy, 28 de abril de los\npresentes, sobre las que tanto se viene especulando por tierra, mar y\naire de los medios de comunicaci\u00f3n.<\/p>\n\n\n\n<p>\n\tHoy se abre y se cierra el mel\u00f3n electoral a partir de las 20 horas\ny se conoce qui\u00e9nes ganan la partida y hegemonizan la izquierda o la\nderecha formando un gobierno mayoritario, si alcanzan (solos o en\ncompa\u00f1\u00eda de otros) ese fin antes del cual se est\u00e1n multiplicando\nlas turbulencias y las maniobras de despiste y los movimientos de\nefecto y desestabilizaci\u00f3n, como la <em>tocata y fuga <\/em>y posterior\npaso a Ciudadanos del sucesor de Cristina Cifuentes, \u00c1ngel Garrido\nque, advertido por alguien de la trensa de que se la iban a jugar los\ndel PP a sus espaldas, abandona las candidaturas Europeas de los\nPopulares casi sin avisar y engrosa las de Ciudadanos evidenciando la\ndebilidad y volatilidad de ambas formaciones que pugnan con Vox por\nhegemonizar un bloque de la derecha que ya tiene bastante ayuda con\nla que aporta Aznar con sus bravuconadas sobre la merienda que \u00e9l se\npreparar\u00eda con sus contrincantes, si  tuviera que realizar  esa\nlabor, olvidando c\u00f3mo perdi\u00f3 el poder a manos de Zapatero, cuando\nla gente castig\u00f3 sus mentiras sobre el 11 Marzo y lo envi\u00f3 a su\ncasa bochornosamente, a  fuerza de votos democr\u00e1ticos. \u00bfHabr\u00e1 que\nser mequetrefe? Todav\u00eda sigue ganando amigos con esa jeta que se le\nqued\u00f3 cuando perdi\u00f3 las elecciones y la poca credibilidad que le\nquedaba, que era poqu\u00edsima, y todav\u00eda le sobra verg\u00fcenza y\nprepotencia para dar lecciones a los dem\u00e1s, c\u00f3mo si no hubiera\npasado nada y no fuera la cosa con semejante botarate.<\/p>\n\n\n\n<p>\n\tPor eso, hoy votar\u00e9 con todo el sentido \u00e9tico, c\u00edvico y\nprogresista de los que dispongo y celebrar\u00e9 con familiares y amigos\nesta nueva fiesta del Laicismo para que se profundicen los valores\ninherentes en esta Constituci\u00f3n de la Libertad, la Igualdad, la\nSolidaridad, la Paz y la Democracia. \u00a1Viva la Espa\u00f1a m\u00e1s plural y\nla Constituci\u00f3n que la soporta, viva la Espa\u00f1a republicana y la\nPepa, y viva la madre que nos pari\u00f3!  \n<\/p>\n","protected":false},"excerpt":{"rendered":"<p>AU-DESSUS DE LA MEL\u00c9E (O POR ENCIMA DE LA TRIFULCA) por Juan Alfredo Bell\u00f3n para&#8230;<\/p>\n","protected":false},"author":1,"featured_media":31180,"comment_status":"closed","ping_status":"closed","sticky":false,"template":"","format":"standard","meta":{"_coblocks_attr":"","_coblocks_dimensions":"","_coblocks_responsive_height":"","_coblocks_accordion_ie_support":"","jetpack_post_was_ever_published":false,"_jetpack_newsletter_access":"","_jetpack_dont_email_post_to_subs":false,"_jetpack_newsletter_tier_id":0,"_jetpack_memberships_contains_paywalled_content":false,"_jetpack_memberships_contains_paid_content":false,"footnotes":"","jetpack_publicize_message":"","jetpack_publicize_feature_enabled":true,"jetpack_social_post_already_shared":false,"jetpack_social_options":{"image_generator_settings":{"template":"highway","default_image_id":0,"enabled":false},"version":2}},"categories":[1161,186,36,9,44,15],"tags":[104,171],"class_list":["post-31179","post","type-post","status-publish","format-standard","has-post-thumbnail","hentry","category-ciudadania","category-instituciones","category-opinion-de-juan-alfredo-bellon","category-medio-ambiente","category-noticias-de-hoy","category-ultimas-noticias","tag-democracia","tag-elecciones"],"jetpack_publicize_connections":[],"jetpack_featured_media_url":"https:\/\/i0.wp.com\/miradordeatarfe.es\/wp-content\/uploads\/2019\/04\/images.jpeg?fit=278%2C181&ssl=1","jetpack_likes_enabled":true,"jetpack_sharing_enabled":true,"_links":{"self":[{"href":"https:\/\/miradordeatarfe.es\/index.php?rest_route=\/wp\/v2\/posts\/31179","targetHints":{"allow":["GET"]}}],"collection":[{"href":"https:\/\/miradordeatarfe.es\/index.php?rest_route=\/wp\/v2\/posts"}],"about":[{"href":"https:\/\/miradordeatarfe.es\/index.php?rest_route=\/wp\/v2\/types\/post"}],"author":[{"embeddable":true,"href":"https:\/\/miradordeatarfe.es\/index.php?rest_route=\/wp\/v2\/users\/1"}],"replies":[{"embeddable":true,"href":"https:\/\/miradordeatarfe.es\/index.php?rest_route=%2Fwp%2Fv2%2Fcomments&post=31179"}],"version-history":[{"count":1,"href":"https:\/\/miradordeatarfe.es\/index.php?rest_route=\/wp\/v2\/posts\/31179\/revisions"}],"predecessor-version":[{"id":31181,"href":"https:\/\/miradordeatarfe.es\/index.php?rest_route=\/wp\/v2\/posts\/31179\/revisions\/31181"}],"wp:featuredmedia":[{"embeddable":true,"href":"https:\/\/miradordeatarfe.es\/index.php?rest_route=\/wp\/v2\/media\/31180"}],"wp:attachment":[{"href":"https:\/\/miradordeatarfe.es\/index.php?rest_route=%2Fwp%2Fv2%2Fmedia&parent=31179"}],"wp:term":[{"taxonomy":"category","embeddable":true,"href":"https:\/\/miradordeatarfe.es\/index.php?rest_route=%2Fwp%2Fv2%2Fcategories&post=31179"},{"taxonomy":"post_tag","embeddable":true,"href":"https:\/\/miradordeatarfe.es\/index.php?rest_route=%2Fwp%2Fv2%2Ftags&post=31179"}],"curies":[{"name":"wp","href":"https:\/\/api.w.org\/{rel}","templated":true}]}}