{"id":31182,"date":"2019-04-28T16:55:31","date_gmt":"2019-04-28T14:55:31","guid":{"rendered":"http:\/\/miradordeatarfe.es\/?p=31182"},"modified":"2022-02-12T12:38:28","modified_gmt":"2022-02-12T11:38:28","slug":"la-que-se-avecina-en-atletismo-atarfe","status":"publish","type":"post","link":"https:\/\/miradordeatarfe.es\/?p=31182","title":{"rendered":"LA QUE SE AVECINA EN ATLETISMO ATARFE.-"},"content":{"rendered":"\n<p><br \/> La que se avecina LQSA es una serie destinada a un p\u00fablico sobre todo juvenil y adulto que se caracteriza por ironizar con humor negro las relaciones de convivencia entre los vecinos de una comunidad a trav\u00e9s de las historias y situaciones surrealistas que les suceden a sus protagonistas. En ATLETISMO ATARFE las relaciones de convivencia entre sus miembros distan mucho del humor negro y no dan para iron\u00edas pero s\u00ed que es muy importante estar atento a lo que se nos avecina a partir de este par\u00e9ntesis competitivo que ha supuesto la Semana Santa.  <br \/> Vamos a dar un repaso de las principales citas que tenemos desde ahora hasta el verano presentando en esta ocasi\u00f3n a nuestros equipos Sub 10 y Sub 12 para en pr\u00f3ximas entregas centrarnos en el resto de categor\u00edas.  <br \/> L@s atletas Sub 10 tienen su cita m\u00e1s emblem\u00e1tica el pr\u00f3ximo d\u00eda 11 de mayo con la final del Circuito Provincial de Pista \u201cN\u00fa\u00f1ez Blanca\u201d en Guadix a la que se habr\u00e1n ganado su derecho a participar los clasificados entre los 16 mejores en las fases previas disputadas en el estadio de La Juventud y en Almu\u00f1ecar y que hasta la fecha de escribir estas p\u00e1ginas aun no han salido publicadas las listas definitivas. En velocidad habr\u00e1 que estar atentos a las evoluciones de Samuel Garc\u00eda Rodr\u00edguez que acude con una marca de 8.43 entre los cinco mejores. Rozando la frontera de los 9 segundos tenemos a Ibrahim El Haitali Laguna (9.01) y David Mar\u00edn Aranda (9.12) ambos en clara progresi\u00f3n. Tendr\u00e1n que esperar confirmaci\u00f3n de participaci\u00f3n los Sub 9.50 como Alejandro L\u00f3pez Garc\u00eda (9.35) y  Jorge Mesa Escobar (9.36).  <br \/> En Fondo Samuel Garc\u00eda Rodr\u00edguez ostenta el liderato con las dos mejores marcas de la previa (3.45 y 3.47) y nuestro otro Sub 4, Alejandro L\u00f3pez (3.58) tiene la participaci\u00f3n asegurada. Pendientes de invitaci\u00f3n quedan Ibrahim El Haitali (4.00) y Adri\u00e1n Huertas (4.02).  <br \/> Por su parte, Alejandro Bol\u00edvar Segovia, Jos\u00e9 Manzano Vaquero y David Hurtado S\u00e1nchez quedan pendientes de recibir una wildcard m\u00e1s que merecida. <br \/> En ni\u00f1as Julia Fuentes Escobar debe estar entre las mejores velocistas con sus 10.40.    <br \/> Adem\u00e1s nuestros sub 10 seguir\u00e1n participando en controles federativos as\u00ed como en pruebas populares en ruta destacando la celebraci\u00f3n en nuestra localidad de una etapa de la Liga Provincial de Milla all\u00e1 por el mes de julio.  <br \/> Se echa en falta la presencia de m\u00e1s ni\u00f1as en esta categor\u00eda, ausencia que esperemos pronto se resuelva.  <br \/> En categor\u00edas Sub 12 y Sub 14 los atletas abrir\u00e1n fuego con el Campeonato Provincial que se desarrollar\u00e1 en dos jornadas, la primera el pr\u00f3ximo fin de semana en Almu\u00f1\u00e9car y la segunda el 4 de mayo en el Zaid\u00edn. Estas pruebas son abiertas a todo aqu\u00e9l que desee participar y ser\u00e1n una buena oportunidad para conseguir las marcas que les permitan asistir al Campeonato de Andaluc\u00eda Oriental Individual que tendr\u00e1n lugar los d\u00edas 26 de mayo (Sub 14) y 1 de junio (Sub 12) en sedes pendientes de confirmaci\u00f3n. Esta competici\u00f3n se desarrolla en la modalidad de triatl\u00f3n existiendo cinco versiones diferentes (A: 60\/80 m.l.-60\/80 m.v.-peso; B: 1000-longitud-jabalina; C: 60\/80 m.v.altura-longitud; D: 60\/80 m.l.-peso-disco; E: Marcha-60\/80 m.l.-jabalina) y clasificar\u00e1n las 16 mejores marcas de atletas de Granada, Almer\u00eda, M\u00e1laga y Ja\u00e9n, pudi\u00e9ndose <br \/> acreditarse las marcas obtenidas independientemente de la fecha y lugar de consecuci\u00f3n.       <br \/> A nivel colectivo celebrar\u00e1n su Campeonato Auton\u00f3mico de Clubes y Relevos (4&#215;60\/80) el 15 de junio l@s Sub 12 y los Sub 14 el 8 de junio sin que hasta la fecha se hayan confirmado las sedes. <br \/> Esta competici\u00f3n es quiz\u00e1 la m\u00e1s importante para ATLETISMO ATARFE en estas categor\u00edas pues exige la presentaci\u00f3n de equipos compuestos al menos por 6 atletas que disputar\u00e1n 12 pruebas (5 carreras, 4 lanzamientos y 3 saltos) m\u00e1s el relevo (si bien al relevo se pueden presentar equipos aunque no se asista al campeonato con equipo completo), aut\u00e9ntico examen para clubes peque\u00f1os como el nuestro debiendo ser nuestro objetivo de la temporada. <br \/> Nuestros equipos Sub 12 est\u00e1n m\u00e1s que motivados para hacer una gran campa\u00f1a. Las chicas tienen un motivante conjunto donde prima la igualdad y la complicidad siendo uno de los equipos m\u00e1s compactos que podemos presentar.  <br \/> Presentamos hoy al equipo Sub 12 femenino y en pr\u00f3ximas entregas haremos lo propio con el resto de conjuntos.   <br \/> Alejandra Herrera se decanta m\u00e1s por el medio fondo donde acredita 1.40.75 y 3.54.02 en 500 y 1000 respectivamente aunque puede echar una mano en velocidad (10.39), longitud (2.97) e incluso en marcha (12.52). El triatl\u00f3n B podr\u00eda ser un buen objetivo. <br \/> Elena Lucena Ruiz es una decatleta que domina todos los palos siendo capaz de bajar de 10 en 60 (9.87), saltar m\u00e1s de 3 en longitud (3.24), rozar los 12 segundos en vallas (12.11) y los 3.50 en peso (3.43) y si hiciera falta te corre largo (1.50 en 500) o te hace la marcha (13.56), un aut\u00e9ntico lujo para cualquier equipo que va a hacerlo bien all\u00e1 donde la ponga. Adem\u00e1s gracias a su versatilidad seguro que clasifica para el auton\u00f3mico de triatl\u00f3n en m\u00e1s de una modalidad.    <br \/> Elisabeth L\u00f3pez Lafuente es otro baluarte del equipo, atleta que ha alcanzado los 3 metros justos en longitud y compagina bien la velocidad (10.43) con el largo aliento (1.49 y 4.04), adem\u00e1s como sus compa\u00f1eras se defiende en marcha (13.39). Otro comod\u00edn para el equipo t\u00e9cnico y que bien podr\u00eda luchar por un puesto en triatl\u00f3n.  <br \/> Carolina Lozano Alejo, atleta combinera por tradici\u00f3n familiar que destaca en vallas (11.85) y peso (4.78), adem\u00e1s en altura est\u00e1 acariciando el metro (0.95) y cerca de los 10 segundos en 60 (10.20). Opta a clasificarse en pr\u00e1cticamente todos los triatlones.   <br \/> Leire P\u00e9rez Cano, gran refuerzo para el club que tambi\u00e9n toca todos los palos, es r\u00e1pida (10.58), resistente (1.57 en 500), fuerte (4.47 en peso) y marchosa (14.37), habr\u00e1 que subirle la cl\u00e1usula de rescisi\u00f3n para evitar le lluevan las ofertas.   <br \/> Mar\u00eda \u00c1ngeles Fern\u00e1ndez Requena contin\u00faa la saga familiar habiendo bajado ya con suficiencia de los 4 minutos en 1000 (3.53) si bien es una chica valiente que se ha atrevido con la p\u00e9rtiga (2.58).  <br \/> Siguiendo con la planificaci\u00f3n de la temporada nos centramos ahora en las categor\u00edas Sub 16 en adelante donde la temporada pasa por aprovechar los diferentes controles federativos que se ir\u00e1n organizando para intentar hacer la m\u00ednima de participaci\u00f3n para los Campeonatos de Andaluc\u00eda y de Espa\u00f1a y por qu\u00e9 no pensar que por primera vez podamos tener a alg\u00fan atleta vistiendo la el\u00e1stica de la \u201croja\u201d en alguna de las competiciones internacionales que se disputar\u00e1n este verano. <br \/> En Sub 16, las grandes citas ser\u00e1n el Campeonato de Andaluc\u00eda previsto para el 9 de junio y el de Espa\u00f1a del 6 y 7 de julio en Gij\u00f3n. Si este invierno ATLETISMO ATARFE ha mandado dos atletas al nacional en pista cubierta de Sabadell seguro que este verano repetimos en Asturias. Adem\u00e1s el 23 de junio se disputa el Nacional de Clubes donde podremos tener representaci\u00f3n con Alex Vico en las filas del Nerja. Y no hay que olvidar el Campeonato de Espa\u00f1a de Federaciones Auton\u00f3micas del 15 y 16 de junio donde ser\u00eda un exitazo meter a alg\u00fan atleta. <br \/> Nuestr@s sub 16 con m\u00e1s posibilidades ser\u00e1n Alex Vico, David Hern\u00e1ndez, Adri\u00e1n L\u00f3pez Lafuente, Pablo Lozano, \u00c1ngel Torres, Laura Aguilera o Marie N\u00f6elle Tortosa.   En categor\u00eda Sub 18 el andaluz est\u00e1 previsto para el 25 de mayo y el nacional en Castell\u00f3n el 22 y 23 de junio. Antes se disputar\u00e1 el Andaluz de clubes el s\u00e1bado que viene (27 de abril en M\u00e1laga) donde al menos tendremos un atleta con Manuel Jim\u00e9nez seguramente en 3000 y el 18 de mayo el nacional de clubes donde podr\u00eda repetir Manuel. M\u00e1s dif\u00edcil ser\u00e1 ganarse el puesto para el de Espa\u00f1a de Autonom\u00edas a celebrar el 8 de junio. G <br \/> En esta categor\u00eda nuestras velocistas Celia Martin y Elena Maroto, Antonio Pe\u00f1a y Carlos Franquelo, el pesista David Gonz\u00e1lez y los fondistas Manuel Jim\u00e9nez y Jes\u00fas Zamora luchar\u00e1n por llegar lo m\u00e1s lejos posible.  <br \/> En Sub 20 contamos \u00fanicamente con cuatro fichas federativas, la de Marcos Fern\u00e1ndez Requena representando a Atletismo Atarfe m\u00e1s la de Pablo Mart\u00edn y Jaime Vico fichados por el Nerja y Ra\u00fal Castillo por el Motril. Su campeonato auton\u00f3mico ser\u00e1 el 29 de junio y el nacional el 6 y 7 de julio en Granollers. En todo caso este s\u00e1bado pr\u00f3ximo se disputa el andaluz de clubes donde seguro estar\u00e1 Ra\u00fal Castillo.   <br \/> Por su parte, nuestro Senior Jos\u00e9 Antonio Justicia Ruiz comienza el d\u00eda 5 de mayo con el Campeonato Andaluz de Fondo en Ruta que se disputar\u00e1 en Salobre\u00f1a coincidiendo con la Prueba de Fondo del Circuito Provincial, asistir al Andaluz de pista est\u00e1 m\u00e1s dif\u00edcil vistas las m\u00ednimas que se han previsto.  <br \/> Adem\u00e1s de estos campeonatos nuestros atletas podr\u00e1n asistir a los diferentes m\u00edtines que se organizan cerca de nuestro pueblo como el S\u00e1nchez Vargas en junio en el Estadio de la Juventud, el memorial Francisco Ram\u00f3n Higueras &#8211; Ja\u00e9n Paraiso Interior- el 7 de junio en Andujar (Ja\u00e9n) y el 21 de junio el Meeting Iberoamericano de Huelva.  <br \/> En cuanto a nuestros veteranos continuar\u00e1n disfrutando del Circuito Provincial de Fondo con pr\u00f3ximas citas en la ya comentada de Salobre\u00f1a, citas de mayo para el 12 en \u00d3rgiva y el 25 en Hu\u00e9tor Tajar, en Junio el 16 en D\u00farcal y el 30 en Hu\u00e9scar. En julio \u00fanicamente Og\u00edjares el d\u00eda 7 para pasar a septiembre con Guadix el 15 y el 29 en Almu\u00f1\u00e9car para terminar en octubre el 6 en Trev\u00e9lez y 20 en Santa Fe. <br \/> Finalizamos recordando que se seguir\u00e1 disputando la Liga Provincial de Millas con citas en G\u00f3jar (4 de mayo), Otura (18 de mayo), Alhama de Granada (1 de junio), Fornes (22 de junio), Atarfe (13 julio), Peligros (19 julio) y Santa Fe (27 de julio).  <\/p>\n\n\n\n<ul class=\"wp-block-gallery columns-3 is-cropped wp-block-gallery-1 is-layout-flex wp-block-gallery-is-layout-flex\"><li class=\"blocks-gallery-item\"><figure><img data-recalc-dims=\"1\" loading=\"lazy\" decoding=\"async\" width=\"204\" height=\"354\" src=\"https:\/\/i0.wp.com\/miradordeatarfe.es\/wp-content\/uploads\/2019\/04\/carolina-lozano.jpg?resize=204%2C354&#038;ssl=1\" alt=\"\" data-id=\"31183\" data-link=\"https:\/\/miradordeatarfe.es\/?attachment_id=31183\" class=\"wp-image-31183\" srcset=\"https:\/\/i0.wp.com\/miradordeatarfe.es\/wp-content\/uploads\/2019\/04\/carolina-lozano.jpg?w=204&amp;ssl=1 204w, https:\/\/i0.wp.com\/miradordeatarfe.es\/wp-content\/uploads\/2019\/04\/carolina-lozano.jpg?resize=173%2C300&amp;ssl=1 173w\" sizes=\"auto, (max-width: 204px) 100vw, 204px\" \/><\/figure><\/li><li class=\"blocks-gallery-item\"><figure><img data-recalc-dims=\"1\" loading=\"lazy\" decoding=\"async\" width=\"444\" height=\"525\" src=\"https:\/\/i0.wp.com\/miradordeatarfe.es\/wp-content\/uploads\/2019\/04\/elena-lucena1.jpg?resize=444%2C525&#038;ssl=1\" alt=\"\" data-id=\"31184\" data-link=\"https:\/\/miradordeatarfe.es\/?attachment_id=31184\" class=\"wp-image-31184\" srcset=\"https:\/\/i0.wp.com\/miradordeatarfe.es\/wp-content\/uploads\/2019\/04\/elena-lucena1.jpg?w=444&amp;ssl=1 444w, https:\/\/i0.wp.com\/miradordeatarfe.es\/wp-content\/uploads\/2019\/04\/elena-lucena1.jpg?resize=254%2C300&amp;ssl=1 254w\" sizes=\"auto, (max-width: 444px) 100vw, 444px\" \/><\/figure><\/li><li class=\"blocks-gallery-item\"><figure><img data-recalc-dims=\"1\" loading=\"lazy\" decoding=\"async\" width=\"640\" height=\"1007\" src=\"https:\/\/i0.wp.com\/miradordeatarfe.es\/wp-content\/uploads\/2019\/04\/elisabeth.jpg?resize=640%2C1007&#038;ssl=1\" alt=\"\" data-id=\"31185\" data-link=\"https:\/\/miradordeatarfe.es\/?attachment_id=31185\" class=\"wp-image-31185\" srcset=\"https:\/\/i0.wp.com\/miradordeatarfe.es\/wp-content\/uploads\/2019\/04\/elisabeth.jpg?resize=651%2C1024&amp;ssl=1 651w, https:\/\/i0.wp.com\/miradordeatarfe.es\/wp-content\/uploads\/2019\/04\/elisabeth.jpg?resize=191%2C300&amp;ssl=1 191w, https:\/\/i0.wp.com\/miradordeatarfe.es\/wp-content\/uploads\/2019\/04\/elisabeth.jpg?resize=768%2C1208&amp;ssl=1 768w, https:\/\/i0.wp.com\/miradordeatarfe.es\/wp-content\/uploads\/2019\/04\/elisabeth.jpg?resize=600%2C944&amp;ssl=1 600w, https:\/\/i0.wp.com\/miradordeatarfe.es\/wp-content\/uploads\/2019\/04\/elisabeth.jpg?w=815&amp;ssl=1 815w\" sizes=\"auto, (max-width: 640px) 100vw, 640px\" \/><\/figure><\/li><li class=\"blocks-gallery-item\"><figure><img data-recalc-dims=\"1\" loading=\"lazy\" decoding=\"async\" width=\"270\" height=\"523\" src=\"https:\/\/i0.wp.com\/miradordeatarfe.es\/wp-content\/uploads\/2019\/04\/leire.jpg?resize=270%2C523&#038;ssl=1\" alt=\"\" data-id=\"31186\" data-link=\"https:\/\/miradordeatarfe.es\/?attachment_id=31186\" class=\"wp-image-31186\" srcset=\"https:\/\/i0.wp.com\/miradordeatarfe.es\/wp-content\/uploads\/2019\/04\/leire.jpg?w=270&amp;ssl=1 270w, https:\/\/i0.wp.com\/miradordeatarfe.es\/wp-content\/uploads\/2019\/04\/leire.jpg?resize=155%2C300&amp;ssl=1 155w\" sizes=\"auto, (max-width: 270px) 100vw, 270px\" \/><\/figure><\/li><li class=\"blocks-gallery-item\"><figure><img data-recalc-dims=\"1\" loading=\"lazy\" decoding=\"async\" width=\"614\" height=\"1024\" src=\"https:\/\/i0.wp.com\/miradordeatarfe.es\/wp-content\/uploads\/2019\/04\/maria-angeles.jpg?resize=614%2C1024&#038;ssl=1\" alt=\"\" data-id=\"31187\" data-link=\"https:\/\/miradordeatarfe.es\/?attachment_id=31187\" class=\"wp-image-31187\" srcset=\"https:\/\/i0.wp.com\/miradordeatarfe.es\/wp-content\/uploads\/2019\/04\/maria-angeles.jpg?resize=614%2C1024&amp;ssl=1 614w, https:\/\/i0.wp.com\/miradordeatarfe.es\/wp-content\/uploads\/2019\/04\/maria-angeles.jpg?resize=180%2C300&amp;ssl=1 180w, https:\/\/i0.wp.com\/miradordeatarfe.es\/wp-content\/uploads\/2019\/04\/maria-angeles.jpg?resize=768%2C1280&amp;ssl=1 768w, https:\/\/i0.wp.com\/miradordeatarfe.es\/wp-content\/uploads\/2019\/04\/maria-angeles.jpg?resize=600%2C1000&amp;ssl=1 600w, https:\/\/i0.wp.com\/miradordeatarfe.es\/wp-content\/uploads\/2019\/04\/maria-angeles.jpg?w=787&amp;ssl=1 787w\" sizes=\"auto, (max-width: 614px) 100vw, 614px\" \/><\/figure><\/li><\/ul>\n","protected":false},"excerpt":{"rendered":"<p>La que se avecina LQSA es una serie destinada a un p\u00fablico sobre todo juvenil&#8230;<\/p>\n","protected":false},"author":1,"featured_media":0,"comment_status":"closed","ping_status":"closed","sticky":false,"template":"","format":"standard","meta":{"_coblocks_attr":"","_coblocks_dimensions":"","_coblocks_responsive_height":"","_coblocks_accordion_ie_support":"","jetpack_post_was_ever_published":false,"_jetpack_newsletter_access":"","_jetpack_dont_email_post_to_subs":false,"_jetpack_newsletter_tier_id":0,"_jetpack_memberships_contains_paywalled_content":false,"_jetpack_memberships_contains_paid_content":false,"footnotes":"","jetpack_publicize_message":"","jetpack_publicize_feature_enabled":true,"jetpack_social_post_already_shared":false,"jetpack_social_options":{"image_generator_settings":{"template":"highway","default_image_id":0,"enabled":false},"version":2}},"categories":[2,182,186,6915,44,15],"tags":[81,85,123],"class_list":["post-31182","post","type-post","status-publish","format-standard","hentry","category-atarfe","category-deportes","category-instituciones","category-opinion-de-manuel-jimenez","category-noticias-de-hoy","category-ultimas-noticias","tag-atarfe","tag-atletismo","tag-deportes"],"jetpack_publicize_connections":[],"jetpack_featured_media_url":"","jetpack_likes_enabled":true,"jetpack_sharing_enabled":true,"_links":{"self":[{"href":"https:\/\/miradordeatarfe.es\/index.php?rest_route=\/wp\/v2\/posts\/31182","targetHints":{"allow":["GET"]}}],"collection":[{"href":"https:\/\/miradordeatarfe.es\/index.php?rest_route=\/wp\/v2\/posts"}],"about":[{"href":"https:\/\/miradordeatarfe.es\/index.php?rest_route=\/wp\/v2\/types\/post"}],"author":[{"embeddable":true,"href":"https:\/\/miradordeatarfe.es\/index.php?rest_route=\/wp\/v2\/users\/1"}],"replies":[{"embeddable":true,"href":"https:\/\/miradordeatarfe.es\/index.php?rest_route=%2Fwp%2Fv2%2Fcomments&post=31182"}],"version-history":[{"count":2,"href":"https:\/\/miradordeatarfe.es\/index.php?rest_route=\/wp\/v2\/posts\/31182\/revisions"}],"predecessor-version":[{"id":52291,"href":"https:\/\/miradordeatarfe.es\/index.php?rest_route=\/wp\/v2\/posts\/31182\/revisions\/52291"}],"wp:attachment":[{"href":"https:\/\/miradordeatarfe.es\/index.php?rest_route=%2Fwp%2Fv2%2Fmedia&parent=31182"}],"wp:term":[{"taxonomy":"category","embeddable":true,"href":"https:\/\/miradordeatarfe.es\/index.php?rest_route=%2Fwp%2Fv2%2Fcategories&post=31182"},{"taxonomy":"post_tag","embeddable":true,"href":"https:\/\/miradordeatarfe.es\/index.php?rest_route=%2Fwp%2Fv2%2Ftags&post=31182"}],"curies":[{"name":"wp","href":"https:\/\/api.w.org\/{rel}","templated":true}]}}