{"id":31193,"date":"2019-04-29T11:22:26","date_gmt":"2019-04-29T09:22:26","guid":{"rendered":"http:\/\/miradordeatarfe.es\/?p=31193"},"modified":"2021-05-21T20:00:48","modified_gmt":"2021-05-21T18:00:48","slug":"el-ies-iliberis-presenta-el-libro-conmemorativo-de-su-50-aniversario","status":"publish","type":"post","link":"https:\/\/miradordeatarfe.es\/?p=31193","title":{"rendered":"El IES Il\u00edberis presenta el libro conmemorativo de su 50 aniversario"},"content":{"rendered":"\n<h4 class=\"wp-block-heading\">\nEl acto ha estado presidido por el director del IES Il\u00edberis, \nAntonio Mar\u00eda L\u00f3pez Oca\u00f1a, y en \u00e9l han participado exprofesores y \ncolaboradores. Ha contado con la presencia del alcalde de Atarfe, \nFrancisco Rodr\u00edguez Quesada, la concejala de Educaci\u00f3n y Cultura, \nFabiola Garc\u00eda Montijano, y el delegado del Gobierno andaluz, Pablo \nGarc\u00ed\n\n<\/h4>\n\n\n\n<p>El <strong>IES Il\u00edberis<\/strong> ha presentado hoy en el Centro \nCultural Medina Elvira un libro conmemorativo con motivo de su 50 \naniversario, donde se recoge la evoluci\u00f3n del instituto de Atarfe como \n\u00abcentro de referencia en la formaci\u00f3n de cinco generaciones de alumnos \nde los pueblos la comarca de la vega granadina\u00bb.<\/p>\n\n\n\n<p>Entre los alumnos que han acudido a la presentaci\u00f3n y que hoy son \nrepresentantes p\u00fablicos al frente de distintas administraciones se \nencontraban el alcalde de Atarfe, <strong>Francisco Rodr\u00edguez Quesada<\/strong>, la concejala de Educaci\u00f3n y Cultura, <strong>Fabiola Garc\u00eda Montijano<\/strong>, y el delegado del Gobierno andaluz en Granada, <strong>Pablo Garc\u00eda<\/strong>.<\/p>\n\n\n\n<p>El acto ha estado presidido por el director del IES Il\u00edberis, <strong>Antonio Mar\u00eda L\u00f3pez Oca\u00f1a<\/strong>, y en \u00e9l han participado exprofesores y colaboradores que han hecho posible el libro, entre ellos <strong>Pedro Ruiz-Cabello<\/strong>, <strong>Jos\u00e9 Enrique Granados Torres<\/strong>, <strong>Juan Ca\u00f1adas Baldr\u00e9s<\/strong>, <strong>Francisco Rodr\u00edguez Escudero<\/strong>&nbsp;y <strong>Jos\u00e9 Vaquero S\u00e1nchez<\/strong>; y tambi\u00e9n los alumnos <strong>Luc\u00eda Moyano Cano<\/strong> y <strong>Sergio Granados Moreno<\/strong>, que se han encargado de la presentaci\u00f3n, y la estudiante <strong>Yuriana Quintero de la Osa<\/strong>, protagonista de la parte musical.<\/p>\n\n\n\n<p>Entre el p\u00fablico, en su mayor\u00eda alumnado del instituto, tambi\u00e9n han \nestado presentes representantes de la comunidad educativa de Atarfe y \nlos concejales <strong>Rosa F\u00e9lix<\/strong>, <strong>Trinidad Rodr\u00edguez<\/strong> y<strong> Antonio Lucena<\/strong>.<\/p>\n\n\n\n<p>El director <strong>Antonio Mar\u00eda L\u00f3pez Oca\u00f1a<\/strong> ha explicado \nque la publicaci\u00f3n pretende ser un \u00abhomenaje\u00bb a cinco generaciones de \nalumnos y profesores que pasaron por sus aulas a lo largo de 50 a\u00f1os, un\n periodo en el que, seg\u00fan subray\u00f3, \u00abse ha apostado por la educaci\u00f3n\u00bb.<\/p>\n\n\n\n<p>El delegado del Gobierno andaluz, <strong>Pablo Garc\u00eda<\/strong>, ha \nrecordado el periodo en el que curs\u00f3 bachillerato en el instituto entre \nlos a\u00f1os 1987-1991, \u201ca\u00f1os que me marcaron como persona\u201d record\u00e1ndolo \ncomo un lugar en donde \u201cme inculcaron valores de esfuerzo, de \nsuperaci\u00f3n, de trabajo\u201d.<\/p>\n\n\n\n<p>Por su parte, la concejala de Educaci\u00f3n y Cultura, <strong>Fabiola Garc\u00eda Montijano<\/strong>,\n se ha mostrado agradecida por participar como responsable p\u00fablica en \nlos actos conmemorativos del centro en el que curs\u00f3 sus estudios, y ha \nanimado a los alumnos a \u00abaprovechar la etapa de estudio para aprender a \nser mejores personas porque el futuro depende de vosotros y ten\u00e9is la \nresponsabilidad de hacerlo posible\u00bb.<\/p>\n\n\n\n<p>A continuaci\u00f3n, los exprofesores y colaboradores de la publicaci\u00f3n \nhan desgranado el contenido del libro conmemorativo en el que figuran \ntodos los directores que han pasado por el IES Il\u00edberis en los \u00faltimos \n50 a\u00f1os, adem\u00e1s de incluir un cap\u00edtulo sobre la historia de la ciudad \nIl\u00edberis, las etapas m\u00e1s significativas del instituto, un&nbsp;art\u00edculo sobre\n los retos del futuro y una recopilaci\u00f3n de fotograf\u00edas hist\u00f3ricas, \nmuchas de ellas cedidas por antiguos alumnos o que forman parte del \narchivo del centro, entre ellas la imagen del acto de inauguraci\u00f3n del \ncentro al que asisti\u00f3 <strong>Federico Mayor Zaragoza<\/strong>, entonces rector de la Universidad de Granada.<br \/> <br \/>La presentaci\u00f3n del libro se ha cerrado&nbsp;con la lectura de poemas y pasajes de la obra de Federico Garc\u00eda Lorca a cargo de <strong>Francisco Vaquero S\u00e1nchez<\/strong>, alguno de ellos cantado por&nbsp;<strong>Mar\u00eda del Carmen Parrizas<\/strong>.<\/p>\n\n\n\n<p><em>Foto\u00a0J.M.\u00a0Grimaldi-Oficina\u00a0de\u00a0Prensa\u00a0Delegaci\u00f3n\u00a0del\u00a0Gobierno\u00a0de\u00a0la\u00a0Junta\u00a0de\u00a0Andaluc\u00eda<\/em><\/p>\n\n\n\n<p><a href=\"http:\/\/www.atarfe.es\/presentacion-libro-ies-iliberis-atarfe\">http:\/\/www.atarfe.es\/presentacion-libro-ies-iliberis-atarfe<\/a><\/p>\n","protected":false},"excerpt":{"rendered":"<p>El acto ha estado presidido por el director del IES Il\u00edberis, Antonio Mar\u00eda L\u00f3pez Oca\u00f1a,&#8230;<\/p>\n","protected":false},"author":1,"featured_media":31194,"comment_status":"closed","ping_status":"closed","sticky":false,"template":"","format":"standard","meta":{"_coblocks_attr":"","_coblocks_dimensions":"","_coblocks_responsive_height":"","_coblocks_accordion_ie_support":"","jetpack_post_was_ever_published":false,"_jetpack_newsletter_access":"","_jetpack_dont_email_post_to_subs":false,"_jetpack_newsletter_tier_id":0,"_jetpack_memberships_contains_paywalled_content":false,"_jetpack_memberships_contains_paid_content":false,"footnotes":"","jetpack_publicize_message":"","jetpack_publicize_feature_enabled":true,"jetpack_social_post_already_shared":false,"jetpack_social_options":{"image_generator_settings":{"template":"highway","default_image_id":0,"enabled":false},"version":2}},"categories":[2,12,187,44,15],"tags":[81,869],"class_list":["post-31193","post","type-post","status-publish","format-standard","has-post-thumbnail","hentry","category-atarfe","category-cultura","category-centros-educativos","category-noticias-de-hoy","category-ultimas-noticias","tag-atarfe","tag-ies-iliberis"],"jetpack_publicize_connections":[],"jetpack_featured_media_url":"https:\/\/i0.wp.com\/miradordeatarfe.es\/wp-content\/uploads\/2019\/04\/ies-iliberis-web-3.jpg?fit=700%2C467&ssl=1","jetpack_likes_enabled":true,"jetpack_sharing_enabled":true,"_links":{"self":[{"href":"https:\/\/miradordeatarfe.es\/index.php?rest_route=\/wp\/v2\/posts\/31193","targetHints":{"allow":["GET"]}}],"collection":[{"href":"https:\/\/miradordeatarfe.es\/index.php?rest_route=\/wp\/v2\/posts"}],"about":[{"href":"https:\/\/miradordeatarfe.es\/index.php?rest_route=\/wp\/v2\/types\/post"}],"author":[{"embeddable":true,"href":"https:\/\/miradordeatarfe.es\/index.php?rest_route=\/wp\/v2\/users\/1"}],"replies":[{"embeddable":true,"href":"https:\/\/miradordeatarfe.es\/index.php?rest_route=%2Fwp%2Fv2%2Fcomments&post=31193"}],"version-history":[{"count":2,"href":"https:\/\/miradordeatarfe.es\/index.php?rest_route=\/wp\/v2\/posts\/31193\/revisions"}],"predecessor-version":[{"id":47406,"href":"https:\/\/miradordeatarfe.es\/index.php?rest_route=\/wp\/v2\/posts\/31193\/revisions\/47406"}],"wp:featuredmedia":[{"embeddable":true,"href":"https:\/\/miradordeatarfe.es\/index.php?rest_route=\/wp\/v2\/media\/31194"}],"wp:attachment":[{"href":"https:\/\/miradordeatarfe.es\/index.php?rest_route=%2Fwp%2Fv2%2Fmedia&parent=31193"}],"wp:term":[{"taxonomy":"category","embeddable":true,"href":"https:\/\/miradordeatarfe.es\/index.php?rest_route=%2Fwp%2Fv2%2Fcategories&post=31193"},{"taxonomy":"post_tag","embeddable":true,"href":"https:\/\/miradordeatarfe.es\/index.php?rest_route=%2Fwp%2Fv2%2Ftags&post=31193"}],"curies":[{"name":"wp","href":"https:\/\/api.w.org\/{rel}","templated":true}]}}