{"id":31209,"date":"2019-04-29T10:46:08","date_gmt":"2019-04-29T08:46:08","guid":{"rendered":"http:\/\/miradordeatarfe.es\/?p=31209"},"modified":"2019-04-28T17:53:52","modified_gmt":"2019-04-28T15:53:52","slug":"atarfe-certamen-de-relatos-cortos-grandes","status":"publish","type":"post","link":"https:\/\/miradordeatarfe.es\/?p=31209","title":{"rendered":"ATARFE: Certamen de relatos cortos &#8216;Grandes"},"content":{"rendered":"\n<h4 class=\"wp-block-heading\"> Nuestra m\u00e1s sincera felicitaci\u00f3n a los tres estudiantes del IES Vega que  obtuvieron los premios del certamen de relatos cortos &#8216;Grandes&#8217;, un  concurso que organiza el \u00e1rea de la Mujer para incentivar la escritura  entre los m\u00e1s j\u00f3venes y promover valores de igualdad y de  sensibilizaci\u00f3n y prevenci\u00f3n de cualquier forma de violencia. <\/h4>\n\n\n\n<p>\u00c1lvaro  Jim\u00e9nez Moreno, alumno de 4\u00ba ESO, se llev\u00f3 el primer premio con su  relato titulado \u201cLaura\u201d; Mar\u00eda Ruiz Lemos, de  1\u00ba ESO, se alz\u00f3 con el  segundo puesto con su relato \u201cLuchando por mi sue\u00f1o\u201d; y Julia Gila  N\u00fa\u00f1ez, tambi\u00e9n en 1\u00ba ESO, logr\u00f3 el tercer premio con su trabajo \u201cSoy  igual que t\u00fa\u201d. El reconocimiento a los tres premiados lo hacemos  extensible al profesorado del instituto Vega, que ha sabido despertar el  inter\u00e9s de los estudiantes por la literatura.Gran labor. <\/p>\n","protected":false},"excerpt":{"rendered":"<p>Nuestra m\u00e1s sincera felicitaci\u00f3n a los tres estudiantes del IES Vega que obtuvieron los premios&#8230;<\/p>\n","protected":false},"author":1,"featured_media":31210,"comment_status":"closed","ping_status":"closed","sticky":false,"template":"","format":"standard","meta":{"_coblocks_attr":"","_coblocks_dimensions":"","_coblocks_responsive_height":"","_coblocks_accordion_ie_support":"","jetpack_post_was_ever_published":false,"_jetpack_newsletter_access":"","_jetpack_dont_email_post_to_subs":false,"_jetpack_newsletter_tier_id":0,"_jetpack_memberships_contains_paywalled_content":false,"_jetpack_memberships_contains_paid_content":false,"footnotes":"","jetpack_publicize_message":"","jetpack_publicize_feature_enabled":true,"jetpack_social_post_already_shared":false,"jetpack_social_options":{"image_generator_settings":{"template":"highway","default_image_id":0,"enabled":false},"version":2}},"categories":[2,12,187,44,15],"tags":[81,2173,214],"class_list":["post-31209","post","type-post","status-publish","format-standard","has-post-thumbnail","hentry","category-atarfe","category-cultura","category-centros-educativos","category-noticias-de-hoy","category-ultimas-noticias","tag-atarfe","tag-concurso","tag-violencia-de-genero"],"jetpack_publicize_connections":[],"jetpack_featured_media_url":"https:\/\/i0.wp.com\/miradordeatarfe.es\/wp-content\/uploads\/2019\/04\/58543576_864398690568930_1279388474494943232_n.jpg?fit=960%2C720&ssl=1","jetpack_likes_enabled":true,"jetpack_sharing_enabled":true,"_links":{"self":[{"href":"https:\/\/miradordeatarfe.es\/index.php?rest_route=\/wp\/v2\/posts\/31209","targetHints":{"allow":["GET"]}}],"collection":[{"href":"https:\/\/miradordeatarfe.es\/index.php?rest_route=\/wp\/v2\/posts"}],"about":[{"href":"https:\/\/miradordeatarfe.es\/index.php?rest_route=\/wp\/v2\/types\/post"}],"author":[{"embeddable":true,"href":"https:\/\/miradordeatarfe.es\/index.php?rest_route=\/wp\/v2\/users\/1"}],"replies":[{"embeddable":true,"href":"https:\/\/miradordeatarfe.es\/index.php?rest_route=%2Fwp%2Fv2%2Fcomments&post=31209"}],"version-history":[{"count":1,"href":"https:\/\/miradordeatarfe.es\/index.php?rest_route=\/wp\/v2\/posts\/31209\/revisions"}],"predecessor-version":[{"id":31211,"href":"https:\/\/miradordeatarfe.es\/index.php?rest_route=\/wp\/v2\/posts\/31209\/revisions\/31211"}],"wp:featuredmedia":[{"embeddable":true,"href":"https:\/\/miradordeatarfe.es\/index.php?rest_route=\/wp\/v2\/media\/31210"}],"wp:attachment":[{"href":"https:\/\/miradordeatarfe.es\/index.php?rest_route=%2Fwp%2Fv2%2Fmedia&parent=31209"}],"wp:term":[{"taxonomy":"category","embeddable":true,"href":"https:\/\/miradordeatarfe.es\/index.php?rest_route=%2Fwp%2Fv2%2Fcategories&post=31209"},{"taxonomy":"post_tag","embeddable":true,"href":"https:\/\/miradordeatarfe.es\/index.php?rest_route=%2Fwp%2Fv2%2Ftags&post=31209"}],"curies":[{"name":"wp","href":"https:\/\/api.w.org\/{rel}","templated":true}]}}