{"id":3122,"date":"2015-09-06T08:06:54","date_gmt":"2015-09-06T08:06:54","guid":{"rendered":"http:\/\/miradordeatarfe.es\/?p=3122"},"modified":"2015-09-08T08:34:34","modified_gmt":"2015-09-08T08:34:34","slug":"calendario-escolar-en-granada-para-el-curso-2015-2016-fiestas-inicio-y-fin-de-clases","status":"publish","type":"post","link":"https:\/\/miradordeatarfe.es\/?p=3122","title":{"rendered":"Calendario escolar en Granada para el curso 2015-2016: fiestas, inicio y fin de clases"},"content":{"rendered":"<p>\u00bfCu\u00e1ndo empieza oficialmente el curso? \u00bfQu\u00e9 d\u00edas no habr\u00e1 colegio para los ni\u00f1os\/as de ATARFE?<\/p>\n<p><!--more--><\/p>\n<p>Comienza la cuenta atr\u00e1s para la vuelta al cole. Una fecha que muchos padres esperan con ansia tras m\u00e1s de dos meses con los ni\u00f1os en casa. Terminan las vacaciones y ya pensamos en cu\u00e1ndo llegar\u00e1n las pr\u00f3ximas. Por ello, ya est\u00e1 disponible el <span id=\"U30734477255418aC\">Calendario escolar en Granada para el curso 2015-2016: fiestas, inicio y fin de clases<\/span>.<\/p>\n<p>Para ello la <a title=\"www.juntadeandalucia.es\" href=\"http:\/\/www.juntadeandalucia.es\/educacion\">Consejer\u00eda de Educaci\u00f3n<\/a> ha publicado este <span id=\"U3073447725541b9B\">calendario escolar 2015-2016<\/span> en el que figuran las fiestas nacionales y auton\u00f3micas, y los cambios hechos cada a\u00f1o para cumplir tambi\u00e9n con las fiestas locales.<\/p>\n<p>Los colegios volver\u00e1n a <strong>abrir sus puertas en Granada <span id=\"U3073447725541FL\">el pr\u00f3ximo jueves 10 de septiembre<\/span> <\/strong>para recibir a los alumnos de Infantil y Primaria. Mientras que en Secundaria lo har\u00e1n unos d\u00edas m\u00e1s tarde, <strong><span id=\"U3073447725541i1F\">el pr\u00f3ximo d\u00eda 15<\/span><\/strong>.<\/p>\n<p>El curso constar\u00e1 de\u00a0178 d\u00edas lectivos\u00a0para los m\u00e1s peque\u00f1os y de\u00a0175 para los estudiantes de instituto, hasta que finalice el\u00a023 de junio de 2016. Y para descansar de tanto estudio <span id=\"U3073447725541sMD\">habr\u00e1 un total de cuatro puentes este a\u00f1o<\/span>.<\/p>\n<div id=\"N201D7\" class=\"zoomImage\">\n<figure><span id=\"spanN201D7\"><a href=\"https:\/\/i0.wp.com\/miradordeatarfe.es\/wp-content\/uploads\/2015\/09\/calendario-575x650.jpg?ssl=1\"><img data-recalc-dims=\"1\" loading=\"lazy\" decoding=\"async\" class=\"alignnone size-full wp-image-3123\" src=\"https:\/\/i0.wp.com\/miradordeatarfe.es\/wp-content\/uploads\/2015\/09\/calendario-575x650.jpg?resize=575%2C650&#038;ssl=1\" alt=\"calendario--575x650\" width=\"575\" height=\"650\" srcset=\"https:\/\/i0.wp.com\/miradordeatarfe.es\/wp-content\/uploads\/2015\/09\/calendario-575x650.jpg?resize=575%2C650&amp;ssl=1 575w, https:\/\/i0.wp.com\/miradordeatarfe.es\/wp-content\/uploads\/2015\/09\/calendario-575x650.jpg?resize=265%2C300&amp;ssl=1 265w\" sizes=\"auto, (max-width: 575px) 100vw, 575px\" \/><\/a><\/span><\/figure>\n<\/div>\n<p>El primero, el pr\u00f3ximo mes de\u00a0octubre, al caer el\u00a0D\u00eda de la Hispanidad en lunes\u00a0(no habr\u00e1 clases desde\u00a0el s\u00e1bado 10 al lunes 12). En noviembre, el\u00a0D\u00eda de Todos los Santos\u00a0se celebra en\u00a0domingo, por lo que la\u00a0festividad\u00a0se pasa al\u00a0lunes. En diciembre\u00a0no habr\u00e1 colegio entre el\u00a0s\u00e1bado 5 y el martes 8 por el puente de la Constituci\u00f3n, y el\u00a0festivo\u00a0del\u00a0Primero de Mayo, al caer en domingo, tambi\u00e9n se pasa al lunes, por lo que el d\u00eda\u00a02 tampoco ser\u00e1 laborable.<\/p>\n<p>A estos acueductos vacacionales hay que sumar dos d\u00edas no lectivos, <strong>QUE DEBE SE\u00d1ALARLOS EL CONSEJO ESCOLAR MUNICIPAL<\/strong>. Y por supuesto la Semana Santa, del 21 al 27 de marzo, por tanto con un d\u00eda festivo m\u00e1s, y las vacaciones de Navidad, del 23 de diciembre al 6 de enero como es tradicional.<\/p>\n","protected":false},"excerpt":{"rendered":"<p>\u00bfCu\u00e1ndo empieza oficialmente el curso? \u00bfQu\u00e9 d\u00edas no habr\u00e1 colegio para los ni\u00f1os\/as de ATARFE?<\/p>\n","protected":false},"author":1,"featured_media":3168,"comment_status":"closed","ping_status":"closed","sticky":false,"template":"","format":"standard","meta":{"_coblocks_attr":"","_coblocks_dimensions":"","_coblocks_responsive_height":"","_coblocks_accordion_ie_support":"","jetpack_post_was_ever_published":false,"_jetpack_newsletter_access":"","_jetpack_dont_email_post_to_subs":false,"_jetpack_newsletter_tier_id":0,"_jetpack_memberships_contains_paywalled_content":false,"_jetpack_memberships_contains_paid_content":false,"footnotes":"","jetpack_publicize_message":"","jetpack_publicize_feature_enabled":true,"jetpack_social_post_already_shared":false,"jetpack_social_options":{"image_generator_settings":{"template":"highway","default_image_id":0,"enabled":false},"version":2}},"categories":[2,187,15],"tags":[964,1123,1124],"class_list":["post-3122","post","type-post","status-publish","format-standard","has-post-thumbnail","hentry","category-atarfe","category-centros-educativos","category-ultimas-noticias","tag-calendario-escolar","tag-dias-festivos","tag-dias-laborales"],"jetpack_publicize_connections":[],"jetpack_featured_media_url":"https:\/\/i0.wp.com\/miradordeatarfe.es\/wp-content\/uploads\/2015\/09\/calendario-575x6501.jpg?fit=575%2C650&ssl=1","jetpack_likes_enabled":true,"jetpack_sharing_enabled":true,"_links":{"self":[{"href":"https:\/\/miradordeatarfe.es\/index.php?rest_route=\/wp\/v2\/posts\/3122","targetHints":{"allow":["GET"]}}],"collection":[{"href":"https:\/\/miradordeatarfe.es\/index.php?rest_route=\/wp\/v2\/posts"}],"about":[{"href":"https:\/\/miradordeatarfe.es\/index.php?rest_route=\/wp\/v2\/types\/post"}],"author":[{"embeddable":true,"href":"https:\/\/miradordeatarfe.es\/index.php?rest_route=\/wp\/v2\/users\/1"}],"replies":[{"embeddable":true,"href":"https:\/\/miradordeatarfe.es\/index.php?rest_route=%2Fwp%2Fv2%2Fcomments&post=3122"}],"version-history":[{"count":1,"href":"https:\/\/miradordeatarfe.es\/index.php?rest_route=\/wp\/v2\/posts\/3122\/revisions"}],"predecessor-version":[{"id":3124,"href":"https:\/\/miradordeatarfe.es\/index.php?rest_route=\/wp\/v2\/posts\/3122\/revisions\/3124"}],"wp:featuredmedia":[{"embeddable":true,"href":"https:\/\/miradordeatarfe.es\/index.php?rest_route=\/wp\/v2\/media\/3168"}],"wp:attachment":[{"href":"https:\/\/miradordeatarfe.es\/index.php?rest_route=%2Fwp%2Fv2%2Fmedia&parent=3122"}],"wp:term":[{"taxonomy":"category","embeddable":true,"href":"https:\/\/miradordeatarfe.es\/index.php?rest_route=%2Fwp%2Fv2%2Fcategories&post=3122"},{"taxonomy":"post_tag","embeddable":true,"href":"https:\/\/miradordeatarfe.es\/index.php?rest_route=%2Fwp%2Fv2%2Ftags&post=3122"}],"curies":[{"name":"wp","href":"https:\/\/api.w.org\/{rel}","templated":true}]}}