{"id":31221,"date":"2019-04-29T00:14:49","date_gmt":"2019-04-28T22:14:49","guid":{"rendered":"http:\/\/miradordeatarfe.es\/?p=31221"},"modified":"2019-04-29T10:13:53","modified_gmt":"2019-04-29T08:13:53","slug":"atarfe-resultados-electorales","status":"publish","type":"post","link":"https:\/\/miradordeatarfe.es\/?p=31221","title":{"rendered":"ATARFE: RESULTADOS ELECTORALES"},"content":{"rendered":"\n<p> Con  el 100% de los votos escrutados y con una participaci\u00f3n del 71,54%,  ocho puntos m\u00e1s que en las pasadas elecciones de 2016, este es el  resultado definitivo del 28A en Atarfe: <\/p>\n\n\n\n<figure class=\"wp-block-image\"><img data-recalc-dims=\"1\" loading=\"lazy\" decoding=\"async\" width=\"543\" height=\"310\" src=\"https:\/\/i0.wp.com\/miradordeatarfe.es\/wp-content\/uploads\/2019\/04\/canvas.png?resize=543%2C310&#038;ssl=1\" alt=\"\" class=\"wp-image-31222\" srcset=\"https:\/\/i0.wp.com\/miradordeatarfe.es\/wp-content\/uploads\/2019\/04\/canvas.png?w=543&amp;ssl=1 543w, https:\/\/i0.wp.com\/miradordeatarfe.es\/wp-content\/uploads\/2019\/04\/canvas.png?resize=300%2C171&amp;ssl=1 300w\" sizes=\"auto, (max-width: 543px) 100vw, 543px\" \/><\/figure>\n\n\n\n<figure class=\"wp-block-image\"><img data-recalc-dims=\"1\" loading=\"lazy\" decoding=\"async\" width=\"640\" height=\"437\" src=\"https:\/\/i0.wp.com\/miradordeatarfe.es\/wp-content\/uploads\/2019\/04\/59106199_2299015350162322_4938149454713716736_n.png?resize=640%2C437&#038;ssl=1\" alt=\"\" class=\"wp-image-31223\" srcset=\"https:\/\/i0.wp.com\/miradordeatarfe.es\/wp-content\/uploads\/2019\/04\/59106199_2299015350162322_4938149454713716736_n.png?w=758&amp;ssl=1 758w, https:\/\/i0.wp.com\/miradordeatarfe.es\/wp-content\/uploads\/2019\/04\/59106199_2299015350162322_4938149454713716736_n.png?resize=300%2C205&amp;ssl=1 300w, https:\/\/i0.wp.com\/miradordeatarfe.es\/wp-content\/uploads\/2019\/04\/59106199_2299015350162322_4938149454713716736_n.png?resize=600%2C410&amp;ssl=1 600w\" sizes=\"auto, (max-width: 640px) 100vw, 640px\" \/><\/figure>\n\n\n\n<p>LOS RESULTADOS EN GRANADA SON LOS SIGUIENTES<\/p>\n\n\n\n<p>En los comicios de hace tres a\u00f1os (<strong>2016<\/strong>),  el PP gan\u00f3 con 3 diputados, un esca\u00f1o por encima de los socialistas.  Unidos Podemos consigui\u00f3 un diputado, con 86.975 votos, Ciudadanos  obtuvo otro esca\u00f1o con 66.000 sufragios, mientras que Vox apenas logr\u00f3  993 papeletas. En el Senado, el PP consigui\u00f3 una clara victoria con 3  esca\u00f1os por uno del PSOE. Estos resultados son muy similares a los que pronostic\u00f3 el <a href=\"https:\/\/www.granadahoy.com\/granada\/Victoria-PSOE-PP-Congreso-CIS-Vox_0_1344165827.html\">CIS <\/a>hace un mes en su \u00faltimo sondeo, en el que se &#8216;cocinaron&#8217; los datos para hacer una estimaci\u00f3n de esca\u00f1os por provincias.&nbsp; <\/p>\n\n\n\n<p>TERMINADO el <strong>escrutinio<\/strong> de las <strong>Elecciones Generales<\/strong> en <strong>Granada<\/strong> el&nbsp;<strong>PSOE<\/strong> arrasa en esta provincia con 3 esca\u00f1os (35% de votos); frente al \u00fanico que lograr\u00eda el <strong>PP<\/strong> (18%), que se hunde, dado que fue el ganador en 2016, con 3 diputados. <strong>Ciudadanos<\/strong> (16,7% de los votos) conseguir\u00eda uno, otro para <strong>Vox<\/strong> (13,7%), que ser\u00eda la novedad, y el \u00faltimo caer\u00eda del lado de la coalici\u00f3n <strong>Unidas Podemos<\/strong> (13,4%). Los socialistas tambi\u00e9n obtendr\u00edan 3 <strong>senadores<\/strong>, frente a uno del PP.<\/p>\n","protected":false},"excerpt":{"rendered":"<p>Con el 100% de los votos escrutados y con una participaci\u00f3n del 71,54%, ocho puntos&#8230;<\/p>\n","protected":false},"author":1,"featured_media":31241,"comment_status":"closed","ping_status":"closed","sticky":false,"template":"","format":"standard","meta":{"_coblocks_attr":"","_coblocks_dimensions":"","_coblocks_responsive_height":"","_coblocks_accordion_ie_support":"","jetpack_post_was_ever_published":false,"_jetpack_newsletter_access":"","_jetpack_dont_email_post_to_subs":false,"_jetpack_newsletter_tier_id":0,"_jetpack_memberships_contains_paywalled_content":false,"_jetpack_memberships_contains_paid_content":false,"footnotes":"","jetpack_publicize_message":"","jetpack_publicize_feature_enabled":true,"jetpack_social_post_already_shared":false,"jetpack_social_options":{"image_generator_settings":{"template":"highway","default_image_id":0,"enabled":false},"version":2}},"categories":[2,1161,186,44,15],"tags":[81,5970],"class_list":["post-31221","post","type-post","status-publish","format-standard","has-post-thumbnail","hentry","category-atarfe","category-ciudadania","category-instituciones","category-noticias-de-hoy","category-ultimas-noticias","tag-atarfe","tag-elecciones-2019"],"jetpack_publicize_connections":[],"jetpack_featured_media_url":"https:\/\/i0.wp.com\/miradordeatarfe.es\/wp-content\/uploads\/2019\/04\/votos-correo-k2TE-U8052135009IbH-624x385%40Las-Provincias.jpg?fit=624%2C385&ssl=1","jetpack_likes_enabled":true,"jetpack_sharing_enabled":true,"_links":{"self":[{"href":"https:\/\/miradordeatarfe.es\/index.php?rest_route=\/wp\/v2\/posts\/31221","targetHints":{"allow":["GET"]}}],"collection":[{"href":"https:\/\/miradordeatarfe.es\/index.php?rest_route=\/wp\/v2\/posts"}],"about":[{"href":"https:\/\/miradordeatarfe.es\/index.php?rest_route=\/wp\/v2\/types\/post"}],"author":[{"embeddable":true,"href":"https:\/\/miradordeatarfe.es\/index.php?rest_route=\/wp\/v2\/users\/1"}],"replies":[{"embeddable":true,"href":"https:\/\/miradordeatarfe.es\/index.php?rest_route=%2Fwp%2Fv2%2Fcomments&post=31221"}],"version-history":[{"count":2,"href":"https:\/\/miradordeatarfe.es\/index.php?rest_route=\/wp\/v2\/posts\/31221\/revisions"}],"predecessor-version":[{"id":31250,"href":"https:\/\/miradordeatarfe.es\/index.php?rest_route=\/wp\/v2\/posts\/31221\/revisions\/31250"}],"wp:featuredmedia":[{"embeddable":true,"href":"https:\/\/miradordeatarfe.es\/index.php?rest_route=\/wp\/v2\/media\/31241"}],"wp:attachment":[{"href":"https:\/\/miradordeatarfe.es\/index.php?rest_route=%2Fwp%2Fv2%2Fmedia&parent=31221"}],"wp:term":[{"taxonomy":"category","embeddable":true,"href":"https:\/\/miradordeatarfe.es\/index.php?rest_route=%2Fwp%2Fv2%2Fcategories&post=31221"},{"taxonomy":"post_tag","embeddable":true,"href":"https:\/\/miradordeatarfe.es\/index.php?rest_route=%2Fwp%2Fv2%2Ftags&post=31221"}],"curies":[{"name":"wp","href":"https:\/\/api.w.org\/{rel}","templated":true}]}}