{"id":31243,"date":"2019-04-29T10:25:25","date_gmt":"2019-04-29T08:25:25","guid":{"rendered":"http:\/\/miradordeatarfe.es\/?p=31243"},"modified":"2019-04-29T00:32:19","modified_gmt":"2019-04-28T22:32:19","slug":"resultados-elecciones-generales-el-psoe-gana-y-la-izquierda-se-impone-a-pp-cs-y-vox","status":"publish","type":"post","link":"https:\/\/miradordeatarfe.es\/?p=31243","title":{"rendered":"Resultados elecciones generales: El PSOE gana y la izquierda se impone a PP, Cs y Vox"},"content":{"rendered":"\n<h4 class=\"wp-block-heading\">El PSOE obtiene 123 esca\u00f1os y Unidas Podemos, 42. La izquierda suma 165 con el 99,41% escrutado<\/h4>\n\n\n\n<p>El PP logra 66 esca\u00f1os, Ciudadanos, 57 y Vox, 24. La derecha suma 147<\/p>\n\n\n\n<p>Miles de simpatizantes gritan a S\u00e1nchez en Ferraz. \u00ab\u00a1Con Rivera, no! \u00a1S\u00ed se puede!\u00bb<\/p>\n\n\n\n<figure class=\"wp-block-image\"><img data-recalc-dims=\"1\" decoding=\"async\" src=\"https:\/\/i0.wp.com\/ep01.epimg.net\/politica\/imagenes\/2019\/04\/28\/actualidad\/1556428886_088681_1556487892_noticia_normal.jpg?w=640&#038;ssl=1\" alt=\"Elecciones Generales 2019\"\/><figcaption> Elecciones generales 2019<\/figcaption><\/figure>\n\n\n\n<p>Con el 99,41% escrutado, el PSOE (123) y Unidas Podemos (42) suman 165 diputados en las <strong><a href=\"https:\/\/elpais.com\/tag\/elecciones_generales\/a\">elecciones generales<\/a><\/strong>.  De esta manera no llegar\u00edan a la mayor\u00eda absoluta (176) y necesitar\u00edan  el apoyo de otros partidos para gobernar. El bloque de la izquierda  ganar\u00eda al de la derecha, que se queda todav\u00eda m\u00e1s lejos del Gobierno:  PP (66), Ciudadanos (57) y Vox (24) sumar\u00edan 147. <\/p>\n\n\n\n<p>En Catalu\u00f1a, ERC obtendr\u00eda 15 esca\u00f1os, el PSC, 12; En Com\u00fa Podem, 7; JxCat,  7 y Cs, 5. El PP solo obtendr\u00eda un esca\u00f1o en Catalu\u00f1a y se quedar\u00eda a  cero en Euskadi. <\/p>\n\n\n\n<p>La participaci\u00f3n en los comicios ha sido del\u00a075,75%,  nueve puntos m\u00e1s que en los de 2016. <\/p>\n\n\n\n<p>En el Senado, con un 80,67%  escrutado, el PSOE logra 123 senadores y el PP, 55. En tercer y cuarto  lugar estar\u00edan ERC (10) y PNV (9). \u00abHa ganado el futuro y ha perdido el  pasado. No queremos involuci\u00f3n, queremos un pa\u00eds que avance\u00bb, ha dicho  Pedro S\u00e1nchez en Ferraz ante miles de simpatizantes que le gritaban  \u00ab\u00a1con Rivera no!\u00bb. S\u00e1nchez ha respondido: \u00abCreo que ha quedado bastante  claro\u00bb. <\/p>\n\n\n\n<p>Los seguidores socialistas han jaleado en un gui\u00f1o a Unidas  Podemos: \u00ab\u00a1S\u00ed se puede!\u00bb. En una campa\u00f1a marcada por la idea de la  unidad de Espa\u00f1a, los votantes del PSOE que se han acercado a celebrar  la victoria de S\u00e1nchez han coreado: \u00ab\u00a1Viva Espa\u00f1a y viva el  socialismo!\u00bb. <\/p>\n\n\n\n<p>El presidente ha recalcado en ese momento la diversidad  del pa\u00eds. Por su parte, el l\u00edder del PP, Pablo Casado, ha felicitado a  S\u00e1nchez por su victoria y ha deseado suerte al PSOE, al que ha  calificado como \u00abun gran partido\u00bb, al tiempo que ha reconocido que el  resultado \u00abes muy malo para el PP\u00bb y ha lamentado la fragmentaci\u00f3n del  voto de la derecha. El presidente de Ciudadanos, Albert Rivera, ha  felicitado a S\u00e1nchez y ha dado por hecho que el l\u00edder socialista y el de  Unidas Podemos, Pablo Iglesias, formar\u00e1n gobierno.\u00a0<\/p>\n\n\n\n<p><a href=\"https:\/\/elpais.com\/politica\/2019\/04\/28\/actualidad\/1556428886_088681.html?rel=lom\">https:\/\/elpais.com\/politica\/2019\/04\/28\/actualidad\/1556428886_088681.html?rel=lom<\/a><\/p>\n","protected":false},"excerpt":{"rendered":"<p>El PSOE obtiene 123 esca\u00f1os y Unidas Podemos, 42. La izquierda suma 165 con el&#8230;<\/p>\n","protected":false},"author":1,"featured_media":31244,"comment_status":"closed","ping_status":"closed","sticky":false,"template":"","format":"standard","meta":{"_coblocks_attr":"","_coblocks_dimensions":"","_coblocks_responsive_height":"","_coblocks_accordion_ie_support":"","jetpack_post_was_ever_published":false,"_jetpack_newsletter_access":"","_jetpack_dont_email_post_to_subs":false,"_jetpack_newsletter_tier_id":0,"_jetpack_memberships_contains_paywalled_content":false,"_jetpack_memberships_contains_paid_content":false,"footnotes":"","jetpack_publicize_message":"","jetpack_publicize_feature_enabled":true,"jetpack_social_post_already_shared":false,"jetpack_social_options":{"image_generator_settings":{"template":"highway","default_image_id":0,"enabled":false},"version":2}},"categories":[1161,186,44,15],"tags":[5806,725,580],"class_list":["post-31243","post","type-post","status-publish","format-standard","has-post-thumbnail","hentry","category-ciudadania","category-instituciones","category-noticias-de-hoy","category-ultimas-noticias","tag-elecciones-generales","tag-espana","tag-votaciones"],"jetpack_publicize_connections":[],"jetpack_featured_media_url":"https:\/\/i0.wp.com\/miradordeatarfe.es\/wp-content\/uploads\/2019\/04\/%C3%ADndice-5.jpeg?fit=300%2C168&ssl=1","jetpack_likes_enabled":true,"jetpack_sharing_enabled":true,"_links":{"self":[{"href":"https:\/\/miradordeatarfe.es\/index.php?rest_route=\/wp\/v2\/posts\/31243","targetHints":{"allow":["GET"]}}],"collection":[{"href":"https:\/\/miradordeatarfe.es\/index.php?rest_route=\/wp\/v2\/posts"}],"about":[{"href":"https:\/\/miradordeatarfe.es\/index.php?rest_route=\/wp\/v2\/types\/post"}],"author":[{"embeddable":true,"href":"https:\/\/miradordeatarfe.es\/index.php?rest_route=\/wp\/v2\/users\/1"}],"replies":[{"embeddable":true,"href":"https:\/\/miradordeatarfe.es\/index.php?rest_route=%2Fwp%2Fv2%2Fcomments&post=31243"}],"version-history":[{"count":1,"href":"https:\/\/miradordeatarfe.es\/index.php?rest_route=\/wp\/v2\/posts\/31243\/revisions"}],"predecessor-version":[{"id":31245,"href":"https:\/\/miradordeatarfe.es\/index.php?rest_route=\/wp\/v2\/posts\/31243\/revisions\/31245"}],"wp:featuredmedia":[{"embeddable":true,"href":"https:\/\/miradordeatarfe.es\/index.php?rest_route=\/wp\/v2\/media\/31244"}],"wp:attachment":[{"href":"https:\/\/miradordeatarfe.es\/index.php?rest_route=%2Fwp%2Fv2%2Fmedia&parent=31243"}],"wp:term":[{"taxonomy":"category","embeddable":true,"href":"https:\/\/miradordeatarfe.es\/index.php?rest_route=%2Fwp%2Fv2%2Fcategories&post=31243"},{"taxonomy":"post_tag","embeddable":true,"href":"https:\/\/miradordeatarfe.es\/index.php?rest_route=%2Fwp%2Fv2%2Ftags&post=31243"}],"curies":[{"name":"wp","href":"https:\/\/api.w.org\/{rel}","templated":true}]}}