{"id":31247,"date":"2019-04-30T09:35:44","date_gmt":"2019-04-30T07:35:44","guid":{"rendered":"http:\/\/miradordeatarfe.es\/?p=31247"},"modified":"2019-04-29T00:40:02","modified_gmt":"2019-04-28T22:40:02","slug":"el-cambio-climatico-duplica-la-extincion-de-las-especies-marinas","status":"publish","type":"post","link":"https:\/\/miradordeatarfe.es\/?p=31247","title":{"rendered":"El cambio clim\u00e1tico duplica la extinci\u00f3n de las especies marinas"},"content":{"rendered":"\n<h4 class=\"wp-block-heading\">Una investigaci\u00f3n dirigida por la \nUniversidad de Rutgers advierte que el recalentamiento de la Tierra ha \nhecho desaparecer el doble de especies en el mar que en tierra, porque \nno pueden escapar al aumento del calor.<\/h4>\n\n\n\n<p>Seg\u00fan este estudio que publica la revista Nature, la mayor desaparici\u00f3n de las especies marinas <strong>afecta, de forma negativa, a los millones de personas cuya alimentaci\u00f3n b\u00e1sica depende de los peces<\/strong> y el marisco.<\/p>\n\n\n\n<p>Esta es <strong>la primera vez<\/strong>\n que los cient\u00edficos demuestran que el cambio clim\u00e1tico afecta m\u00e1s a las\n criaturas que viven en los ecosistemas marinos al aumentar la \ntemperatura media de la Tierra a un nivel nunca registrado durante los \n\u00faltimos miles de a\u00f1os.<\/p>\n\n\n\n<p>Los autores de esta investigaci\u00f3n pionera han analizado <strong>la evoluci\u00f3n de 400 especies distintas<\/strong>,\n tanto de mar como terrestres y desde las ara\u00f1as hasta diversos tipos de\n peces. Y han encontrado que \u201c a nivel mundial, las especies marinas \nest\u00e1n desapareciendo dos veces m\u00e1s dos veces m\u00e1s que las terrestres al \naumentar el calor\u00bb, seg\u00fan explica Malin Pinsky, profesor del \nDepartamento de Ecolog\u00eda de la Universidad de Rutgers.<\/p>\n\n\n\n<h3 class=\"wp-block-heading\">Causa<\/h3>\n\n\n\n<p>Y esta es la raz\u00f3n: <strong>muchos animales terrestres pueden esconderse del calor en bosques, \u00e1reas sombreadas o subterr\u00e1neas<\/strong>, un lujo que, sin embargo, no est\u00e1 al alcance de los animales marinos.<\/p>\n\n\n\n<p>La p\u00e9rdida de una poblaci\u00f3n es importante porque <strong>reduce la diversidad gen\u00e9tica de las especies<\/strong>\n y esto altera los ecosistemas de donde extraen sus alimentos millones \nde personas que viven cerca de las costas de nuestro planeta.<\/p>\n\n\n\n<p>\u00abComprender qu\u00e9 especies y ecosistemas se ver\u00e1n m\u00e1s gravemente \nafectados por el calentamiento a medida que avanza el cambio clim\u00e1tico \nes importante para orientar la conservaci\u00f3n y la gesti\u00f3n\u00bb, advierte \ntambi\u00e9n el autor principal de este estudio, el profesor Malin Pinsky.<\/p>\n\n\n\n<h3 class=\"wp-block-heading\">Deshielo acelerado<\/h3>\n\n\n\n<p>Y otra investigaci\u00f3n realizada por cient\u00edficos de la NASA ha \ndescubierto que la tasa de deshielo de Groenlandia (es decir, la segunda\n gran reserva de agua dulce de nuestro palneta) <strong>se ha multiplicado por seis desde hace 40 a\u00f1os<\/strong> y ya alcanza las 300 gigatoneladas por a\u00f1o.<\/p>\n\n\n\n<p>Y esto tiene dos grandes efectos negativos para los seres humanos. Por un lado, <strong>se pierden grandes cantidades de agua dulce<\/strong> al verterse \u00e9sta al mar. Y segundo: se dispara <strong>el aumento del nivel de los oc\u00e9anos<\/strong> en todo el mundo inundando las casas donde viven ahora millones de personas.<\/p>\n","protected":false},"excerpt":{"rendered":"<p>Una investigaci\u00f3n dirigida por la Universidad de Rutgers advierte que el recalentamiento de la Tierra&#8230;<\/p>\n","protected":false},"author":1,"featured_media":31248,"comment_status":"closed","ping_status":"closed","sticky":false,"template":"","format":"standard","meta":{"_coblocks_attr":"","_coblocks_dimensions":"","_coblocks_responsive_height":"","_coblocks_accordion_ie_support":"","jetpack_post_was_ever_published":false,"_jetpack_newsletter_access":"","_jetpack_dont_email_post_to_subs":false,"_jetpack_newsletter_tier_id":0,"_jetpack_memberships_contains_paywalled_content":false,"_jetpack_memberships_contains_paid_content":false,"footnotes":"","jetpack_publicize_message":"","jetpack_publicize_feature_enabled":true,"jetpack_social_post_already_shared":false,"jetpack_social_options":{"image_generator_settings":{"template":"highway","default_image_id":0,"enabled":false},"version":2}},"categories":[186,9,44,15],"tags":[271,5971],"class_list":["post-31247","post","type-post","status-publish","format-standard","has-post-thumbnail","hentry","category-instituciones","category-medio-ambiente","category-noticias-de-hoy","category-ultimas-noticias","tag-cambio-climatico","tag-especies-marinas"],"jetpack_publicize_connections":[],"jetpack_featured_media_url":"https:\/\/i0.wp.com\/miradordeatarfe.es\/wp-content\/uploads\/2019\/04\/1556208895_258395_1556209097_noticia_normal_recorte1.jpg?fit=1300%2C867&ssl=1","jetpack_likes_enabled":true,"jetpack_sharing_enabled":true,"_links":{"self":[{"href":"https:\/\/miradordeatarfe.es\/index.php?rest_route=\/wp\/v2\/posts\/31247","targetHints":{"allow":["GET"]}}],"collection":[{"href":"https:\/\/miradordeatarfe.es\/index.php?rest_route=\/wp\/v2\/posts"}],"about":[{"href":"https:\/\/miradordeatarfe.es\/index.php?rest_route=\/wp\/v2\/types\/post"}],"author":[{"embeddable":true,"href":"https:\/\/miradordeatarfe.es\/index.php?rest_route=\/wp\/v2\/users\/1"}],"replies":[{"embeddable":true,"href":"https:\/\/miradordeatarfe.es\/index.php?rest_route=%2Fwp%2Fv2%2Fcomments&post=31247"}],"version-history":[{"count":1,"href":"https:\/\/miradordeatarfe.es\/index.php?rest_route=\/wp\/v2\/posts\/31247\/revisions"}],"predecessor-version":[{"id":31249,"href":"https:\/\/miradordeatarfe.es\/index.php?rest_route=\/wp\/v2\/posts\/31247\/revisions\/31249"}],"wp:featuredmedia":[{"embeddable":true,"href":"https:\/\/miradordeatarfe.es\/index.php?rest_route=\/wp\/v2\/media\/31248"}],"wp:attachment":[{"href":"https:\/\/miradordeatarfe.es\/index.php?rest_route=%2Fwp%2Fv2%2Fmedia&parent=31247"}],"wp:term":[{"taxonomy":"category","embeddable":true,"href":"https:\/\/miradordeatarfe.es\/index.php?rest_route=%2Fwp%2Fv2%2Fcategories&post=31247"},{"taxonomy":"post_tag","embeddable":true,"href":"https:\/\/miradordeatarfe.es\/index.php?rest_route=%2Fwp%2Fv2%2Ftags&post=31247"}],"curies":[{"name":"wp","href":"https:\/\/api.w.org\/{rel}","templated":true}]}}