{"id":31251,"date":"2019-04-30T11:26:49","date_gmt":"2019-04-30T09:26:49","guid":{"rendered":"http:\/\/miradordeatarfe.es\/?p=31251"},"modified":"2019-04-29T10:29:58","modified_gmt":"2019-04-29T08:29:58","slug":"el-atarfe-cada-vez-mas-cerca-del-descenso-1-1","status":"publish","type":"post","link":"https:\/\/miradordeatarfe.es\/?p=31251","title":{"rendered":"El Atarfe cada vez m\u00e1s cerca del descenso, 1-1"},"content":{"rendered":"\n<h4 class=\"wp-block-heading\"> Los atarfe\u00f1os no pudieron vencer al Torredonjimeno y se encaminan hac\u00eda la Divisi\u00f3n de Honor <\/h4>\n\n\n\n<p>\nEl Atarfe empat\u00f3 ante el Torredonjimeno en un partido intenso en el\n que los locales se jugaban muchas de sus opciones para tratar de seguir\n peleando hasta el final por la permanencia. Los tosirianos por su parte\n llegaban con la salvaci\u00f3n casi en el bolsillo y la confirmaron tras la \nderrota del Martos y el punto obtenido en tierras granadinas, a expensas\n de lo que pueda ocurrir con los descensos por arrastre.&nbsp;<\/p>\n\n\n\n<p>El\n choque comenz\u00f3 intenso y los verdiblancos comenzaron a hilvanar jugadas\n para intentar plantarse en el \u00e1rea defendida por Olivares, que lo \nconced\u00eda nada en los balones colgados&nbsp; sobre su meta. El equipo de \nManolo Chumilla no pasaba apuros a pesar de la necesidad imperiosa de su\n rival por sumar y adem\u00e1s consegu\u00eda inquietar en algunas llegadas a la \nzaga granadina. De esta forma fue transcurriendo una primera mitad con \nopciones para ambos conjuntos en donde los locales lo probaban sin \nsuerte con algo m\u00e1s de insistencia. Cuando parec\u00eda que el resultado al \ndescanso ser\u00eda el inicial, Sergio Bustos cabece\u00f3 al fondo de la red un \nbal\u00f3n servido al interior del \u00e1rea para poner por delante a los \natarfe\u00f1os con uno de los llamados goles psicol\u00f3gicos.<\/p>\n\n\n\n<p>Sin\n embargo el gol no pareci\u00f3 afectar demasiado al Torredonjimeno, que tras\n el paso con la caseta se puso el mono de trabajo para tratar de \nrecomponerse del tanto encajado en las postrimer\u00edas del primer acto. La \nentrada de Carrillo dio m\u00e1s frescura al ataque visitante, que a pesar de\n la declaraci\u00f3n de intenciones, no dispon\u00eda de ocasiones muy peligrosas.\n Mediado el segundo tiempo un controvertido penalti sobre un atacante \njiennense por derribo lo transform\u00f3 precisamente Carrillo para igualar \nel choque. El Atarfe meti\u00f3 a todos sus efectivos de ataque para intentar\n hacer el segundo tanto pero las precipitaciones le llevaron a no \ndisponer de claras oportunidades para desequilibrar el marcador. Los \ntosirianos intentaron coger alguna contra para llevarse los tres puntos \npero finalmente ambos equipos firmaron las tablas.&nbsp;<\/p>\n\n\n\n<p><strong>ATARFE INDUSTRIAL:<\/strong>\n Fidel, Jordi, Marcos Toro, Sergio Bustos, G\u00e1lvez, Pablo S\u00e1nchez, Dani \nSalvatierra (Alfonso, m.62), Adri Castro (Juanfran, m.75), Aya, Moi \nG\u00f3mez (Alex Ortega, m.71) y Paco Ariza.&nbsp;<\/p>\n\n\n\n<p><strong>UDC TORREDONJIMENO: <\/strong>Olivares,\n Miguelin, Lara, Vicente, \u00c1lvaro, Edu Osorio, Joselillo (Adebame, m.82),\n Javi Quesada (Carrillo, m.61), Montiel, Adri\u00e1n Paz y Fran Martos \n(Rub\u00e9n, m.75).&nbsp;<\/p>\n\n\n\n<p><strong>GOLES:<\/strong> 1-0, m.44: Sergio Bustos; 1-1, m.71: Carrillo (p).&nbsp;<\/p>\n\n\n\n<p><strong>\u00c1RBITRO:<\/strong> Lafuente S\u00e1nchez (Sevilla). Amonest\u00f3 al local Jordi , as\u00ed como al visitante Lara.&nbsp;<\/p>\n\n\n\n<p><strong>INCIDENCIAS:<\/strong> Encuentro disputado en el Municipal de Atarfe ante unos 100 espectadores.&nbsp;<\/p>\n\n\n\n<p>espigares@granadaenjuego.com <\/p>\n\n\n\n<h6 class=\"wp-block-heading\">F. ESPIGARES \/ ATARFE | 28 de abril de 2019<\/h6>\n","protected":false},"excerpt":{"rendered":"<p>Los atarfe\u00f1os no pudieron vencer al Torredonjimeno y se encaminan hac\u00eda la Divisi\u00f3n de Honor&#8230;<\/p>\n","protected":false},"author":1,"featured_media":31252,"comment_status":"closed","ping_status":"closed","sticky":false,"template":"","format":"standard","meta":{"_coblocks_attr":"","_coblocks_dimensions":"","_coblocks_responsive_height":"","_coblocks_accordion_ie_support":"","jetpack_post_was_ever_published":false,"_jetpack_newsletter_access":"","_jetpack_dont_email_post_to_subs":false,"_jetpack_newsletter_tier_id":0,"_jetpack_memberships_contains_paywalled_content":false,"_jetpack_memberships_contains_paid_content":false,"footnotes":"","jetpack_publicize_message":"","jetpack_publicize_feature_enabled":true,"jetpack_social_post_already_shared":false,"jetpack_social_options":{"image_generator_settings":{"template":"highway","default_image_id":0,"enabled":false},"version":2}},"categories":[2,182,186,44,15],"tags":[667,123,666],"class_list":["post-31251","post","type-post","status-publish","format-standard","has-post-thumbnail","hentry","category-atarfe","category-deportes","category-instituciones","category-noticias-de-hoy","category-ultimas-noticias","tag-atarfe-industrial","tag-deportes","tag-futbol"],"jetpack_publicize_connections":[],"jetpack_featured_media_url":"https:\/\/i0.wp.com\/miradordeatarfe.es\/wp-content\/uploads\/2019\/04\/imagennoticia38057_0.jpg?fit=450%2C337&ssl=1","jetpack_likes_enabled":true,"jetpack_sharing_enabled":true,"_links":{"self":[{"href":"https:\/\/miradordeatarfe.es\/index.php?rest_route=\/wp\/v2\/posts\/31251","targetHints":{"allow":["GET"]}}],"collection":[{"href":"https:\/\/miradordeatarfe.es\/index.php?rest_route=\/wp\/v2\/posts"}],"about":[{"href":"https:\/\/miradordeatarfe.es\/index.php?rest_route=\/wp\/v2\/types\/post"}],"author":[{"embeddable":true,"href":"https:\/\/miradordeatarfe.es\/index.php?rest_route=\/wp\/v2\/users\/1"}],"replies":[{"embeddable":true,"href":"https:\/\/miradordeatarfe.es\/index.php?rest_route=%2Fwp%2Fv2%2Fcomments&post=31251"}],"version-history":[{"count":1,"href":"https:\/\/miradordeatarfe.es\/index.php?rest_route=\/wp\/v2\/posts\/31251\/revisions"}],"predecessor-version":[{"id":31253,"href":"https:\/\/miradordeatarfe.es\/index.php?rest_route=\/wp\/v2\/posts\/31251\/revisions\/31253"}],"wp:featuredmedia":[{"embeddable":true,"href":"https:\/\/miradordeatarfe.es\/index.php?rest_route=\/wp\/v2\/media\/31252"}],"wp:attachment":[{"href":"https:\/\/miradordeatarfe.es\/index.php?rest_route=%2Fwp%2Fv2%2Fmedia&parent=31251"}],"wp:term":[{"taxonomy":"category","embeddable":true,"href":"https:\/\/miradordeatarfe.es\/index.php?rest_route=%2Fwp%2Fv2%2Fcategories&post=31251"},{"taxonomy":"post_tag","embeddable":true,"href":"https:\/\/miradordeatarfe.es\/index.php?rest_route=%2Fwp%2Fv2%2Ftags&post=31251"}],"curies":[{"name":"wp","href":"https:\/\/api.w.org\/{rel}","templated":true}]}}