{"id":31272,"date":"2019-04-30T10:19:59","date_gmt":"2019-04-30T08:19:59","guid":{"rendered":"http:\/\/miradordeatarfe.es\/?p=31272"},"modified":"2019-04-29T21:26:54","modified_gmt":"2019-04-29T19:26:54","slug":"calendario-postelectoral-y-ahora-que","status":"publish","type":"post","link":"https:\/\/miradordeatarfe.es\/?p=31272","title":{"rendered":"Calendario postelectoral: \u00bfy ahora qu\u00e9?"},"content":{"rendered":"\n<h4 class=\"wp-block-heading\">La constituci\u00f3n de las Cortes se realizar\u00e1 el d\u00eda 21 de mayo, solo 5 d\u00edas antes de la triple cita del 26-M <\/h4>\n\n\n\n<figure class=\"wp-block-image\"><img data-recalc-dims=\"1\" loading=\"lazy\" decoding=\"async\" width=\"640\" height=\"409\" src=\"https:\/\/i0.wp.com\/miradordeatarfe.es\/wp-content\/uploads\/2019\/04\/1556549931_070087_1556554904_noticia_normal_recorte1.jpg?resize=640%2C409&#038;ssl=1\" alt=\"\" class=\"wp-image-31273\" srcset=\"https:\/\/i0.wp.com\/miradordeatarfe.es\/wp-content\/uploads\/2019\/04\/1556549931_070087_1556554904_noticia_normal_recorte1.jpg?resize=1024%2C655&amp;ssl=1 1024w, https:\/\/i0.wp.com\/miradordeatarfe.es\/wp-content\/uploads\/2019\/04\/1556549931_070087_1556554904_noticia_normal_recorte1.jpg?resize=300%2C192&amp;ssl=1 300w, https:\/\/i0.wp.com\/miradordeatarfe.es\/wp-content\/uploads\/2019\/04\/1556549931_070087_1556554904_noticia_normal_recorte1.jpg?resize=768%2C491&amp;ssl=1 768w, https:\/\/i0.wp.com\/miradordeatarfe.es\/wp-content\/uploads\/2019\/04\/1556549931_070087_1556554904_noticia_normal_recorte1.jpg?resize=600%2C384&amp;ssl=1 600w, https:\/\/i0.wp.com\/miradordeatarfe.es\/wp-content\/uploads\/2019\/04\/1556549931_070087_1556554904_noticia_normal_recorte1.jpg?w=1300&amp;ssl=1 1300w\" sizes=\"auto, (max-width: 640px) 100vw, 640px\" \/><\/figure>\n\n\n\n<p>Las <a href=\"https:\/\/cadenaser.com\/tag\/elecciones_generales_2019\/a\/\" target=\"_blank\" rel=\"noreferrer noopener\">elecciones generales del 28 de abril<\/a> han redefinido el equilibrio de fuerzas en el Congreso \u2014con <strong>el triunfo del PSOE, la debacle del PP, la irrupci\u00f3n de Vox y el auge de los nacionalismos perif\u00e9ricos<\/strong>\n como principales novedades\u2014, pero aunque en campa\u00f1a muchos pol\u00edticos se\n emplazaron a seguir trabajando \u00aba partir del d\u00eda 29\u00bb, lo cierto es que \nno tomar\u00e1n posesi\u00f3n de sus esca\u00f1os hasta dentro de 23 d\u00edas.<\/p>\n\n\n\n<p>Tal y como fijaba el <a href=\"https:\/\/www.boe.es\/boe\/dias\/2019\/03\/05\/pdfs\/BOE-A-2019-3109.pdf\" target=\"_blank\" rel=\"noreferrer noopener\">Real Decreto 129\/2019, de 4 de marzo<\/a>, la sesi\u00f3n constitutiva del del Congreso y el Senado <strong>se realizar\u00e1 el d\u00eda 21 de mayo \u2014solo 5 d\u00edas antes de las elecciones municipales, auton\u00f3micas y europeas\u2014 a las 10.00<\/strong>.\n Hasta entonces seguir\u00e1 funcionando la Diputaci\u00f3n Permanente del \nCongreso de los Diputados, que debe llevar a cabo una \u00faltima reuni\u00f3n \npara rendir cuentas al nuevo Congreso.<\/p>\n\n\n\n<p>Hasta el 20 de mayo, las principales formaciones pol\u00edticas negociar\u00e1n\n la composici\u00f3n de la nueva Mesa del Congreso y los posibles apoyos de \ncara a una sesi\u00f3n de investidura.<\/p>\n\n\n\n<p>La Mesa del Congreso consta de nueve cargos \u2014la presidencia, cuatro \nvicepresidencias y cuatro secretar\u00edas\u2014 que se eligir\u00e1n mediante \nvotaci\u00f3n, seg\u00fan estipula <a href=\"http:\/\/www.congreso.es\/portal\/page\/portal\/Congreso\/Congreso\/Hist_Normas\/Norm\/Reglam\/Titulo3\/T3C1\/T3Cap1Sec1\" target=\"_blank\" rel=\"noreferrer noopener\">el Reglamento de la c\u00e1mara<\/a>,\n el mismo 21 de mayo. La negociaci\u00f3n, en cualquier caso, ha de fraguar \nen plena campa\u00f1a electoral y a solo 5 d\u00edas del 26-M y debe tener en \ncuenta el n\u00famero de esca\u00f1os de cada grupo.<\/p>\n\n\n\n<p><strong>De esta manera, el PSOE, como ganador del 28-A, se har\u00e1 con \nla presidencia de la C\u00e1mara Baja y debe garantizarse la mayor\u00eda de este \n\u00f3rgano<\/strong> que es vital para la actividad legislativa de la C\u00e1mara.\n En la lagislatura que termina, PP y Ciudadanos \u2014con cinco \nrepresentantes\u2014 bloquearon medio centenar de iniciativas parlamentarias \ndel resto de grupos, entre ellas la ley sobre la Eutanasia.<\/p>\n\n\n\n<p>Es l\u00f3gico pensar, por tanto, que el PSOE se garantizar\u00e1 tres asientos\n en la Mesa y ofrecer\u00e1 otros dos a sus socios de investidura o de \nlegislatura \u2014Unidas Podemos, PNV o Esquerra\u2014 frente a dos del PP y dos \nde Ciudadanos, que se ver\u00e1n presionados por el quinto partido m\u00e1s \nvotado, Vox, para tener un representante <a href=\"https:\/\/cadenaser.com\/programa\/2018\/12\/26\/hoy_por_hoy\/1545816677_559300.html\">como sucedi\u00f3 en el Parlamento andaluz<\/a>.<\/p>\n\n\n\n<p>\u00abEsa negociaci\u00f3n ser\u00e1 un arma electoral, sin duda, y quiz\u00e1s la \nantesala de las negociaciones para las elecciones municipales y \nauton\u00f3micas\u00bb, explica <strong>Elba Maneiro<\/strong>, investigadora de la\n Facultad de Pol\u00edticas de la Universidad de Santiago de Compostela. \u00abNo \nsolo afectar\u00e1 a futuros pactos sino a la recepci\u00f3n que el electorado \ntenga de esos pactos\u00bb.<\/p>\n\n\n\n<p>La Mesa del Senado, c\u00e1mara en la que el PSOE contar\u00e1 con mayor\u00eda \nabsoluta, cuenta con siete puestos \u2014la presidencia, dos vicepresidencias\n y cuatro secretar\u00edas\u2014 que tambi\u00e9n formar\u00e1n parte de la negociaci\u00f3n.<\/p>\n\n\n\n<h3 class=\"wp-block-heading\">Sesi\u00f3n de investidura<\/h3>\n\n\n\n<p>Tras la constituci\u00f3n de las Cortes y la ronda de consultas abierta \npor el Rey, la propuesta de un candidato para la presidencia del \nGobierno es <strong>competencia del Jefe del Estado<\/strong>, pero la ley no contempla ning\u00fan plazo m\u00e1ximo para la convocar la sesi\u00f3n de investidura.<\/p>\n\n\n\n<p>Maneiro apunta que los grupos del Congreso tienen cinco d\u00edas h\u00e1biles \npara formarse, por lo que la junta de portavoces en ning\u00fan caso se \nconstitur\u00eda antes del 27 de mayo. Es decir: <strong>no habr\u00e1 Gobierno, como m\u00ednimo, hasta despu\u00e9s del 26-A<\/strong>.<\/p>\n\n\n\n<p>S\u00ed hay un periodo m\u00e1ximo de dos meses, que empieza tras la primera \nvotaci\u00f3n, para elegir a un presidente del Gobierno. Si ning\u00fan candidato \ncontase con apoyos suficientes, <a href=\"https:\/\/cadenaser.com\/ser\/2016\/03\/04\/politica\/1457117235_405945.html\" target=\"_blank\" rel=\"noreferrer noopener\">como pas\u00f3 en 2016<\/a>, las Cortes de disolver\u00edan autom\u00e1ticamente.<\/p>\n\n\n\n<p>La constituci\u00f3n de Les Corts valencianas se producir\u00e1 el 16 de mayo a  las 10.30. Un mes despu\u00e9s, el 15 de junio, se constituir\u00e1n los  ayuntamientos. y ese d\u00eda es tambi\u00e9n la fecha l\u00edmite para la proclamaci\u00f3n  de los europarlamentario<\/p>\n\n\n\n<p><a href=\"https:\/\/cadenaser.com\/autor\/jose_maria_patino_arroba\/a\/\">Jos\u00e9 Mar\u00eda Pati\u00f1o<\/a><a rel=\"noreferrer noopener\" href=\"https:\/\/twitter.com\/cgcano\" target=\"_blank\"> Carlos G. , Cano <\/a><a href=\"https:\/\/cadenaser.com\/autor\/carlos_gonzalez_cano\/a\/\">Carlos<\/a><a href=\"https:\/\/cadenaser.com\/tag\/fecha\/20190429\/\"> <\/a><\/p>\n\n\n\n<p><a href=\"https:\/\/cadenaser.com\/ser\/2019\/04\/29\/politica\/1556549931_070087.html\">https:\/\/cadenaser.com\/ser\/2019\/04\/29\/politica\/1556549931_070087.html<\/a><\/p>\n","protected":false},"excerpt":{"rendered":"<p>La constituci\u00f3n de las Cortes se realizar\u00e1 el d\u00eda 21 de mayo, solo 5 d\u00edas&#8230;<\/p>\n","protected":false},"author":1,"featured_media":31274,"comment_status":"closed","ping_status":"closed","sticky":false,"template":"","format":"standard","meta":{"_coblocks_attr":"","_coblocks_dimensions":"","_coblocks_responsive_height":"","_coblocks_accordion_ie_support":"","jetpack_post_was_ever_published":false,"_jetpack_newsletter_access":"","_jetpack_dont_email_post_to_subs":false,"_jetpack_newsletter_tier_id":0,"_jetpack_memberships_contains_paywalled_content":false,"_jetpack_memberships_contains_paid_content":false,"footnotes":"","jetpack_publicize_message":"","jetpack_publicize_feature_enabled":true,"jetpack_social_post_already_shared":false,"jetpack_social_options":{"image_generator_settings":{"template":"highway","default_image_id":0,"enabled":false},"version":2}},"categories":[1161,186,44,15],"tags":[5974,725,257],"class_list":["post-31272","post","type-post","status-publish","format-standard","has-post-thumbnail","hentry","category-ciudadania","category-instituciones","category-noticias-de-hoy","category-ultimas-noticias","tag-calendaro-electoral","tag-espana","tag-municipios"],"jetpack_publicize_connections":[],"jetpack_featured_media_url":"https:\/\/i0.wp.com\/miradordeatarfe.es\/wp-content\/uploads\/2019\/04\/elecciones-mano-2019-reuters.jpg?fit=771%2C420&ssl=1","jetpack_likes_enabled":true,"jetpack_sharing_enabled":true,"_links":{"self":[{"href":"https:\/\/miradordeatarfe.es\/index.php?rest_route=\/wp\/v2\/posts\/31272","targetHints":{"allow":["GET"]}}],"collection":[{"href":"https:\/\/miradordeatarfe.es\/index.php?rest_route=\/wp\/v2\/posts"}],"about":[{"href":"https:\/\/miradordeatarfe.es\/index.php?rest_route=\/wp\/v2\/types\/post"}],"author":[{"embeddable":true,"href":"https:\/\/miradordeatarfe.es\/index.php?rest_route=\/wp\/v2\/users\/1"}],"replies":[{"embeddable":true,"href":"https:\/\/miradordeatarfe.es\/index.php?rest_route=%2Fwp%2Fv2%2Fcomments&post=31272"}],"version-history":[{"count":1,"href":"https:\/\/miradordeatarfe.es\/index.php?rest_route=\/wp\/v2\/posts\/31272\/revisions"}],"predecessor-version":[{"id":31275,"href":"https:\/\/miradordeatarfe.es\/index.php?rest_route=\/wp\/v2\/posts\/31272\/revisions\/31275"}],"wp:featuredmedia":[{"embeddable":true,"href":"https:\/\/miradordeatarfe.es\/index.php?rest_route=\/wp\/v2\/media\/31274"}],"wp:attachment":[{"href":"https:\/\/miradordeatarfe.es\/index.php?rest_route=%2Fwp%2Fv2%2Fmedia&parent=31272"}],"wp:term":[{"taxonomy":"category","embeddable":true,"href":"https:\/\/miradordeatarfe.es\/index.php?rest_route=%2Fwp%2Fv2%2Fcategories&post=31272"},{"taxonomy":"post_tag","embeddable":true,"href":"https:\/\/miradordeatarfe.es\/index.php?rest_route=%2Fwp%2Fv2%2Ftags&post=31272"}],"curies":[{"name":"wp","href":"https:\/\/api.w.org\/{rel}","templated":true}]}}