{"id":313,"date":"2015-03-15T17:12:37","date_gmt":"2015-03-15T17:12:37","guid":{"rendered":"http:\/\/miradordeatarfe.es\/?p=313"},"modified":"2015-03-15T17:44:58","modified_gmt":"2015-03-15T17:44:58","slug":"freud-soraya-y-yo-por-juan-alfredo-bellon","status":"publish","type":"post","link":"https:\/\/miradordeatarfe.es\/?p=313","title":{"rendered":"FREUD, SORAYA Y YO Por Juan Alfredo Bell\u00f3n"},"content":{"rendered":"<p lang=\"es-ES\"><span style=\"color: #000000;\"><span style=\"font-family: Calibri,sans-serif;\"><span style=\"font-size: small;\">FREUD, SORAYA Y YO Por Juan Alfredo Bell\u00f3n\u00a0 <i><b>DESDE EL MIRADOR N\u00ba42 Para el domingo 15-03-15<\/b><\/i><\/span><\/span><\/span><!--more--><\/p>\n<p lang=\"es-ES\"><span style=\"color: #000000;\"><span style=\"font-family: Calibri,sans-serif;\"><span style=\"font-size: small;\"> Qu\u00e9 duda cabe de que vivimos tiempos convulsos y ahora m\u00e1s, cuando se nos junta la consagraci\u00f3n de la primavera; el apogeo de la Cuaresma; la aparici\u00f3n en nuestras calles de los primeros turistas orientales, con mascarilla, debido al principio de las alergias; la reaparici\u00f3n en los mercados de las primeras habas, tan traicioneras por lo <i>gaseosas;<\/i> los pen\u00faltimos ensayos de los costaleros y las bandas de Semana Santa; el apogeo de la Liga de F\u00fatbol Profesional y de la Champions con el anuncio del cl\u00e1sico Bar\u00e7a-Real Madrid para el 22-M; las primeras ferias taurinas de abolengo y el comienzo de tres campa\u00f1as electorales sucesivas y encadenadas (Andaluzas, Municipales y Generales) que intentar\u00e1n comernos el coco en cascada, empezando por la de ahora y terminando a comienzos del pr\u00f3ximo invierno, cuando ignoremos si y cuantos llegaremos vivos para saborear las mieles del triunfo o morder el polvo de la derrota de unos resultados de los que, si hay algo cierto, ser\u00e1 el desplome rotundo, inexorable y estruendoso del PP y el comienzo de un nuevo tiempo sociopol\u00edtico con sus reacomodos correspondientes, algunos de emergencia, otros de declive y otros de permanencia. <\/span><\/span><\/span><\/p>\n<p lang=\"es-ES\"><span style=\"color: #000000;\"><span style=\"font-family: Calibri,sans-serif;\"><span style=\"font-size: small;\"> Luego, a quien dios se las d\u00e9, san Pedro se las bendiga y vuelta a empezar y a darle Perico al torno de la Historia, con el inacabable protocolo de las promesas electorales cumplidas e incumplidas, la aparici\u00f3n de nuevos y presuntos casos de corrupci\u00f3n y la manipulaci\u00f3n informativa de la opini\u00f3n p\u00fablica y, sobre todo, con la gesti\u00f3n m\u00e1s o menos novedosa de las cosas p\u00fablicas en contraste y contraposici\u00f3n con las privadas y todo ello en un pa\u00eds donde unos pocos seguir\u00e1n intentando vendernos la moto de que estamos saliendo de la crisis pero que son necesarias m\u00e1s reformas, lo que, para sus adentros, significa <i>m\u00e1s recortes,<\/i> y la inmensa mayor\u00eda continuaremos arguyendo con santo Tom\u00e1s que lo creeremos cuando lo veamos y sufriendo mientras las consecuencias de los designios inconfesables de los oligopolios traicioneros. <\/span><\/span><\/span><\/p>\n<p lang=\"es-ES\"><span style=\"color: #000000;\"><span style=\"font-family: Calibri,sans-serif;\"><span style=\"font-size: small;\"> Casi nada. Y Freud explic\u00e1ndonos desde el m\u00e1s ac\u00e1 que madre no hay m\u00e1s que una y a ti te encontr\u00e9 en la calle y esa es la madre del cordero y que padre, tampoco, y que la una es para los hijos y el otro, para las hijas, y que el mundo est\u00e1 lleno de Edipos y de Electras queriendo solo <i>yacer<\/i> con sus progenitores y regresar a la fase anal para tocar pez\u00f3n o sodomizar al personal de a pie o, m\u00e1s bien, de en pompa, mirando al tendido y como si no ocurriera nada, como Rato y Blesa con las preferentes y las tarjetitas, o como Esperanza Aguirre con sus colaboradores, incluido Ignacio Gonz\u00e1lez que ha dado y ha tomado y se ha quedado con tres palmos de narices como Pinocho.<\/span><\/span><\/span><\/p>\n<p lang=\"es-ES\"><span style=\"color: #000000;\"><span style=\"font-family: Calibri,sans-serif;\"><span style=\"font-size: small;\"> Y Antonio Sanz, flamante Delegado de Rajoy en Andaluc\u00eda, desconsiderando el catal\u00e1n y a los catalanes; bueno, tambi\u00e9n ellos y Albert Rivera nos desconsideran a los andaluces crey\u00e9ndose que no sabemos pescar y por eso Sanz nos defiende, para compensar lo de Monago y lo de tantos paracaidistas de su partido que bajan todos los fines de semana y entre uno y otro, a ver a cu\u00e1l se le ocurre una cagada mayor, por la boca, claro.<\/span><\/span><\/span><\/p>\n<p lang=\"es-ES\"><span style=\"color: #000000;\"><span style=\"font-family: Calibri,sans-serif;\"><span style=\"font-size: small;\"> Como Soraya y lo de \u00abbonita\u00bb dedicado a Susana, como si le envidiara el empuje trianero y lo estupendo de esta tierra, tan dif\u00edcil pero tan agradecida cuando hay algo que agradecer. Y no a ellos, que hasta Su\u00e1rez se equivoc\u00f3 y, desde entonces, no aprenden y cuanto m\u00e1s lo intentan, m\u00e1s lo entuertan. Y luego los de Vox, que nos insultan doblemente por tomarnos por tontos, como si no supi\u00e9ramos qui\u00e9nes son y de d\u00f3nde vienen, disfraz\u00e1ndose de dem\u00f3cratas, con el tufillo a fascistas que a\u00fan desprenden. Se\u00f1or, c\u00f3mo est\u00e1 el patio. Y yo, vi\u00e9ndolos pasar en la puerta de casa.<\/span><\/span><\/span><\/p>\n","protected":false},"excerpt":{"rendered":"<p>FREUD, SORAYA Y YO Por Juan Alfredo Bell\u00f3n\u00a0 DESDE EL MIRADOR N\u00ba42 Para el domingo&#8230;<\/p>\n","protected":false},"author":1,"featured_media":0,"comment_status":"closed","ping_status":"closed","sticky":false,"template":"","format":"standard","meta":{"_coblocks_attr":"","_coblocks_dimensions":"","_coblocks_responsive_height":"","_coblocks_accordion_ie_support":"","jetpack_post_was_ever_published":false,"_jetpack_newsletter_access":"","_jetpack_dont_email_post_to_subs":false,"_jetpack_newsletter_tier_id":0,"_jetpack_memberships_contains_paywalled_content":false,"_jetpack_memberships_contains_paid_content":false,"footnotes":"","jetpack_publicize_message":"","jetpack_publicize_feature_enabled":true,"jetpack_social_post_already_shared":false,"jetpack_social_options":{"image_generator_settings":{"template":"highway","default_image_id":0,"enabled":false},"version":2}},"categories":[36,15],"tags":[172,171,42],"class_list":["post-313","post","type-post","status-publish","format-standard","hentry","category-opinion-de-juan-alfredo-bellon","category-ultimas-noticias","tag-andalucia","tag-elecciones","tag-politica"],"jetpack_publicize_connections":[],"jetpack_featured_media_url":"","jetpack_likes_enabled":true,"jetpack_sharing_enabled":true,"_links":{"self":[{"href":"https:\/\/miradordeatarfe.es\/index.php?rest_route=\/wp\/v2\/posts\/313","targetHints":{"allow":["GET"]}}],"collection":[{"href":"https:\/\/miradordeatarfe.es\/index.php?rest_route=\/wp\/v2\/posts"}],"about":[{"href":"https:\/\/miradordeatarfe.es\/index.php?rest_route=\/wp\/v2\/types\/post"}],"author":[{"embeddable":true,"href":"https:\/\/miradordeatarfe.es\/index.php?rest_route=\/wp\/v2\/users\/1"}],"replies":[{"embeddable":true,"href":"https:\/\/miradordeatarfe.es\/index.php?rest_route=%2Fwp%2Fv2%2Fcomments&post=313"}],"version-history":[{"count":1,"href":"https:\/\/miradordeatarfe.es\/index.php?rest_route=\/wp\/v2\/posts\/313\/revisions"}],"predecessor-version":[{"id":315,"href":"https:\/\/miradordeatarfe.es\/index.php?rest_route=\/wp\/v2\/posts\/313\/revisions\/315"}],"wp:attachment":[{"href":"https:\/\/miradordeatarfe.es\/index.php?rest_route=%2Fwp%2Fv2%2Fmedia&parent=313"}],"wp:term":[{"taxonomy":"category","embeddable":true,"href":"https:\/\/miradordeatarfe.es\/index.php?rest_route=%2Fwp%2Fv2%2Fcategories&post=313"},{"taxonomy":"post_tag","embeddable":true,"href":"https:\/\/miradordeatarfe.es\/index.php?rest_route=%2Fwp%2Fv2%2Ftags&post=313"}],"curies":[{"name":"wp","href":"https:\/\/api.w.org\/{rel}","templated":true}]}}