{"id":31463,"date":"2019-05-05T11:05:26","date_gmt":"2019-05-05T09:05:26","guid":{"rendered":"http:\/\/miradordeatarfe.es\/?p=31463"},"modified":"2020-06-26T13:25:40","modified_gmt":"2020-06-26T11:25:40","slug":"capullos-por-juan-alfredo-bellon","status":"publish","type":"post","link":"https:\/\/miradordeatarfe.es\/?p=31463","title":{"rendered":"CAPULLOS por JUAN ALFREDO BELL\u00d3N"},"content":{"rendered":"\n<p><em><strong>CAPULLOS<\/strong><\/em> <strong>por JUAN ALFREDO BELL\u00d3N<\/strong> <strong>para EL MIRADOR DE ATARFE<\/strong> <br> <strong>del domingo 05-05-2019<\/strong> <\/p>\n\n\n\n<p>\tTiene\nla voz <em>capullo, <\/em>adem\u00e1s de\nuna acepci\u00f3n vegetal, que ahora que nos adentramos en la primavera\nnos viene como pintiparada, y tambi\u00e9n otras entre las que se\nencuentran los objetos <em>capulliformes <\/em>y,\nentre ellos, por traslaci\u00f3n, todo lo que se parece a un <em>prepucio,\n<\/em>por su forma <em>acipotada<\/em>\no <em>acarajotada, o <\/em>por\nalguna de sus caracter\u00edsticas como la calvicie o esa laxitud semi\nheniesta que exhiben las pollas o los carajos abandonados a esa  ley\nde la gravedad que se enuncia cuando nos referimos a algo que <em>cuel<\/em>ga,\nabandonado  a su propio peso, como dec\u00eda mi capit\u00e1n cuando yo era\nsargento,  de  modo que, en los doblajes oficiales del espa\u00f1ol de\nHollywood, los norteamericanos llaman <em>capullos a <\/em>quienes\nen Sevilla dicen <em>acarajotados, carajotes, cachos de carne <\/em>y\nen  Granada,  <em>apollardados, apalominados, tontos del bote o\nsimplemente lelos.<\/em><\/p>\n\n\n\n<p>Entodos estos casos hay una figura\nmetaf\u00f3rica <em>formal<\/em>\n(lacio, atontolinado, deca\u00eddo, l\u00e1nguido) que se traspasa a otro\norden de cosas de tipo moral (car\u00e1cter o manera de ser: p\u00e1nfilo,\ncipote, acipotado, encipotado, etc. y se dice tambi\u00e9n <em>m\u00e1s\ntonto que una polla, tonto como mi polla, apollardado, tonto como el\nforro de mis huevos, etc. <\/em>Viene\nesto a cuento de los usos ling\u00fcisticos del espa\u00f1ol en torno a las\nm\u00faltiples campa\u00f1as electorales que ahora arrastramos y nos\narrastran, donde se multiplican por mil las referencias sexuales y\nsexistas mataf\u00f3ricas y <em>ad pedem literae. As\u00ed Casado, el\nl\u00edder flamante del PP, est\u00e1 crudo y es un palomino que no ha sabido\nentender el discurso necesario para evitar la descomposici\u00f3n de su\npartido que ya va por la imputaci\u00f3n de Camps y, en general, ese\nproblema aqueja a todo el resto de la derecha semimontaraz.<\/em><\/p>\n\n\n\n<p><em>\tCapullo\n<\/em>es pues sin\u00f3nimo de\n&#8216;tonto-malo&#8217; y se usa como insulto, distinto de una valoraci\u00f3n\npositiva como la que tiene en la referencia metaf\u00f3rica vegetal. Y\n<em>capullito de alhel\u00ed<\/em>\nes un piropo encendido que en la copla se dedica a un ni\u00f1o o ni\u00f1a\nreci\u00e9n nacidos de las <em>entretelas [en sentido amplio] <\/em>del\no la cantante de dicha copla. Solo que, cuando estas palabras\ncari\u00f1osas y valorativas se dedican a una persona mayor, cobran un\nsentido fuertemente despectivo, como ocurre con los nuevos dirigentes\n(Secretario General y el de Organizaci\u00f3n) del PP, que han sido los\nllamados al orden y descabalgados por los <em>varones\nprincipales de su partido por haber cre\u00eddo y practicado el no por\nmucho decir \u201cSe\u00f1or, Se\u00f1or\u201d, se llega antes al Reino de los\nCielos; lo que ha constituido un grave pecado de voluntarismo al\nconfundir de parte a parte la realidad con el deseo.<\/em><\/p>\n\n\n\n<p>Y\nahora, como es costumbre cuando se pierden las maneras, los\nsupradichos dirigentes de la derecha residual <em>pepera <\/em>han\nintentado enmendarla volvi\u00e9ndose desde la extrema derecha \u201cpara no\nperder votos\u201d al centro-centro \u201cpara recuperar los perdidos\u201d,\ncon lo que han vuelto a desconcertar a su electorado, mientras que a\nla otra derecha [Ciudadanos] le ha ocurrido justo lo contrario, al\ndar el <em>bandazo inesperado y desconcertante de centro a\nderecha [primero] y de derecha a centro [despu\u00e9s] <\/em>con\nlo que aqu\u00ed lo que hay es un galimat\u00edas donde la coherencia solo\npermanece en el PSOE y [aunque mucho nos duela] en VOX.<\/p>\n\n\n\n<p>\tY\neste es el panorama de capullos de alhel\u00edes y de capullos de los\notros en el que vamos a penetrar en los comicios municipales, parte\nde los auton\u00f3micos y europeos tras de los cuales los restos del\ncombate generalizado se parecer\u00e1n mucho al <em>paisaje despu\u00e9s\nde mil batallas y<\/em> no podemos\ndiagnosticar a estas alturas si ser\u00e1 un <em>paisaje<\/em>\n<em>sin paisanaje<\/em> o un\n<em>paisanaje sin paisaje, o absolutamente nada de nada con la\ncarencia de cualquier otra cosa para ali\u00f1ar la soledad m\u00e1s absoluta\nde cuarenta y cinco millones de espa\u00f1oles en compa\u00f1\u00eda de no se\nsabe cu\u00e1ntos venezolanos a los que pronto se nos unir\u00e1n much\u00edsimos\nmexicanos y m\u00e1s todav\u00eda argentinos que se reforzar\u00e1n con no se\nsabe cu\u00e1ntos sirios, afganos, camboyanos y nepal\u00eds, etc. mientras\nTrump y su caterva (c\u00f3mo me gusta, por latino, el nombre de Pompeo)\nprende fuego a todo lo que encuentra en las chimeneas de la Casa\nBlanca para acelerar el cambio clim\u00e1tico<\/em>\ny calentar el planeta hasta donde permita el clima y la paciencia de\nDios y de la gente.\t<\/p>\n\n\n\n<p><br><\/p>\n","protected":false},"excerpt":{"rendered":"<p>CAPULLOS por JUAN ALFREDO BELL\u00d3N para EL MIRADOR DE ATARFE del domingo 05-05-2019 Tiene la&#8230;<\/p>\n","protected":false},"author":1,"featured_media":31464,"comment_status":"closed","ping_status":"closed","sticky":false,"template":"","format":"standard","meta":{"_coblocks_attr":"","_coblocks_dimensions":"","_coblocks_responsive_height":"","_coblocks_accordion_ie_support":"","jetpack_post_was_ever_published":false,"_jetpack_newsletter_access":"","_jetpack_dont_email_post_to_subs":false,"_jetpack_newsletter_tier_id":0,"_jetpack_memberships_contains_paywalled_content":false,"_jetpack_memberships_contains_paid_content":false,"footnotes":"","jetpack_publicize_message":"","jetpack_publicize_feature_enabled":true,"jetpack_social_post_already_shared":false,"jetpack_social_options":{"image_generator_settings":{"template":"highway","default_image_id":0,"enabled":false},"version":2}},"categories":[1161,36,44,15],"tags":[712,999,42,3175],"class_list":["post-31463","post","type-post","status-publish","format-standard","has-post-thumbnail","hentry","category-ciudadania","category-opinion-de-juan-alfredo-bellon","category-noticias-de-hoy","category-ultimas-noticias","tag-centro","tag-derecha","tag-politica","tag-ultraderecha"],"jetpack_publicize_connections":[],"jetpack_featured_media_url":"https:\/\/i0.wp.com\/miradordeatarfe.es\/wp-content\/uploads\/2019\/05\/%C3%ADndice-2.jpeg?fit=321%2C157&ssl=1","jetpack_likes_enabled":true,"jetpack_sharing_enabled":true,"_links":{"self":[{"href":"https:\/\/miradordeatarfe.es\/index.php?rest_route=\/wp\/v2\/posts\/31463","targetHints":{"allow":["GET"]}}],"collection":[{"href":"https:\/\/miradordeatarfe.es\/index.php?rest_route=\/wp\/v2\/posts"}],"about":[{"href":"https:\/\/miradordeatarfe.es\/index.php?rest_route=\/wp\/v2\/types\/post"}],"author":[{"embeddable":true,"href":"https:\/\/miradordeatarfe.es\/index.php?rest_route=\/wp\/v2\/users\/1"}],"replies":[{"embeddable":true,"href":"https:\/\/miradordeatarfe.es\/index.php?rest_route=%2Fwp%2Fv2%2Fcomments&post=31463"}],"version-history":[{"count":1,"href":"https:\/\/miradordeatarfe.es\/index.php?rest_route=\/wp\/v2\/posts\/31463\/revisions"}],"predecessor-version":[{"id":31465,"href":"https:\/\/miradordeatarfe.es\/index.php?rest_route=\/wp\/v2\/posts\/31463\/revisions\/31465"}],"wp:featuredmedia":[{"embeddable":true,"href":"https:\/\/miradordeatarfe.es\/index.php?rest_route=\/wp\/v2\/media\/31464"}],"wp:attachment":[{"href":"https:\/\/miradordeatarfe.es\/index.php?rest_route=%2Fwp%2Fv2%2Fmedia&parent=31463"}],"wp:term":[{"taxonomy":"category","embeddable":true,"href":"https:\/\/miradordeatarfe.es\/index.php?rest_route=%2Fwp%2Fv2%2Fcategories&post=31463"},{"taxonomy":"post_tag","embeddable":true,"href":"https:\/\/miradordeatarfe.es\/index.php?rest_route=%2Fwp%2Fv2%2Ftags&post=31463"}],"curies":[{"name":"wp","href":"https:\/\/api.w.org\/{rel}","templated":true}]}}