{"id":31545,"date":"2019-05-09T11:38:36","date_gmt":"2019-05-09T09:38:36","guid":{"rendered":"http:\/\/miradordeatarfe.es\/?p=31545"},"modified":"2019-05-09T13:39:50","modified_gmt":"2019-05-09T11:39:50","slug":"i-jornada-para-revalorizar-y-divulgar-la-importancia-del-yacimiento-de-medina-elvira","status":"publish","type":"post","link":"https:\/\/miradordeatarfe.es\/?p=31545","title":{"rendered":"Atarfe: I Jornada para revalorizar y divulgar la importancia del yacimiento de Medina Elvira"},"content":{"rendered":"\n<h4 class=\"wp-block-heading\"> Expertos en Historia Medieval y arque\u00f3logos del equipo redactor  del  Plan Director Medina Elvira y de la Junta de Andaluc\u00eda realizar\u00e1n   propuestas para revalorizar y divulgar uno de los principales   asentamientos hist\u00f3ricos de Europa. <\/h4>\n\n\n\n<p>El Ayuntamiento de Atarfe y el equipo redactor del Plan Director de \nMedina Elvira organizan el martes 14 de mayo una jornada informativa \nsobre el yacimiento arqueol\u00f3gico de Atarfe que pretende revalorizar y \ndivulgar uno de los principales asentamientos hist\u00f3ricos de Europa entre\n los siglos VII y XI.<\/p>\n\n\n\n<p>La jornada que tendr\u00e1 lugar en el Centro Cultural Medina Elvira, en \nhorario de 16 a 20 horas, incluye una conferencia y varias charlas \nt\u00e9cnicas que guardan relaci\u00f3n con las investigaciones realizadas en \nMedina Elvira, las acciones y propuestas para proteger el yacimiento, \nlos proyectos de conservaci\u00f3n y musealizaci\u00f3n, y los planes de \ncomunicaci\u00f3n y difusi\u00f3n.<\/p>\n\n\n\n<p>La inauguraci\u00f3n correr\u00e1 a cargo del alcalde de Atarfe, <strong>Francisco Rodr\u00edguez Quesada<\/strong>, y en la jornada est\u00e1 prevista la participaci\u00f3n de <strong>Antonio Malpica Cuello<\/strong>, catedr\u00e1tico de Historia Medieval de la Universidad de Granada; <strong>Guillermo Garc\u00eda-Contreras<\/strong>, investigador del proyecto de Medina Elvira; <strong>Juan Ca\u00f1avate<\/strong>,\n arque\u00f3logo de la Delegaci\u00f3n Territorial de Cultura de la Junta de \nAndaluc\u00eda; los arquitectos del equipo redactor del Plan Director <strong>Pablo Montes Medialdea<\/strong>, <strong>Inmaculada Raya<\/strong> y <strong>Jos\u00e9 Javier \u00c1lvarez<\/strong>; <strong>Juan Carlos Torres Cantero<\/strong>, catedr\u00e1tico del Departamento de Lenguajes y Sistemas Inform\u00e1ticos de la UGR; y <strong>Luis Do\u00f1a Toledo<\/strong>, profesor del Departamento de Comercializaci\u00f3n e Investigaci\u00f3n de Mercados de la UGR.<\/p>\n\n\n\n<p>La entrada es gratuita hasta completar aforo.<\/p>\n\n\n\n<figure class=\"wp-block-image\"><img data-recalc-dims=\"1\" loading=\"lazy\" decoding=\"async\" width=\"640\" height=\"453\" src=\"https:\/\/i0.wp.com\/miradordeatarfe.es\/wp-content\/uploads\/2019\/05\/D%C3%ADptico-1.jpg?resize=640%2C453&#038;ssl=1\" alt=\"\" class=\"wp-image-31572\" srcset=\"https:\/\/i0.wp.com\/miradordeatarfe.es\/wp-content\/uploads\/2019\/05\/D%C3%ADptico-1.jpg?resize=1024%2C724&amp;ssl=1 1024w, https:\/\/i0.wp.com\/miradordeatarfe.es\/wp-content\/uploads\/2019\/05\/D%C3%ADptico-1.jpg?resize=300%2C212&amp;ssl=1 300w, https:\/\/i0.wp.com\/miradordeatarfe.es\/wp-content\/uploads\/2019\/05\/D%C3%ADptico-1.jpg?resize=768%2C543&amp;ssl=1 768w, https:\/\/i0.wp.com\/miradordeatarfe.es\/wp-content\/uploads\/2019\/05\/D%C3%ADptico-1.jpg?resize=600%2C424&amp;ssl=1 600w, https:\/\/i0.wp.com\/miradordeatarfe.es\/wp-content\/uploads\/2019\/05\/D%C3%ADptico-1.jpg?resize=1320%2C933&amp;ssl=1 1320w, https:\/\/i0.wp.com\/miradordeatarfe.es\/wp-content\/uploads\/2019\/05\/D%C3%ADptico-1.jpg?w=1920&amp;ssl=1 1920w\" sizes=\"auto, (max-width: 640px) 100vw, 640px\" \/><figcaption><br><br><\/figcaption><\/figure>\n\n\n\n<figure class=\"wp-block-image\"><img data-recalc-dims=\"1\" loading=\"lazy\" decoding=\"async\" width=\"640\" height=\"453\" src=\"https:\/\/i0.wp.com\/miradordeatarfe.es\/wp-content\/uploads\/2019\/05\/D%C3%ADptico-2.jpg?resize=640%2C453&#038;ssl=1\" alt=\"\" class=\"wp-image-31573\" srcset=\"https:\/\/i0.wp.com\/miradordeatarfe.es\/wp-content\/uploads\/2019\/05\/D%C3%ADptico-2.jpg?resize=1024%2C724&amp;ssl=1 1024w, https:\/\/i0.wp.com\/miradordeatarfe.es\/wp-content\/uploads\/2019\/05\/D%C3%ADptico-2.jpg?resize=300%2C212&amp;ssl=1 300w, https:\/\/i0.wp.com\/miradordeatarfe.es\/wp-content\/uploads\/2019\/05\/D%C3%ADptico-2.jpg?resize=768%2C543&amp;ssl=1 768w, https:\/\/i0.wp.com\/miradordeatarfe.es\/wp-content\/uploads\/2019\/05\/D%C3%ADptico-2.jpg?resize=600%2C424&amp;ssl=1 600w, https:\/\/i0.wp.com\/miradordeatarfe.es\/wp-content\/uploads\/2019\/05\/D%C3%ADptico-2.jpg?resize=1320%2C933&amp;ssl=1 1320w, https:\/\/i0.wp.com\/miradordeatarfe.es\/wp-content\/uploads\/2019\/05\/D%C3%ADptico-2.jpg?w=1920&amp;ssl=1 1920w\" sizes=\"auto, (max-width: 640px) 100vw, 640px\" \/><\/figure>\n","protected":false},"excerpt":{"rendered":"<p>Expertos en Historia Medieval y arque\u00f3logos del equipo redactor del Plan Director Medina Elvira y&#8230;<\/p>\n","protected":false},"author":1,"featured_media":31546,"comment_status":"closed","ping_status":"closed","sticky":false,"template":"","format":"standard","meta":{"_coblocks_attr":"","_coblocks_dimensions":"","_coblocks_responsive_height":"","_coblocks_accordion_ie_support":"","jetpack_post_was_ever_published":false,"_jetpack_newsletter_access":"","_jetpack_dont_email_post_to_subs":false,"_jetpack_newsletter_tier_id":0,"_jetpack_memberships_contains_paywalled_content":false,"_jetpack_memberships_contains_paid_content":false,"footnotes":"","jetpack_publicize_message":"","jetpack_publicize_feature_enabled":true,"jetpack_social_post_already_shared":false,"jetpack_social_options":{"image_generator_settings":{"template":"highway","default_image_id":0,"enabled":false},"version":2}},"categories":[2,12,1225,186,5359,44,15],"tags":[79,943,378],"class_list":["post-31545","post","type-post","status-publish","format-standard","has-post-thumbnail","hentry","category-atarfe","category-cultura","category-ha-de-atarfe","category-instituciones","category-madinat-ilbira","category-noticias-de-hoy","category-ultimas-noticias","tag-medina-elvira","tag-plan-director","tag-proyectos"],"jetpack_publicize_connections":[],"jetpack_featured_media_url":"https:\/\/i0.wp.com\/miradordeatarfe.es\/wp-content\/uploads\/2019\/05\/medina-elvira-1-3.jpg?fit=700%2C466&ssl=1","jetpack_likes_enabled":true,"jetpack_sharing_enabled":true,"_links":{"self":[{"href":"https:\/\/miradordeatarfe.es\/index.php?rest_route=\/wp\/v2\/posts\/31545","targetHints":{"allow":["GET"]}}],"collection":[{"href":"https:\/\/miradordeatarfe.es\/index.php?rest_route=\/wp\/v2\/posts"}],"about":[{"href":"https:\/\/miradordeatarfe.es\/index.php?rest_route=\/wp\/v2\/types\/post"}],"author":[{"embeddable":true,"href":"https:\/\/miradordeatarfe.es\/index.php?rest_route=\/wp\/v2\/users\/1"}],"replies":[{"embeddable":true,"href":"https:\/\/miradordeatarfe.es\/index.php?rest_route=%2Fwp%2Fv2%2Fcomments&post=31545"}],"version-history":[{"count":2,"href":"https:\/\/miradordeatarfe.es\/index.php?rest_route=\/wp\/v2\/posts\/31545\/revisions"}],"predecessor-version":[{"id":31574,"href":"https:\/\/miradordeatarfe.es\/index.php?rest_route=\/wp\/v2\/posts\/31545\/revisions\/31574"}],"wp:featuredmedia":[{"embeddable":true,"href":"https:\/\/miradordeatarfe.es\/index.php?rest_route=\/wp\/v2\/media\/31546"}],"wp:attachment":[{"href":"https:\/\/miradordeatarfe.es\/index.php?rest_route=%2Fwp%2Fv2%2Fmedia&parent=31545"}],"wp:term":[{"taxonomy":"category","embeddable":true,"href":"https:\/\/miradordeatarfe.es\/index.php?rest_route=%2Fwp%2Fv2%2Fcategories&post=31545"},{"taxonomy":"post_tag","embeddable":true,"href":"https:\/\/miradordeatarfe.es\/index.php?rest_route=%2Fwp%2Fv2%2Ftags&post=31545"}],"curies":[{"name":"wp","href":"https:\/\/api.w.org\/{rel}","templated":true}]}}