{"id":31580,"date":"2019-05-12T11:30:32","date_gmt":"2019-05-12T09:30:32","guid":{"rendered":"http:\/\/miradordeatarfe.es\/?p=31580"},"modified":"2019-05-10T13:14:18","modified_gmt":"2019-05-10T11:14:18","slug":"el-futbol-y-la-vida-por-juan-alfredo-bellon","status":"publish","type":"post","link":"https:\/\/miradordeatarfe.es\/?p=31580","title":{"rendered":"EL F\u00daTBOL Y LA VIDA\t por JUAN ALFREDO BELL\u00d3N"},"content":{"rendered":"\n<p><strong><em>EL F\u00daTBOL Y LA VIDA <\/em><\/strong><strong>por JUAN ALFREDO BELL\u00d3N<\/strong> <strong>para EL MIRADOR DE ATARFE del domingo 12-05-2019<\/strong><\/p>\n\n\n\n<p>Lo tengo escrito y lo repito\nahora que est\u00e1 reciente la derrota reciente del Bar\u00e7a en&nbsp; Liverpool el pasado martes, en las\nsemifinales de la Champions Ligue: ni en el f\u00fatbol ni en la vida hay nada\nescrito, y menos en aquel que en esta. Primero, porque el f\u00fatbol es un juego de\nsupremac\u00edas psicof\u00edsicas muy&nbsp;\nsofisticadas y poco o nada se sabe de las unas o de o de las otras en\norden a la competici\u00f3n porque a la gente, a la hora de competir, se le secan\nlas madres del cante y se le abren las meninges y sin saber c\u00f3mo, se quedan sin\nideas <em>en la cabeza de arriba<\/em> y les empiezan a entrar los goles por la\nporter\u00eda como por ensalmo y no les sirve de nada ser sobrinos de San Jordi&nbsp; ni devotos de la Moreneta, ni tener un \u00e1tico\nen el Enxample ni una mass\u00eda en Torre d&#8217;\u00c9mbarra porque los&nbsp; demonios de Anfield fueron los due\u00f1os\nabsolutos del bacalao y no hubo manera de repartirlo ni de pararlos.<\/p>\n\n\n\n<p>&nbsp;&nbsp;&nbsp;&nbsp;&nbsp;&nbsp;&nbsp;&nbsp;&nbsp;&nbsp;&nbsp; Si como dicen, el f\u00fatbol es una met\u00e1fora de la vida y\nDios maneja las diabluras del bal\u00f3n gobernando los caprichos de Messi, que es\nsu profeta, entonces el martes 07 del 05 del 2019 se apagaron las luces del Para\u00edso\nen la P\u00e9rfida Albi\u00f3n y solo qued\u00f3 la desolaci\u00f3n en casa de los inventores de la\nbutifarra y no hubo barretina que ponerle al C<em>aganet<\/em> ni tambor donde\nrepicara el joven <em>Tambor del Bruch <\/em>para marcar el paso de este que fue\nmucho m\u00e1s que un club pero mucho menos que un equipo de f\u00fatbol en las\nsemifinales de la Champions del 2019 que, para m\u00e1s <em>inri, <\/em>se disputar\u00e1 en\nMadrid en el Wanda Metropolitano el pr\u00f3ximo mes de junio de los corrientes. Y\nas\u00ed como,&nbsp; contra todo pron\u00f3stico, el\nAjax de Amsterdam sucumbi\u00f3 ante el Totenham de Pochetino y se clasific\u00f3 para\nuna final supremacista brit\u00e1nica con el recientemente victorioso Liverpool, as\u00ed\ntambi\u00e9n, en pleno <em>brexit<\/em>, el Reino Uunido de la Gran Breta\u00f1a sigue sin\npagar y cobrando de Europa, convertido en un moroso cr\u00f3nico al que ya le da\nigual t\u00fas que m\u00fas.<\/p>\n\n\n\n<p>&nbsp;&nbsp;&nbsp;&nbsp;&nbsp;&nbsp;&nbsp;&nbsp;&nbsp;&nbsp;&nbsp; Y para que no decaiga la fiesta, en N\u00e1poles, feudo\nhist\u00f3rico de los Borbones, le cantaron el otro d\u00eda al Rey Em\u00e9rito y a su propio\nhijo don Felipe la letra del himno de Espa\u00f1a compuesta por Pem\u00e1n durante la\nSegunda Rep\u00fablica para contrarrestar aquella instituci\u00f3n laica, cosa que\nencajaron ambos monarcas sin pesta\u00f1ear puesto que a ambos, aunque no les iba la\nm\u00fasica del himno de Riego, si que les iba la letra de don Jos\u00e9 Mar\u00eda y su\ninterpretaci\u00f3n, por un orfe\u00f3n italiano ad hoc, la consideraron aceptable y la\ndieron por buena como <em>pelillos a la mar<\/em> del protocolo, salt\u00e1ndose a la\ntorera lo que marca el art\u00edculo correspondiente de la Constituci\u00f3n a unas\nfechas del inicio de la nueva campa\u00f1a electoral, Local, Auton\u00f3mica y Europea,\nque nos ha recetado Pedro S\u00e1nchez en una monodosis (una en esencia, trino en\npersonas) como el misterio de la Sant\u00edsima Trinidad y ya solo nos queda\nentregar la cuchara en la Mesa Electoral Central para que all\u00ed elijan&nbsp;&nbsp; a Iceta como candidato a la Presidencia del\nSenado por el PSOE como <em>un gesto<\/em> con Catalu\u00f1a para que <em>se laman bien<\/em>\nlas heridas tras la derrota del Bar\u00e7a y el aplazamiento (por ahora) de la\naplicaci\u00f3n del art\u00edculo 155 de la Constituci\u00f3n, por lo menos hasta la\ncelebraci\u00f3n de la Final de la Copa del Rey (la de la Reina se celebrar\u00e1 aqu\u00ed en\nGranada)&nbsp; cuando ya haya pasado el\npeligro eminente de sedici\u00f3n en un espacio p\u00fablico.<\/p>\n\n\n\n<p>\u00a0\u00a0\u00a0\u00a0\u00a0\u00a0\u00a0\u00a0\u00a0\u00a0\u00a0 <em>Con esto y un bizcocho, hasta ma\u00f1ana a las ocho <\/em>en que tendr\u00e1n lugar\u00a0 las verdaderas conversaciones para nombrar Gobierno y se empezar\u00e1 a gobernar de una pu\u00f1etera vez si Dios quiere y el PP no lo remedia, que ya va siendo hora de empezar a cuidarnos de los asuntos de nuestra casa aunque entonces habr\u00e1 quien invoque la necesidad de un consenso amplio para aprobar las grandes leyes de la naci\u00f3n: Sanidad, Educaci\u00f3n, Poder Judicial, Relaciones Laborales, Reforma de la Banca, etc. para las que algunos dir\u00e1n que hacen falta nuevas Elecciones Generales para formar nuevas mayor\u00edas y as\u00ed sucesivamente y dale Perico al torno, etc., etc. Y la Ley del Deporte sin dictaminar y el Bar\u00e7a en crisis y la\nFederaci\u00f3n Espa\u00f1ola gobernada por un ni\u00f1ato de Motril y la Liga por un\nmegal\u00f3mano obstruccionista y as\u00ed sucesivamente hasta la derrota final.<\/p>\n","protected":false},"excerpt":{"rendered":"<p>EL F\u00daTBOL Y LA VIDA por JUAN ALFREDO BELL\u00d3N para EL MIRADOR DE ATARFE del&#8230;<\/p>\n","protected":false},"author":1,"featured_media":31581,"comment_status":"closed","ping_status":"closed","sticky":false,"template":"","format":"standard","meta":{"_coblocks_attr":"","_coblocks_dimensions":"","_coblocks_responsive_height":"","_coblocks_accordion_ie_support":"","jetpack_post_was_ever_published":false,"_jetpack_newsletter_access":"","_jetpack_dont_email_post_to_subs":false,"_jetpack_newsletter_tier_id":0,"_jetpack_memberships_contains_paywalled_content":false,"_jetpack_memberships_contains_paid_content":false,"footnotes":"","jetpack_publicize_message":"","jetpack_publicize_feature_enabled":true,"jetpack_social_post_already_shared":false,"jetpack_social_options":{"image_generator_settings":{"template":"highway","default_image_id":0,"enabled":false},"version":2}},"categories":[1161,182,36,44,15],"tags":[171,666],"class_list":["post-31580","post","type-post","status-publish","format-standard","has-post-thumbnail","hentry","category-ciudadania","category-deportes","category-opinion-de-juan-alfredo-bellon","category-noticias-de-hoy","category-ultimas-noticias","tag-elecciones","tag-futbol"],"jetpack_publicize_connections":[],"jetpack_featured_media_url":"https:\/\/i0.wp.com\/miradordeatarfe.es\/wp-content\/uploads\/2019\/05\/5cd1e59bb113e.jpeg?fit=1214%2C697&ssl=1","jetpack_likes_enabled":true,"jetpack_sharing_enabled":true,"_links":{"self":[{"href":"https:\/\/miradordeatarfe.es\/index.php?rest_route=\/wp\/v2\/posts\/31580","targetHints":{"allow":["GET"]}}],"collection":[{"href":"https:\/\/miradordeatarfe.es\/index.php?rest_route=\/wp\/v2\/posts"}],"about":[{"href":"https:\/\/miradordeatarfe.es\/index.php?rest_route=\/wp\/v2\/types\/post"}],"author":[{"embeddable":true,"href":"https:\/\/miradordeatarfe.es\/index.php?rest_route=\/wp\/v2\/users\/1"}],"replies":[{"embeddable":true,"href":"https:\/\/miradordeatarfe.es\/index.php?rest_route=%2Fwp%2Fv2%2Fcomments&post=31580"}],"version-history":[{"count":1,"href":"https:\/\/miradordeatarfe.es\/index.php?rest_route=\/wp\/v2\/posts\/31580\/revisions"}],"predecessor-version":[{"id":31582,"href":"https:\/\/miradordeatarfe.es\/index.php?rest_route=\/wp\/v2\/posts\/31580\/revisions\/31582"}],"wp:featuredmedia":[{"embeddable":true,"href":"https:\/\/miradordeatarfe.es\/index.php?rest_route=\/wp\/v2\/media\/31581"}],"wp:attachment":[{"href":"https:\/\/miradordeatarfe.es\/index.php?rest_route=%2Fwp%2Fv2%2Fmedia&parent=31580"}],"wp:term":[{"taxonomy":"category","embeddable":true,"href":"https:\/\/miradordeatarfe.es\/index.php?rest_route=%2Fwp%2Fv2%2Fcategories&post=31580"},{"taxonomy":"post_tag","embeddable":true,"href":"https:\/\/miradordeatarfe.es\/index.php?rest_route=%2Fwp%2Fv2%2Ftags&post=31580"}],"curies":[{"name":"wp","href":"https:\/\/api.w.org\/{rel}","templated":true}]}}