{"id":3178,"date":"2015-09-09T09:04:37","date_gmt":"2015-09-09T09:04:37","guid":{"rendered":"http:\/\/miradordeatarfe.es\/?p=3178"},"modified":"2015-09-10T07:51:04","modified_gmt":"2015-09-10T07:51:04","slug":"cinco-pasos-para-organizar-el-primer-dia-de-clase","status":"publish","type":"post","link":"https:\/\/miradordeatarfe.es\/?p=3178","title":{"rendered":"Cinco pasos para organizar el primer d\u00eda de clase."},"content":{"rendered":"<p>El primer d\u00eda de clase es \u00fanico, tenemos que tener en cuenta, que <strong>la primera impresi\u00f3n solo se recibe una vez<\/strong> y de est\u00e1, va a depender la percepci\u00f3n que el alumnado va a tener de sus maestros y la forma en que se va a implicar emocionalmente en las\u00a0 clases.<!--more--><\/p>\n<p>Aqu\u00ed os planteo cinco elementos, que espero\u00a0os\u00a0sean \u00fatiles\u00a0y que\u00a0pueden ayudaros a comenzar con buen pie el curso: generando grupo, esp\u00edritu colaborativo y \u201cbuen rollo\u201d. En definitiva se trata de\u00a0crear un clima de clase facilitador del aprendizaje.<\/p>\n<p>&nbsp;<\/p>\n<ol>\n<li>Tenemos que ser\u00a0conscientes que es el primer d\u00eda de clase\u00a0<strong>para ellos y para nosotros<\/strong>, compartimos los nervios, la inquietud y el cambio de ritmo despu\u00e9s del verano, tambi\u00e9n compartimos la ilusi\u00f3n y las ganas de vivir en positivo el\u00a0curso que comenzamos, como es l\u00f3gico lo dedicaremos a \u00a0las <strong>presentaciones<\/strong>, el tiempo que nos <strong>\u201centretengamos\u201d<\/strong> en est\u00e1 tarea lo ganaremos con creces en el desarrollo del curso.<a href=\"https:\/\/i0.wp.com\/miradordeatarfe.es\/wp-content\/uploads\/2015\/09\/frato-2.jpg?ssl=1\"><img data-recalc-dims=\"1\" loading=\"lazy\" decoding=\"async\" class=\"alignnone size-full wp-image-3180\" src=\"https:\/\/i0.wp.com\/miradordeatarfe.es\/wp-content\/uploads\/2015\/09\/frato-2.jpg?resize=226%2C269&#038;ssl=1\" alt=\"frato-2\" width=\"226\" height=\"269\" \/><\/a><\/li>\n<li>Primero nos presentaremos como <strong>profesor o profesora<\/strong>, con el nombre solo no ser\u00e1 suficiente, les tendr\u00edamos que contar de d\u00f3nde somos, qu\u00e9 hemos estudiado, alguna an\u00e9cdota simp\u00e1tica o significativa de lo que nos animo en nuestra elecci\u00f3n profesional,\u00a0\u00a0que aficiones tenemos, como nos gustar\u00eda que se dirigieran a nosotros y c\u00f3mo personalmente nos gustar\u00eda que resultar\u00e1 el curso. \u00a0<a href=\"https:\/\/josechuferreras.files.wordpress.com\/2013\/09\/aulatecnia.png\"><img data-recalc-dims=\"1\" loading=\"lazy\" decoding=\"async\" class=\"alignright size-medium wp-image-2788\" src=\"https:\/\/josechuferreras.files.wordpress.com\/2013\/09\/aulatecnia.png?w=300&#038;h=213&#038;fit=300%2C213&#038;resize=300%2C213\" alt=\"Aulatecnia\" width=\"300\" height=\"213\" \/><\/a><\/li>\n<li>Despu\u00e9s les tocar\u00e1 <strong>presentarse a ellos,<\/strong> aunque hay muchas t\u00e9cnicas para hacerlo, a mi me gusta especialmente la presentaci\u00f3n <strong>por parejas<\/strong>. Se entrega a cada uno una ficha (Nombre, lugar y d\u00eda de nacimiento, aficiones, deporte, qu\u00e9 esperan del curso, que les gustar\u00eda ser el d\u00eda de ma\u00f1ana, etc.) para que la completen, a continuaci\u00f3n se distribuye la clase en parejas y les damos cinco minutos para que se cuenten uno a otro lo que han puesto en la ficha. Terminamos realizando una ronda de presentaciones en la que cada uno presenta al otro con el que ha compartido la informaci\u00f3n . Ya <strong>les vamos conociendo<\/strong>, todos hablan, a todos les hemos escuchado, todos han sido presentados, tambi\u00e9n ellos se van conociendo y nos van conociendo.\u00a0<a href=\"https:\/\/i0.wp.com\/miradordeatarfe.es\/wp-content\/uploads\/2015\/09\/frato-1.jpg?ssl=1\"><img data-recalc-dims=\"1\" loading=\"lazy\" decoding=\"async\" class=\"alignnone size-full wp-image-3179\" src=\"https:\/\/i0.wp.com\/miradordeatarfe.es\/wp-content\/uploads\/2015\/09\/frato-1.jpg?resize=253%2C199&#038;ssl=1\" alt=\"frato-1\" width=\"253\" height=\"199\" \/><\/a><\/li>\n<li>Terrminaremos la clase present\u00e1ndoles <strong>con rigor<\/strong> y como <strong>alcanzables <\/strong>(aunque con esfuerzo)<strong>\u00a0<\/strong>los objetivos y los contenidos del programa, no es necesario ser muy exhaustivo, ya habr\u00e1 tiempo; tambi\u00e9n les contaremos\u00a0\u00a0nuestra forma de evaluar en lo que nos vamos a fijar m\u00e1s y que es lo que pretendemos, hablaremos\u00a0tambi\u00e9n\u00a0de la forma en la que vamos a desarrollar las clases, de los trabajos que van a realizar y de las <strong>actividades complementarias<\/strong> que vamos a realizar (salidas, excursiones, visitas, etc.).<\/li>\n<li>Antes de despedirnos finalizaremos la sesi\u00f3n pidi\u00e9ndoles que echen un <strong>vistazo al libro de texto<\/strong> para que se vayan familiarizando con la asignatura.Ahora, es el momento de <strong>presentares el curso o la asignatura<\/strong>, es el momento de aprovechar la motivaci\u00f3n inicial y el clima creado en la presentaci\u00f3n para predisponerles\u00a0positivamente con respecto al curso o la asignatura.\u00a0Para ello \u00a0podr\u00edamos <strong>abrir un debate<\/strong> sobre lo que piensan que van a estudiar o de qu\u00e9 trata nuestra asignatura, para facilitar el debate tambi\u00e9n podemos ponerles un v\u00eddeo (de no m\u00e1s de 6 minutos) en el que aparezcan los avances lo que ha aportado la materia a la humanidad,\u00a0para que sirve\u00a0o de donde est\u00e1n los retos que se plantea, tambi\u00e9n podemos contarles alguna an\u00e9cdota nuestra o de los eruditos en la materia que les motive para hacer el esfuerzo de entenderla y estudiarla. \u00a0<a href=\"https:\/\/i0.wp.com\/miradordeatarfe.es\/wp-content\/uploads\/2015\/09\/frato-3.jpeg?ssl=1\"><img data-recalc-dims=\"1\" loading=\"lazy\" decoding=\"async\" class=\"alignnone size-full wp-image-3181\" src=\"https:\/\/i0.wp.com\/miradordeatarfe.es\/wp-content\/uploads\/2015\/09\/frato-3.jpeg?resize=285%2C300&#038;ssl=1\" alt=\"frato-3\" width=\"285\" height=\"300\" \/><\/a><\/li>\n<\/ol>\n<address>Las vi\u00f1etas son de Frato y de Aulatecnia.\u00a0<\/address>\n<address>\u00a0<\/address>\n<address>publicado en <a href=\"https:\/\/josechuferreras.wordpress.com\/2013\/09\/05\/cinco-pasos-para-organizar-el-primer-dia-de-clase\/\">: https:\/\/josechuferreras.wordpress.com\/2013\/09\/05\/cinco-pasos-para-organizar-el-primer-dia-de-clase\/<\/a><\/address>\n","protected":false},"excerpt":{"rendered":"<p>El primer d\u00eda de clase es \u00fanico, tenemos que tener en cuenta, que la primera&#8230;<\/p>\n","protected":false},"author":1,"featured_media":3182,"comment_status":"closed","ping_status":"closed","sticky":false,"template":"","format":"standard","meta":{"_coblocks_attr":"","_coblocks_dimensions":"","_coblocks_responsive_height":"","_coblocks_accordion_ie_support":"","jetpack_post_was_ever_published":false,"_jetpack_newsletter_access":"","_jetpack_dont_email_post_to_subs":false,"_jetpack_newsletter_tier_id":0,"_jetpack_memberships_contains_paywalled_content":false,"_jetpack_memberships_contains_paid_content":false,"footnotes":"","jetpack_publicize_message":"","jetpack_publicize_feature_enabled":true,"jetpack_social_post_already_shared":false,"jetpack_social_options":{"image_generator_settings":{"template":"highway","default_image_id":0,"enabled":false},"version":2}},"categories":[187,15],"tags":[1146,1148,1147],"class_list":["post-3178","post","type-post","status-publish","format-standard","has-post-thumbnail","hentry","category-centros-educativos","category-ultimas-noticias","tag-nuevo-curso","tag-presentaciones","tag-primer-dia-de-clase"],"jetpack_publicize_connections":[],"jetpack_featured_media_url":"https:\/\/i0.wp.com\/miradordeatarfe.es\/wp-content\/uploads\/2015\/09\/4522_te-gusto-tu-primer-dia-de-clase.jpg?fit=480%2C385&ssl=1","jetpack_likes_enabled":true,"jetpack_sharing_enabled":true,"_links":{"self":[{"href":"https:\/\/miradordeatarfe.es\/index.php?rest_route=\/wp\/v2\/posts\/3178","targetHints":{"allow":["GET"]}}],"collection":[{"href":"https:\/\/miradordeatarfe.es\/index.php?rest_route=\/wp\/v2\/posts"}],"about":[{"href":"https:\/\/miradordeatarfe.es\/index.php?rest_route=\/wp\/v2\/types\/post"}],"author":[{"embeddable":true,"href":"https:\/\/miradordeatarfe.es\/index.php?rest_route=\/wp\/v2\/users\/1"}],"replies":[{"embeddable":true,"href":"https:\/\/miradordeatarfe.es\/index.php?rest_route=%2Fwp%2Fv2%2Fcomments&post=3178"}],"version-history":[{"count":1,"href":"https:\/\/miradordeatarfe.es\/index.php?rest_route=\/wp\/v2\/posts\/3178\/revisions"}],"predecessor-version":[{"id":3183,"href":"https:\/\/miradordeatarfe.es\/index.php?rest_route=\/wp\/v2\/posts\/3178\/revisions\/3183"}],"wp:featuredmedia":[{"embeddable":true,"href":"https:\/\/miradordeatarfe.es\/index.php?rest_route=\/wp\/v2\/media\/3182"}],"wp:attachment":[{"href":"https:\/\/miradordeatarfe.es\/index.php?rest_route=%2Fwp%2Fv2%2Fmedia&parent=3178"}],"wp:term":[{"taxonomy":"category","embeddable":true,"href":"https:\/\/miradordeatarfe.es\/index.php?rest_route=%2Fwp%2Fv2%2Fcategories&post=3178"},{"taxonomy":"post_tag","embeddable":true,"href":"https:\/\/miradordeatarfe.es\/index.php?rest_route=%2Fwp%2Fv2%2Ftags&post=3178"}],"curies":[{"name":"wp","href":"https:\/\/api.w.org\/{rel}","templated":true}]}}