{"id":31831,"date":"2019-05-20T11:11:57","date_gmt":"2019-05-20T09:11:57","guid":{"rendered":"http:\/\/miradordeatarfe.es\/?p=31831"},"modified":"2019-12-28T12:31:02","modified_gmt":"2019-12-28T11:31:02","slug":"arreglos-en-el-sagrado-corazon-de-atarfe-por-jose-enrique-granados","status":"publish","type":"post","link":"https:\/\/miradordeatarfe.es\/?p=31831","title":{"rendered":"ARREGLOS EN EL SAGRADO CORAZ\u00d3N DE ATARFE por Jos\u00e9 Enrique Granados"},"content":{"rendered":"\n<h4 class=\"wp-block-heading\">En el libro de Actas de las Sesiones celebradas por el Ayuntamiento  de Atarfe en pleno, en la sesi\u00f3n extraordinaria n\u00famero 10, celebrada el 8  de junio de 1976, bajo la presidencia de Alfonso Bail\u00f3n Verdejo,  Alcalde-Presidente y con asistencia del secretario interventor se  acord\u00f3: \u201ccelebrar de la misma forma que en a\u00f1os anteriores, la  tradicional fiesta de la renovaci\u00f3n de la promesa y consagraci\u00f3n de  Atarfe al Sagrado Coraz\u00f3n de Jes\u00fas, que este a\u00f1o coincide con el 25 del  actual mes de junio.<\/h4>\n\n\n\n<p> Para lo cual la  Comisi\u00f3n de Festejos adoptar\u00e1 las medidas necesarias para que resulte  con el esplendor debido y contratar\u00e1 la banda de m\u00fasica que crea  pertinente.<\/p>\n\n\n\n<p> Y como quiera que el paseo de Santa Ana lugar donde se  encuentra erigido el monumento al Sagrado Coraz\u00f3n de Jes\u00fas, como conocen  todos los se\u00f1ores concejales, se halla en malas condiciones y en mal  estado de conservaci\u00f3n el pavimento, se proceder\u00e1, con la urgencia  posible, a llevar a cabo trabajos de parcheo, conservaci\u00f3n y normal  entretenimiento que sea necesario con cargo a la partida presupuestaria  de conservaci\u00f3n de caminos y v\u00edas p\u00fablicas\u201d.<\/p>\n\n\n\n<figure class=\"wp-block-image\"><img data-recalc-dims=\"1\" loading=\"lazy\" decoding=\"async\" width=\"616\" height=\"960\" src=\"https:\/\/i0.wp.com\/miradordeatarfe.es\/wp-content\/uploads\/2019\/05\/56890283_2245733245512678_8493514539004854272_n-1.jpg?resize=616%2C960&#038;ssl=1\" alt=\"\" class=\"wp-image-31833\" srcset=\"https:\/\/i0.wp.com\/miradordeatarfe.es\/wp-content\/uploads\/2019\/05\/56890283_2245733245512678_8493514539004854272_n-1.jpg?w=616&amp;ssl=1 616w, https:\/\/i0.wp.com\/miradordeatarfe.es\/wp-content\/uploads\/2019\/05\/56890283_2245733245512678_8493514539004854272_n-1.jpg?resize=193%2C300&amp;ssl=1 193w, https:\/\/i0.wp.com\/miradordeatarfe.es\/wp-content\/uploads\/2019\/05\/56890283_2245733245512678_8493514539004854272_n-1.jpg?resize=600%2C935&amp;ssl=1 600w\" sizes=\"auto, (max-width: 616px) 100vw, 616px\" \/><\/figure>\n\n\n\n<p> Fotograf\u00eda del monumento realizada en la I Gymkana fotogr\u00e1fica organizada por Serrano Fotograf\u00eda.<\/p>\n\n\n\n<p> Curiosidades elvirenses.<\/p>\n","protected":false},"excerpt":{"rendered":"<p>En el libro de Actas de las Sesiones celebradas por el Ayuntamiento de Atarfe en&#8230;<\/p>\n","protected":false},"author":1,"featured_media":0,"comment_status":"closed","ping_status":"closed","sticky":false,"template":"","format":"standard","meta":{"_coblocks_attr":"","_coblocks_dimensions":"","_coblocks_responsive_height":"","_coblocks_accordion_ie_support":"","jetpack_post_was_ever_published":false,"_jetpack_newsletter_access":"","_jetpack_dont_email_post_to_subs":false,"_jetpack_newsletter_tier_id":0,"_jetpack_memberships_contains_paywalled_content":false,"_jetpack_memberships_contains_paid_content":false,"footnotes":"","jetpack_publicize_message":"","jetpack_publicize_feature_enabled":true,"jetpack_social_post_already_shared":false,"jetpack_social_options":{"image_generator_settings":{"template":"highway","default_image_id":0,"enabled":false},"version":2}},"categories":[2,12,1225,186,38,44,15],"tags":[81,1464,1072],"class_list":["post-31831","post","type-post","status-publish","format-standard","hentry","category-atarfe","category-cultura","category-ha-de-atarfe","category-instituciones","category-opinion-de-jose-enrique-granados","category-noticias-de-hoy","category-ultimas-noticias","tag-atarfe","tag-curiosidades","tag-sagrado-corazon"],"jetpack_publicize_connections":[],"jetpack_featured_media_url":"","jetpack_likes_enabled":true,"jetpack_sharing_enabled":true,"_links":{"self":[{"href":"https:\/\/miradordeatarfe.es\/index.php?rest_route=\/wp\/v2\/posts\/31831","targetHints":{"allow":["GET"]}}],"collection":[{"href":"https:\/\/miradordeatarfe.es\/index.php?rest_route=\/wp\/v2\/posts"}],"about":[{"href":"https:\/\/miradordeatarfe.es\/index.php?rest_route=\/wp\/v2\/types\/post"}],"author":[{"embeddable":true,"href":"https:\/\/miradordeatarfe.es\/index.php?rest_route=\/wp\/v2\/users\/1"}],"replies":[{"embeddable":true,"href":"https:\/\/miradordeatarfe.es\/index.php?rest_route=%2Fwp%2Fv2%2Fcomments&post=31831"}],"version-history":[{"count":2,"href":"https:\/\/miradordeatarfe.es\/index.php?rest_route=\/wp\/v2\/posts\/31831\/revisions"}],"predecessor-version":[{"id":36360,"href":"https:\/\/miradordeatarfe.es\/index.php?rest_route=\/wp\/v2\/posts\/31831\/revisions\/36360"}],"wp:attachment":[{"href":"https:\/\/miradordeatarfe.es\/index.php?rest_route=%2Fwp%2Fv2%2Fmedia&parent=31831"}],"wp:term":[{"taxonomy":"category","embeddable":true,"href":"https:\/\/miradordeatarfe.es\/index.php?rest_route=%2Fwp%2Fv2%2Fcategories&post=31831"},{"taxonomy":"post_tag","embeddable":true,"href":"https:\/\/miradordeatarfe.es\/index.php?rest_route=%2Fwp%2Fv2%2Ftags&post=31831"}],"curies":[{"name":"wp","href":"https:\/\/api.w.org\/{rel}","templated":true}]}}