{"id":3194,"date":"2015-09-09T09:35:47","date_gmt":"2015-09-09T09:35:47","guid":{"rendered":"http:\/\/miradordeatarfe.es\/?p=3194"},"modified":"2015-09-10T07:50:30","modified_gmt":"2015-09-10T07:50:30","slug":"el-ies-iliberis-reciben-de-manos-de-la-reina-leticia-premio-nacional-de-educacion-para-el-desarrollo-vicente-ferrer-2015","status":"publish","type":"post","link":"https:\/\/miradordeatarfe.es\/?p=3194","title":{"rendered":"El IES ILIBERIS reciben de manos de la reina Leticia,  Premio Nacional de Educaci\u00f3n para el Desarrollo -Vicente Ferrer- 2015"},"content":{"rendered":"<p>Hoy, d\u00eda 9 de septiembre, el director de nuestro IES, D. Antonio M\u00aa L\u00f3pez Oca\u00f1a, y el jefe de estudios, D. Carlos Castro Turri\u00f3n, recogen en Madrid el Premio Nacional de Cooperaci\u00f3n Internacional \u00abVicente Ferrer\u00bb otorgado a nuestro centro, de manos de la Reina Do\u00f1a Leticia.\u00a0 <span class=\"contenidos_titulo\">El Ayuntamiento de Atarfe elogia el compromiso contra la exclusi\u00f3n social de los alumnos del IES Il\u00edberis, Premio Nacional de Educaci\u00f3n.<\/span><!--more--><\/p>\n<div>El gobierno municipal felicita a la comunidad educativa por convertirse en \u00abun ejemplo necesario para construir una ciudadan\u00eda m\u00e1s participativa y solidaria\u00bb.<\/div>\n<div><\/div>\n<div>El Ayuntamiento de Atarfe ha trasladado su felicitaci\u00f3n al Instituto de Ense\u00f1anza Secundaria Il\u00edberis por la concesi\u00f3n del Premio Nacional de Educaci\u00f3n para el Desarrollo -Vicente Ferrer- 2015 que otorga la Agencia Espa\u00f1ola de Cooperaci\u00f3n Internacional para el Desarrollo (AECID).<\/div>\n<div><\/div>\n<div><img data-recalc-dims=\"1\" loading=\"lazy\" decoding=\"async\" src=\"https:\/\/i0.wp.com\/www.ciudadatarfe.com\/data\/fotos_contenidos_web\/1324_1589_20150908130940.jpg?resize=442%2C249\" alt=\"\" width=\"442\" height=\"249\" border=\"0\" \/><\/div>\n<div><\/div>\n<div>Los alumnos del centro recoger\u00e1n ma\u00f1ana, mi\u00e9rcoles, la distinci\u00f3n de manos de la reina Leticia por el trabajo desarrollado en los \u00faltimos a\u00f1os en su lucha y compromiso contra la pobreza y la exclusi\u00f3n social. El alcalde de Atarfe, Francisco Rodr\u00edguez Quesada, ha elogiado la labor realizada por la comunidad educativa del IES Il\u00edberis, \u00abun ejemplo necesario para construir una ciudadan\u00eda m\u00e1s participativa y solidaria\u00bb.<\/div>\n<div><\/div>\n<div>\u00abLos profesores y los alumnos del IES Il\u00edberis son los verdaderos protagonistas de una experiencia educativa \u00fanica, que pretende fomentar el esp\u00edritu cr\u00edtico e incentivar su participaci\u00f3n para lograr una sociedad m\u00e1s justa y solidaria\u00bb, ha destacado Rodr\u00edguez Quesada, que ha hecho extensible su felicitaci\u00f3n a los otros 14 centros educativos igualmente premiados en distintos lugares de la geograf\u00eda espa\u00f1ola.<\/div>\n<div><\/div>\n<div>El Ministerio de Asuntos Exteriores y Cooperaci\u00f3n hizo p\u00fablico el fallo de la s\u00e9ptima edici\u00f3n del Premio Nacional, que otorga la Presidencia de la AECID, el pasado d\u00eda 6 de julio mediante su publicaci\u00f3n en el Bolet\u00edn Oficial del Estado.<\/div>\n<div>El nuevo equipo de gobierno ofrecer\u00e1 una recepci\u00f3n a la comunidad educativa del IES Il\u00edberis que tendr\u00e1 lugar el pr\u00f3ximo mi\u00e9rcoles 16 de septiembre en el sal\u00f3n de actos del Ayuntamiento.<\/div>\n","protected":false},"excerpt":{"rendered":"<p>Hoy, d\u00eda 9 de septiembre, el director de nuestro IES, D. Antonio M\u00aa L\u00f3pez Oca\u00f1a,&#8230;<\/p>\n","protected":false},"author":1,"featured_media":3195,"comment_status":"closed","ping_status":"closed","sticky":false,"template":"","format":"standard","meta":{"_coblocks_attr":"","_coblocks_dimensions":"","_coblocks_responsive_height":"","_coblocks_accordion_ie_support":"","jetpack_post_was_ever_published":false,"_jetpack_newsletter_access":"","_jetpack_dont_email_post_to_subs":false,"_jetpack_newsletter_tier_id":0,"_jetpack_memberships_contains_paywalled_content":false,"_jetpack_memberships_contains_paid_content":false,"footnotes":"","jetpack_publicize_message":"","jetpack_publicize_feature_enabled":true,"jetpack_social_post_already_shared":false,"jetpack_social_options":{"image_generator_settings":{"template":"highway","default_image_id":0,"enabled":false},"version":2}},"categories":[2,187,15],"tags":[1151,27,1096],"class_list":["post-3194","post","type-post","status-publish","format-standard","has-post-thumbnail","hentry","category-atarfe","category-centros-educativos","category-ultimas-noticias","tag-cooperacion","tag-educacion","tag-premio"],"jetpack_publicize_connections":[],"jetpack_featured_media_url":"https:\/\/i0.wp.com\/miradordeatarfe.es\/wp-content\/uploads\/2015\/09\/vicenteferrer2.jpg?fit=1600%2C898&ssl=1","jetpack_likes_enabled":true,"jetpack_sharing_enabled":true,"_links":{"self":[{"href":"https:\/\/miradordeatarfe.es\/index.php?rest_route=\/wp\/v2\/posts\/3194","targetHints":{"allow":["GET"]}}],"collection":[{"href":"https:\/\/miradordeatarfe.es\/index.php?rest_route=\/wp\/v2\/posts"}],"about":[{"href":"https:\/\/miradordeatarfe.es\/index.php?rest_route=\/wp\/v2\/types\/post"}],"author":[{"embeddable":true,"href":"https:\/\/miradordeatarfe.es\/index.php?rest_route=\/wp\/v2\/users\/1"}],"replies":[{"embeddable":true,"href":"https:\/\/miradordeatarfe.es\/index.php?rest_route=%2Fwp%2Fv2%2Fcomments&post=3194"}],"version-history":[{"count":1,"href":"https:\/\/miradordeatarfe.es\/index.php?rest_route=\/wp\/v2\/posts\/3194\/revisions"}],"predecessor-version":[{"id":3196,"href":"https:\/\/miradordeatarfe.es\/index.php?rest_route=\/wp\/v2\/posts\/3194\/revisions\/3196"}],"wp:featuredmedia":[{"embeddable":true,"href":"https:\/\/miradordeatarfe.es\/index.php?rest_route=\/wp\/v2\/media\/3195"}],"wp:attachment":[{"href":"https:\/\/miradordeatarfe.es\/index.php?rest_route=%2Fwp%2Fv2%2Fmedia&parent=3194"}],"wp:term":[{"taxonomy":"category","embeddable":true,"href":"https:\/\/miradordeatarfe.es\/index.php?rest_route=%2Fwp%2Fv2%2Fcategories&post=3194"},{"taxonomy":"post_tag","embeddable":true,"href":"https:\/\/miradordeatarfe.es\/index.php?rest_route=%2Fwp%2Fv2%2Ftags&post=3194"}],"curies":[{"name":"wp","href":"https:\/\/api.w.org\/{rel}","templated":true}]}}