{"id":32147,"date":"2019-05-26T11:23:01","date_gmt":"2019-05-26T09:23:01","guid":{"rendered":"http:\/\/miradordeatarfe.es\/?p=32147"},"modified":"2020-06-26T13:25:19","modified_gmt":"2020-06-26T11:25:19","slug":"otra-hora-de-la-verdad-por-juan-alfredo-bellon","status":"publish","type":"post","link":"https:\/\/miradordeatarfe.es\/?p=32147","title":{"rendered":"OTRA HORA DE LA VERDAD por JUAN ALFREDO BELL\u00d3N"},"content":{"rendered":"\n<p><em><strong>OTRA HORA DE LA VERDAD<\/strong><\/em><strong>por JUAN ALFREDO BELL\u00d3N para EL MIRADOR DE ATARFE del domingo 26-05-2019<\/strong><\/p>\n\n\n\n<p>\n\tSin querer magnificar las cosas, ni sacarlas de quicio, hoy es un\nd\u00eda transcendente de nuestra historia pol\u00edtica reciente como pa\u00eds\ndemocr\u00e1tico: votamos por vez primera los ayuntamientos y cabildos\npara renovar las corporaciones locales tras las recientes Elecciones\nGenerales que han cambiado radicalmente el dibujo de sendas c\u00e1maras\nde representaci\u00f3n (Congreso de los Diputados y Senado) y que han\narrojado unos resultados novedosos al transformar los juegos de\nmayor\u00eda asignando una victoria amplia, aunque no absoluta, para el\nPSOE en el Congreso de los Diputados y otra, esta s\u00ed absoluta, para\nel mismo partido, en el caso del Senado.<\/p>\n\n\n\n<p>\n\tY todos los analistas han coincidido en interpretar el nuevo mapa\npol\u00edtico y el hundimiento del PP como una reacci\u00f3n del electorado\ncontra la corrupci\u00f3n del hasta hace poco partido hegem\u00f3nico en\nambas c\u00e1maras para castigar sus muchos casos de corrupci\u00f3n y la\nfalta de compromiso con  la verdad y la transparencia pol\u00edtica\nprecipitada a la opini\u00f3n p\u00fablica tras la victoria de la moci\u00f3n de\ncensura interpuesta por Pedro S\u00e1nchez contra el ex-presidente Rajoy.\nY h\u00e9tenos aqu\u00ed votando por en\u00e9sima vez para restablecer la\nnormalidad en la vida parlamentaria  contra viento y marea\nentendiendo por tales la crispaci\u00f3n y la desesperaci\u00f3n que reina en\nla derechona, ahora subdividida en tres facciones a cual m\u00e1s\ninestable e inestabilizadora: Partido Popular, Ciudadanos y Vox que\nse han coligado para desbancar al PSOE del gobierno de Andaluc\u00eda\npero que no  les dan los n\u00fameros para hacer lo mismo en el de la\nnaci\u00f3n y ahora estamos a la espera de los resultados de las\nMunicipales y Europeas que hoy se celebran para saber si se reedita\nel dise\u00f1o andaluz o el espa\u00f1ol u otro diferente. \n<\/p>\n\n\n\n<p> As\u00ed que este es nuestro panorama en l\u00edneas generales y estas nuestras expectativas: retroceder o avanzar hacia nuevas correlaciones de fuerzas con diferentes hegemon\u00edas que se resumen en el antagonismo de dos bloques de fuerzas: el del tripartito hegem\u00f3nico a la andaluza o \nel otro de centro-izquierda con la inclusi\u00f3n Unidas Podemos y de\notras fuerzas nacionalistas pero no abiertamente separatistas, que es\nel dise\u00f1o que est\u00e1 pendiente de los resultados electorales De las\nMunicipales y Europeas que hoy se celebran y en las que se espera un\ncierto giro a la izquierda con alguna sorpresa de uno u otro signo,\nsobre todo por la complejidad del r\u00e9gimen Local y por la volatilidad\ny la crisis instalada en la instancia Europea   \n<\/p>\n","protected":false},"excerpt":{"rendered":"<p>OTRA HORA DE LA VERDADpor JUAN ALFREDO BELL\u00d3N para EL MIRADOR DE ATARFE del domingo&#8230;<\/p>\n","protected":false},"author":1,"featured_media":0,"comment_status":"closed","ping_status":"closed","sticky":false,"template":"","format":"standard","meta":{"_coblocks_attr":"","_coblocks_dimensions":"","_coblocks_responsive_height":"","_coblocks_accordion_ie_support":"","jetpack_post_was_ever_published":false,"_jetpack_newsletter_access":"","_jetpack_dont_email_post_to_subs":false,"_jetpack_newsletter_tier_id":0,"_jetpack_memberships_contains_paywalled_content":false,"_jetpack_memberships_contains_paid_content":false,"footnotes":"","jetpack_publicize_message":"","jetpack_publicize_feature_enabled":true,"jetpack_social_post_already_shared":false,"jetpack_social_options":{"image_generator_settings":{"template":"highway","default_image_id":0,"enabled":false},"version":2}},"categories":[1161,36,44,15],"tags":[725,1053,846,42],"class_list":["post-32147","post","type-post","status-publish","format-standard","hentry","category-ciudadania","category-opinion-de-juan-alfredo-bellon","category-noticias-de-hoy","category-ultimas-noticias","tag-espana","tag-europa","tag-municipales","tag-politica"],"jetpack_publicize_connections":[],"jetpack_featured_media_url":"","jetpack_likes_enabled":true,"jetpack_sharing_enabled":true,"_links":{"self":[{"href":"https:\/\/miradordeatarfe.es\/index.php?rest_route=\/wp\/v2\/posts\/32147","targetHints":{"allow":["GET"]}}],"collection":[{"href":"https:\/\/miradordeatarfe.es\/index.php?rest_route=\/wp\/v2\/posts"}],"about":[{"href":"https:\/\/miradordeatarfe.es\/index.php?rest_route=\/wp\/v2\/types\/post"}],"author":[{"embeddable":true,"href":"https:\/\/miradordeatarfe.es\/index.php?rest_route=\/wp\/v2\/users\/1"}],"replies":[{"embeddable":true,"href":"https:\/\/miradordeatarfe.es\/index.php?rest_route=%2Fwp%2Fv2%2Fcomments&post=32147"}],"version-history":[{"count":1,"href":"https:\/\/miradordeatarfe.es\/index.php?rest_route=\/wp\/v2\/posts\/32147\/revisions"}],"predecessor-version":[{"id":32149,"href":"https:\/\/miradordeatarfe.es\/index.php?rest_route=\/wp\/v2\/posts\/32147\/revisions\/32149"}],"wp:attachment":[{"href":"https:\/\/miradordeatarfe.es\/index.php?rest_route=%2Fwp%2Fv2%2Fmedia&parent=32147"}],"wp:term":[{"taxonomy":"category","embeddable":true,"href":"https:\/\/miradordeatarfe.es\/index.php?rest_route=%2Fwp%2Fv2%2Fcategories&post=32147"},{"taxonomy":"post_tag","embeddable":true,"href":"https:\/\/miradordeatarfe.es\/index.php?rest_route=%2Fwp%2Fv2%2Ftags&post=32147"}],"curies":[{"name":"wp","href":"https:\/\/api.w.org\/{rel}","templated":true}]}}